{"id":136564,"date":"2022-10-06T10:15:24","date_gmt":"2022-10-06T14:15:24","guid":{"rendered":"https:\/\/www.bibula.com\/?p=136564"},"modified":"2022-10-23T20:36:45","modified_gmt":"2022-10-24T00:36:45","slug":"nigdy-w-historii-nie-bylismy-swiadkami-systematycznej-zdrady-wiary-moralnosci-liturgii-i-dyscypliny-koscielnej-wywiad-z-abp-vigano","status":"publish","type":"post","link":"https:\/\/www.bibula.com\/?p=136564","title":{"rendered":"&#8222;Nigdy w historii nie byli\u015bmy \u015bwiadkami tak systematycznej zdrady wiary, moralno\u015bci, liturgii i dyscypliny ko\u015bcielnej&#8221; &#8211; wywiad z Abp. Vigan\u00f2"},"content":{"rendered":"<p><em><strong>Przedstawiamy poni\u017cej transkrypcj\u0119 wywiadu z arcybiskupem Carlo Maria Vigan\u00f2, kt\u00f3ry odby\u0142 si\u0119 na \u017cywo podczas Catholic Identity Conference (CIC) w Pittsburghu 2 pa\u017adziernika 2022 roku. Wideo z wywiadem, jak i wszystkie rozmowy podczas CIC, kt\u00f3re zosta\u0142y nagrane s\u0105 dost\u0119pne do obejrzenia w (p\u0142atnej) Bibliotece The Remnant. Wywiad przeprowadzi\u0142 Michael Matt, redaktor naczelny katolickiego pisma The Remnant.<\/strong><br>\r\n<\/em><\/p>\r\n<p>&nbsp;<\/p>\r\n<p><strong>Michael Matt:&nbsp;<\/strong> <em>Wielu katolik\u00f3w uwa\u017ca dzi\u015b, \u017ce \u015awi\u0119ta Matka Ko\u015bci\u00f3\u0142 prze\u017cywa najgorszy kryzys w historii, przewy\u017cszaj\u0105cy nawet ten zwi\u0105zany z herezj\u0105 aria\u0144sk\u0105. Czy tak rzeczywi\u015bcie jest?&nbsp;<\/em><\/p>\r\n<p><strong>Arcybiskup Vigan<em>\u00f2<\/em>:<\/strong> Nie mog\u0119 powiedzie\u0107, czy ten kryzys jest najgorszym, z jakim Ko\u015bci\u00f3\u0142 b\u0119dzie musia\u0142 si\u0119 zmierzy\u0107 od teraz do ko\u0144ca czas\u00f3w. Z pewno\u015bci\u0105 jest najgorszy do tej pory, zar\u00f3wno ze wzgl\u0119du na dramatyczny odsetek apostazji, jak i letarg w jakim znajduje ni\u017cszy kler i wierni wobec dzia\u0142a\u0144 Hierarchii. Przy innych okazjach prze\u015bladowania by\u0142y bardziej zaciek\u0142e, ale znajdowa\u0142y op\u00f3r w Biskupach i sprzeciw u Katolik\u00f3w, kt\u00f3rzy mogli patrze\u0107 na Stolic\u0119 Piotrow\u0105 jako latarni\u0119 Prawdy i przeszkod\u0119 w ustanowieniu kr\u00f3lestwa Antychrysta. Dzi\u015b kat\u00e8chon odszed\u0142, przynajmniej tymczasowo, a Stolica Apostolska jest zajmowana przez zdeklarowanego wroga Ko\u015bcio\u0142a Chrystusowego.<\/p>\r\n<p>Nigdy w historii nie byli\u015bmy \u015bwiadkami systematycznej zdrady wiary, moralno\u015bci, liturgii i dyscypliny ko\u015bcielnej, popieranej, a nawet promowanej przez najwy\u017csz\u0105 w\u0142adz\u0119 Ko\u015bcio\u0142a, przy milcz\u0105cym wsp\u00f3\u0142udziale Hierarchii i bezkrytycznej akceptacji wielu duchownych i wiernych. Powag\u0119 tej sytuacji zwi\u0119ksza fakt, \u017ce dzie\u0142o rozk\u0142adu&nbsp; Ko\u015bcio\u0142a post\u0119puje w harmonii z wywrotowymi dzia\u0142aniami g\u0142\u0119bokiego pa\u0144stwa, skutkuj\u0105c tym, \u017ce katolicy s\u0105 obiektem podw\u00f3jnego ataku, jako wierz\u0105cy i jako obywatele.<\/p>\r\n<p>Te dwie niepodwa\u017calne rzeczywisto\u015bci \u0142\u0105czy nieugaszona nienawi\u015b\u0107 Szatana do Chrystusa, do Jego Ko\u015bcio\u0142a, do Jego \u015awi\u0119tego Prawa, do cywilizacji chrze\u015bcija\u0144skiej. To oszustwo jest tak oczywiste, \u017ce nie mo\u017ce by\u0107 d\u0142u\u017cej okre\u015blane jako &#8222;teoria spiskowa&#8221;.<\/p>\r\n<p>Je\u015bli si\u0119 nad tym zastanowi\u0107, dochodzimy do wniosku, \u017ce g\u0142\u00f3wni uczestnicy tego zbrodniczego planu &#8211; zar\u00f3wno w rz\u0105dach, jak i w Ko\u015bciele &#8211; wywodz\u0105 si\u0119 z tego samego, radykalnego&nbsp; \u015brodowiska, w kt\u00f3rym od lat sze\u015b\u0107dziesi\u0105tych rodzi\u0142 si\u0119 i wzrasta\u0142 soborowy &#8222;katolicki&#8221; progresywizm, pacyfizm, ekologizm, homoseksualizm i ca\u0142y repertuar lewicy. Jak ju\u017c powiedzia\u0142em, poszczeg\u00f3lni biskupi i ca\u0142a Hierarchia ostatnich dekad b\u0119d\u0105 musieli odpowiedzie\u0107 przed Bogiem i Histori\u0105 za sw\u00f3j wsp\u00f3\u0142udzia\u0142 w tym kryzysie, a wr\u0119cz za to, \u017ce byli w pewnym sensie jego inspiratorami i zwolennikami, abdykuj\u0105c z roli Ko\u015bcio\u0142a jako <em>Domina gentium<\/em>.<\/p>\r\n<p>&nbsp;<\/p>\r\n<p><strong><em>Co przekona\u0142o Ekscelencj\u0119 do przy\u0142\u0105czenia si\u0119 do tej tradycjonalistycznej katolickiej kontrrewolucji?<\/em><\/strong><\/p>\r\n<p>Jaki syn patrzy\u0142by beznami\u0119tnie na poni\u017cenie swojej matki, pozwalaj\u0105c swoim s\u0142ugom wystawia\u0107 j\u0105 na nies\u0142aw\u0119 i obelgi, pozbawi\u0107 j\u0105 potr\u00f3jnej korony i kr\u00f3lewskich szat, ukra\u015b\u0107 jej klejnoty i sprzeda\u0107 jej dobra, zmusi\u0107 j\u0105 do \u017cycia ze z\u0142odziejami i prostytutkami, a nawet odebra\u0107 jej kr\u00f3lewski tytu\u0142 i porzuci\u0107 j\u0105 na pastw\u0119 losu? A jaki obywatel dumnego narodu pozwoli\u0142by, aby zosta\u0142 on zniszczony przez zdradzieckich w\u0142adc\u00f3w i skorumpowanych urz\u0119dnik\u00f3w, nie chwytaj\u0105c za bro\u0144, aby powsta\u0107 i zwr\u00f3ci\u0107 mu honor, kt\u00f3ry zosta\u0142 mu odebrany?<\/p>\r\n<p>Je\u015bli jest to wa\u017cne w porz\u0105dku naturalnym, to tym bardziej jest prawdziwe i nagl\u0105ce, gdy chodzi o Ko\u015bci\u00f3\u0142 \u015bwi\u0119ty, atakowany przez wrog\u00f3w, kt\u00f3rzy uderzaj\u0105 w niego nie tylko w wymiarze doczesnym; wystawiaj\u0105c na licytacj\u0119 ko\u015bcio\u0142y, wyposa\u017cenie i&nbsp; \u015bwi\u0119te naczynia &#8211; jak to zawsze czynili w ca\u0142ej historii &#8211; ale nawet w jego dobra nadprzyrodzone, w skarby, kt\u00f3rymi Boski Kr\u00f3l obdarzy\u0142 Go dla u\u015bwi\u0119cenia dusz, w nieprzebrane bogactwa jego doktryny i liturgii. Skorumpowani s\u0142udzy narazili Go na zgorszenie, zafa\u0142szowali Jego nauczanie, rozproszyli Jego armi\u0119 i zburzyli mury, kt\u00f3re Go broni\u0142y przed wrogimi najazdami. Dusze, kt\u00f3re&nbsp; Ko\u015bci\u00f3\u0142&nbsp; chroni\u0142 i towarzyszy\u0142 im w ziemskiej podr\u00f3\u017cy do wieczno\u015bci, zosta\u0142y zawr\u00f3cone i zagubione: dusze, za kt\u00f3re Nasz Pan przela\u0142 swoj\u0105 Krew, a kt\u00f3re Jego niewierni s\u0142udzy porzucili i wyp\u0119dzili ze \u015bwi\u0119tego przybytku.<\/p>\r\n<p>Stanie z boku i patrzenie na zniewa\u017canie naszej \u015awi\u0119tej Matki Ko\u015bcio\u0142a jest podobne do stania&nbsp; w\u015br\u00f3d t\u0142umu, kt\u00f3ry by\u0142 \u015bwiadkiem M\u0119ki i Ukrzy\u017cowania Naszego Pana; w\u015br\u00f3d krzyk\u00f3w i plwocin prze\u015bmiewc\u00f3w. Jeste\u015bmy dzie\u0107mi Boga i Ko\u015bcio\u0142a, kt\u00f3ry przez zas\u0142ugi Jezusa Chrystusa przywraca nas w \u0141asce i czyni nas dziedzicami Kr\u00f3lestwa Niebieskiego.<\/p>\r\n<p>Na pocz\u0105tku, przed sze\u015b\u0107dziesi\u0119ciu laty, wydawa\u0142o si\u0119 nam, \u017ce to sam Ko\u015bci\u00f3\u0142 &#8211; po tragicznych wydarzeniach drugiej wojny \u015bwiatowej i okropno\u015bciach dyktatur &#8211; chcia\u0142 niemal pozbawi\u0107 si\u0119 swojej przesz\u0142o\u015bci, aby w jaki\u015b spos\u00f3b z\u0142agodzi\u0107 przepa\u015b\u0107 mi\u0119dzy tym, co sta\u0142o si\u0119 ze \u015bwiatem, a tym, co z niego pozosta\u0142o.&nbsp;<\/p>\r\n<p>To uni\u017cenie wydawa\u0142o si\u0119 dobrodusznym gestem wobec spo\u0142ecze\u0144stwa wstrz\u0105\u015bni\u0119tego rewolucjami i upadkiem monarchii katolickich. Dzia\u0142o si\u0119 to na fali demokracji, kt\u00f3r\u0105 uwa\u017cali\u015bmy za chrze\u015bcija\u0144sk\u0105, mimo \u017ce dobrze wiedzieli\u015bmy, \u017ce jej &#8222;warto\u015bci&#8221; s\u0105 zasadniczo przeciwne transcendentnemu obliczu w\u0142adzy, w\u0142a\u015bciwemu wierze katolickiej. Niewielu z nas, w tamtych latach, rozumia\u0142o, \u017ce rewolucja soborowa obali boski porz\u0105dek, obali kosmos,&nbsp; wtr\u0105ci Ko\u015bci\u00f3\u0142 w chaos, da miejsce herezji i zburzy ortodoksj\u0119, zaakceptuje zast\u0105pienie cnoty i uczciwo\u015bci, zepsuciem obyczaj\u00f3w.<\/p>\r\n<p>Ten dywersyjny proces &#8211; wyni\u00f3s\u0142 na szczyty Hierarchii tych, kt\u00f3rzy nigdy nie powinni byli zosta\u0107 do niej dopuszczeni, a wypar\u0142 lub zepchn\u0105\u0142 na margines tych, kt\u00f3rzy do tej pory byli szanowani i powa\u017cani. Sta\u0142o si\u0119 to udzia\u0142em wielu biskup\u00f3w, ksi\u0119\u017cy, kleryk\u00f3w, zakonnik\u00f3w i&nbsp; zakonnic, kt\u00f3rym narzucono rewolucj\u0119, przedstawiaj\u0105c j\u0105 jako &#8222;aktualizacj\u0119&#8221;, kt\u00f3ra powinna by\u0142a da\u0107 pocz\u0105tek owej &#8222;soborowej wio\u015bnie&#8221; zwiastuj\u0105cej nowe odrodzenie wiary w narodach zm\u0119czonych stuleciem krwawych konflikt\u00f3w.<\/p>\r\n<p>Wielu wierzy\u0142o w dobrej wierze, \u017ce to, co kardyna\u0142 Suenens entuzjastycznie przedstawi\u0142 jako &#8222;rok 1789 Ko\u015bcio\u0142a&#8221;, by\u0142o jedynie przej\u015bciow\u0105 faz\u0105 dostosowania, z kt\u00f3rej&nbsp; Ko\u015bci\u00f3\u0142 odrodzi si\u0119 silniejszy i bardziej \u015bwiadomy. Tak jednak si\u0119 nie sta\u0142o jak pokaza\u0142a przysz\u0142o\u015b\u0107. Rewolucja soborowa nie r\u00f3\u017cni\u0142a si\u0119 od tych, kt\u00f3re obali\u0142y rz\u0105dy doczesne i zburzy\u0142y spo\u0142ecze\u0144stwo chrze\u015bcija\u0144skie. Przeciwnie, stanowi\u0142a ona konieczne wype\u0142nienie wywrotowego planu wymy\u015blonego przez diaboliczny umys\u0142, kt\u00f3ry najpierw uderza w \u015bmiertelne cia\u0142o, ale potem musi koniecznie uderzy\u0107 w nie\u015bmierteln\u0105 dusz\u0119, i kt\u00f3ry, aby osi\u0105gn\u0105\u0107 ten cel, najpierw niszczy spo\u0142eczno\u015b\u0107 \u015bwieck\u0105, a potem bezlito\u015bnie wyst\u0119puje przeciwko spo\u0142eczno\u015bci&nbsp; religijnej.<\/p>\r\n<p>Od 13 marca 2013 roku soborowy rak zmutowa\u0142 w katastrofalne przerzuty. Jako biskup, jako Nast\u0119pca Aposto\u0142\u00f3w, w obliczu tej ogromnej degradacji i upokorzenia Ko\u015bcio\u0142a, musia\u0142em podnie\u015b\u0107 g\u0142os i zaj\u0105\u0107 jasne stanowisko. Wzywam moich wsp\u00f3\u0142braci, aby oni z kolei obudzili si\u0119 z letargu, kt\u00f3ry uczyni\u0142 ich niemymi widzami tej passio Ecclesi\u00e6 i wsp\u00f3lnikami wroga. Podnie\u015bcie si\u0119 ze swoich katedr i wykrzyczcie prawd\u0119 z dach\u00f3w! Niech tak zwani &#8222;konserwatywni&#8221; biskupi przestan\u0105 broni\u0107 za wszelk\u0105 cen\u0119 Soboru Watyka\u0144skiego II, kt\u00f3ry jest g\u0142\u00f3wn\u0105 przyczyn\u0105 tej masakry dusz, kt\u00f3ra wo\u0142a o pomst\u0119 do nieba. Zajmijcie stanowisko, zanim wszyscy spoczniemy pod gruzami.<\/p>\r\n<p>&nbsp;<\/p>\r\n<p><strong><em>Czy Ekscelencja jeszcze sprawuje okazjonalnie Now\u0105 Msz\u0119?<\/em><\/strong><\/p>\r\n<p>Nie, od kilku lat nie odprawiam Novus Ordo i nie widz\u0119 mo\u017cliwo\u015bci, abym do niej wr\u00f3ci\u0142, cho\u0107by okazjonalnie.<\/p>\r\n<p>Moje &#8222;nawr\u00f3cenie&#8221; zawdzi\u0119czam Mszy \u015aw. Apostolskiej i szczeg\u00f3lnemu umi\u0142owaniu czcigodnego rytu ambrozja\u0144skiego, poniewa\u017c odnalaz\u0142em w nim to wszystko, co przez dziesi\u0105tki lat odbierano mojemu kap\u0142a\u0144stwu, pozbawiaj\u0105c je \u017ar\u00f3d\u0142a doktryny, ale jeszcze bardziej duchowo\u015bci i ascezy, kt\u00f3re znajduj\u0105 si\u0119 tylko w Naj\u015bwi\u0119tszej Ofierze. We Mszy katolickiej celebrans jest alter Christus nie tylko dlatego , \u017ce w osobie Chrystusa Najwy\u017cszego Kap\u0142ana ofiaruje Majestatowi Ojca Niepokalan\u0105 Ofiar\u0119, ale tak\u017ce w tym, \u017ce sam jest mistycznym obrazem Chrystusa-Ofiary.<\/p>\r\n<p>W tym intymnym zjednoczeniu z naszym Panem tkwi sama dusza kap\u0142a\u0144stwa, \u017cywotna zasada apostolstwa, regula fidei przepowiadania, moc \u0142aski dla u\u015bwi\u0119cenia dusz.&nbsp; Poniewa\u017c bez kap\u0142a\u0144stwa i bez Mszy \u015awi\u0119tej Ko\u015bci\u00f3\u0142 nie mo\u017ce istnie\u0107, mo\u017cemy zrozumie\u0107 zaciek\u0142y sprzeciw wrog\u00f3w Chrystusa wobec Mszy \u015awi\u0119tej i tradycyjnego kap\u0142a\u0144stwa, uznaj\u0105c jednocze\u015bnie wag\u0119 naszego wyboru i potrzeb\u0119 pozostania wiernym temu bezcennemu skarbowi.<\/p>\r\n<p>Powr\u00f3t do obrz\u0105dku Montiniego, ju\u017c po otrzymaniu \u0141aski p\u00f3j\u015bcia za Panem w drodze na Kalwari\u0119 dzi\u0119ki tradycyjnej Mszy, stanowi\u0142by dla mnie zdrad\u0119, kt\u00f3ra &#8211; w przeciwie\u0144stwie do tych, kt\u00f3rzy nie znaj\u0105 tego czcigodnego obrz\u0105dku &#8211; by\u0142aby jeszcze powa\u017cniejsza.<\/p>\r\n<p>I tu chcia\u0142bym przypomnie\u0107, \u017ce kwestia Starej Mszy nie ko\u0144czy si\u0119 na formalnej i, \u017ce tak powiem, racjonalnej ocenie. Stanowi ona najdoskonalszy spos\u00f3b, w jaki Mistyczne Cia\u0142o oddaje cze\u015b\u0107 Tr\u00f3jcy Przenaj\u015bwi\u0119tszej, ale tak\u017ce g\u0142os, kt\u00f3rym Oblubienica zwraca si\u0119 do boskiego Oblubie\u0144ca. Je\u015bli w porz\u0105dku naturalnym oblubienica nie mo\u017ce sobie wyobrazi\u0107 niczego, co umniejsza\u0142oby jej mi\u0142o\u015b\u0107 do oblubie\u0144ca, a wr\u0119cz uwa\u017ca\u0142aby za obraz\u0119, umniejszanie go lub stawianie go na r\u00f3wni z innymi lud\u017ami, to czy dusza kap\u0142a\u0144ska zakochana w Bogu mo\u017ce tolerowa\u0107 t\u0142umienie lub umniejszanie doskona\u0142o\u015bci Oblubie\u0144ca, aby tylko nie urazi\u0107 Jego wrog\u00f3w?<\/p>\r\n<p>Mi\u0142osierdzie nie jest tolerancyjne, poniewa\u017c nie zna granic, nie wyobra\u017ca sobie kompromis\u00f3w. Zaledwie kilka dni temu, z okazji XIV ekumenicznego panteonu w Kazachstanie, Bergoglio pot\u0119pi\u0142 fundamentalizm jako szkodliwy dla dialogu mi\u0119dzy religiami i powszechnego braterstwa. Nie mo\u017cna sobie wyobrazi\u0107 czego\u015b bardziej obcego Prawdziwej Wierze i czego\u015b bardziej zgodnego z my\u015bl\u0105 maso\u0144sk\u0105, kt\u00f3ra promuje Religi\u0119 Ludzko\u015bci.<\/p>\r\n<p>Rozumiej\u0105c trudne po\u0142o\u017cenie wielu moich wsp\u00f3\u0142braci &#8211; biskup\u00f3w i kap\u0142an\u00f3w &#8211; nie mog\u0119 nie zach\u0119ci\u0107 ich do wykazania si\u0119 wi\u0119ksz\u0105 konsekwencj\u0105 w tym wzgl\u0119dzie, przyjmuj\u0105c bez zastrze\u017ce\u0144 i w duchu prawdziwie nadprzyrodzonym staro\u017cytn\u0105 Msz\u0119, kt\u00f3ra sama w sobie jest najpot\u0119\u017cniejsz\u0105 broni\u0105 przeciwko kryzysowi, jaki prze\u017cywa Ko\u015bci\u00f3\u0142: nie mo\u017cna s\u0142u\u017cy\u0107 dw\u00f3m panom.<\/p>\r\n<p>&nbsp;<\/p>\r\n<p><strong><em>Czy trafne jest stwierdzenie, \u017ce Pos\u0142usze\u0144stwo &#8211; jako cnota naturalna (a nie teologiczna) &#8211; musi, przede wszystkim s\u0142u\u017cy\u0107 Wierze i w zwi\u0105zku z tym pos\u0142usze\u0144stwo wobec modernist\u00f3w, kt\u00f3rzy s\u0105 u w\u0142adzy mo\u017ce by\u0107 grzechem?<\/em><\/strong><\/p>\r\n<p>Pos\u0142usze\u0144stwo jest cnot\u0105 naturaln\u0105, kt\u00f3rej przeciwstawia si\u0119 niepos\u0142usze\u0144stwo (brak pos\u0142usze\u0144stwa) i s\u0142u\u017calczo\u015b\u0107 (nadmierne pos\u0142usze\u0144stwo). Ale pos\u0142usze\u0144stwo nie nale\u017cy si\u0119 ka\u017cdemu, lecz tylko tym, kt\u00f3rzy s\u0105 ustanowieni we w\u0142adzy, i to w granicach, kt\u00f3re uprawniaj\u0105 do jej sprawowania. W Ko\u015bciele pos\u0142usze\u0144stwo jest nakazane dla jego ostatecznego celu, to znaczy do zbawienia dusz w jedno\u015bci wiary katolickiej. W\u0142adza ustanowiona dla strze\u017cenia wiary nie mo\u017ce stanowi\u0107 prawa przeciwko niej, w\u0142a\u015bnie dlatego, \u017ce czerpie sw\u0105 moc z tego samego \u017ar\u00f3d\u0142a, to znaczy od&nbsp; Boga Najwy\u017cszego Prawodawcy, kt\u00f3ry nie mo\u017ce by\u0107 w sprzeczno\u015bci z samym sob\u0105. Pos\u0142usze\u0144stwo bezprawnemu nakazowi, aby tylko zadowoli\u0107 tych, kt\u00f3rzy sprawuj\u0105 w\u0142adz\u0119, deprawuje pos\u0142usze\u0144stwo, kt\u00f3re ju\u017c nie jest pos\u0142usze\u0144stwem, lecz s\u0142u\u017calczo\u015bci\u0105.<\/p>\r\n<p>Chcia\u0142bym r\u00f3wnie\u017c zwr\u00f3ci\u0107 uwag\u0119, \u017ce ci, kt\u00f3rzy dzi\u015b \u017c\u0105daj\u0105 od wiernych \u015blepego, szybkiego i absolutnego pos\u0142usze\u0144stwa, rezygnuj\u0105 z tego pos\u0142usze\u0144stwa, gdy w\u0142adza sprawowana jest przez ludzi dobrych. Ci, kt\u00f3rzy przekre\u015blaj\u0105 ca\u0142e Magisterium w imi\u0119 Soboru Watyka\u0144skiego II i drogi synodalnej, to ci sami, kt\u00f3rzy rozdzieraj\u0105 szaty wobec tych, kt\u00f3rzy odmawiaj\u0105 zgody na permanentn\u0105 rewolucj\u0119 <em>Amoris L\u00e6titia<\/em> i <em>Traditionis Custodes<\/em>. Problem, jak widzimy, le\u017cy w kryzysie autorytetu, kt\u00f3ry nie akceptuje poddania si\u0119 najwy\u017cszej w\u0142adzy Boga, co jest warunkiem legalno\u015bci.<\/p>\r\n<p>&nbsp;<\/p>\r\n<p><strong><em>Jak jednak Ekscelencj\u0105 odpowie tym, kt\u00f3rzy przypomn\u0105, \u017ce Chrystus by\u0142 pos\u0142uszny a\u017c do \u015bmierci i wszyscy jeste\u015bmy do tego powo\u0142ani?<\/em><\/strong><\/p>\r\n<p>Nasz Pan nie by\u0142 pos\u0142uszny Sanhedrynowi, ani arcykap\u0142anom i starszym ludu, kt\u00f3rzy przestrzegali Go aby nie nazywa\u0142 siebie Synem Bo\u017cym i z tego powodu skazali Go na \u015bmier\u0107. Nasz Pan by\u0142 pos\u0142uszny Ojcu, pij\u0105c do dna gorzki kielich m\u0119ki: <em>non sicut ego volo, sed sicut tu<\/em>. To jest prawdziwa cnota pos\u0142usze\u0144stwa, poniewa\u017c wykonuje ona polecenia w\u0142adzy ziemskiej, tylko wtedy, gdy ta w\u0142adza dzia\u0142a&nbsp; dla cel\u00f3w, dla kt\u00f3rych zosta\u0142a powo\u0142ana.&nbsp; Sanhedryn nie mia\u0142 prawa kwestionowania bosko\u015bci Chrystusa, ale raczej znaj\u0105c Pismo,&nbsp; powinien uzna\u0107 w Nim obiecanego Mesjasza. Podobnie Hierarchia nie ma takiej w\u0142adzy, aby&nbsp; \u017c\u0105da\u0107 pos\u0142usze\u0144stwa w sprawach, kt\u00f3re s\u0105 sprzeczne z Wiar\u0105 lub Moralno\u015bci\u0105. My r\u00f3wnie\u017c, za przyk\u0142adem Chrystusa i umocnieni przestrog\u0105 \u015aw. Piotra, powtarzamy: Trzeba bardziej s\u0142ucha\u0107 Boga ni\u017c ludzi (Dz 5,29).<\/p>\r\n<p>&nbsp;<\/p>\r\n<p><strong><em>Franciszek og\u0142osi\u0142, \u017ce tradycjonali\u015bci &#8222;odrzucaj\u0105 SW II&#8221;. Bior\u0105c pod uwag\u0119, \u017ce 14 lutego 2013 roku papie\u017c Benedykt XVI powiedzia\u0142, \u017ce sob\u00f3r zosta\u0142 przej\u0119ty przez media &#8211; wyrz\u0105dzaj\u0105c tym samym nieobliczalne szkody Ko\u015bcio\u0142owi i &#8222;banalizuj\u0105c liturgi\u0119&#8221; &#8211; czy zatem&nbsp; wszyscy katolicy nie powinni &#8222;odrzuci\u0107 soboru&#8221; w takiej postaci, w jakiej zosta\u0142 on przedstawiony \u015bwiatu &nbsp;przez media, jak powiedzia\u0142 Benedykt?<\/em><\/strong><\/p>\r\n<p>Przede wszystkim nale\u017cy wyja\u015bni\u0107, \u017ce wk\u0142ad medi\u00f3w w narracj\u0119 soborow\u0105 jest tylko cz\u0119\u015bciowy i marginalny w por\u00f3wnaniu z wyra\u017anie wywrotow\u0105 tre\u015bci\u0105 SW II, kt\u00f3ra by\u0142a zamierzona przez jego autor\u00f3w. Nie istnieje \u017caden tajemniczy &#8222;Dobry Sob\u00f3r&#8221;, kt\u00f3ry zosta\u0142 rzekomo &#8222;zdradzony&#8221; przez modernist\u00f3w. Zosta\u0142 on pomy\u015blany w taki spos\u00f3b, aby uniemo\u017cliwi\u0107 mu bycie katolickim w tre\u015bci, maskuj\u0105c pu\u0142apki, kt\u00f3re zawiera\u0142,&nbsp; za pomoc\u0105 wodolejstwa i wieloznaczno\u015bci.<\/p>\r\n<p>Je\u015bli media zaw\u0142aszczy\u0142y Sob\u00f3r wbrew intencjom Ojc\u00f3w i Papie\u017cy, dlaczego w obliczu powtarzaj\u0105cych si\u0119 wypacze\u0144 przekazywanych przez pras\u0119, \u017caden z nich nie powt\u00f3rzy\u0142 zdecydowanie doktryny katolickiej? Je\u015bli trywializacja liturgii w okresie posoborowym by\u0142a jedynie win\u0105 medi\u00f3w, dlaczego \u017caden biskup nigdy nie zaproponowa\u0142 odprawiania Novus Ordo w zgodzie ze starym obyczajem, lecz raczej wykorzysta\u0142 innowacje rytu Montiniego do jego dalszej promocji? Je\u015bli stara liturgia nie stanowi\u0142a zagro\u017cenia dla nowej, to sk\u0105d to bezwzgl\u0119dne prze\u015bladowanie tych, kt\u00f3rzy chcieli kontynuowa\u0107 celebracj\u0119 w staro\u017cytnej formie?<\/p>\r\n<p>Bergoglio ma ca\u0142kowit\u0105 racj\u0119: Katolicy, kt\u00f3rzy chc\u0105 pozosta\u0107 wierni Tradycji, odrzucaj\u0105 SW II w\u0142a\u015bnie dlatego, \u017ce jest on obcy i przeciwny Tradycji, kt\u00f3ra jest norm\u0105 Wiary.&nbsp; Potwierdza to nie tylko katolicko\u015b\u0107 tradycyjnej Liturgii, ale tak\u017ce niedopasowanie liturgii zreformowanej w stosunku do harmonijnego rozwoju, jaki by\u0142 znany przez wieki. Na tym polega jej istotowa niekatolicko\u015b\u0107.<\/p>\r\n<p>Katolicy maj\u0105 zatem nie tylko prawo, ale i obowi\u0105zek domaga\u0107 si\u0119, by Ko\u015bci\u00f3\u0142 czci\u0142 Tr\u00f3jc\u0119 Przenaj\u015bwi\u0119tsz\u0105 w spos\u00f3b najdoskonalszy, a nie za pomoc\u0105 fa\u0142szywego obrz\u0119du, zrodzonego w&nbsp; doktrynalnie i moralnie zboczonych umys\u0142ach. Obrz\u0119du stworzonego po to, by zadowoli\u0107 heretyk\u00f3w i umniejszy\u0107 Wiar\u0119. Nie chodzi o &#8222;wynalezienie&#8221; Liturgii, kt\u00f3ra by\u0142aby bardziej katolicka ni\u017c Novus Ordo, ale o naprawienie bardzo powa\u017cnej rany (<em>Vulnus<\/em>) wyrz\u0105dzonej Ko\u015bcio\u0142owi przez usuni\u0119cie staro\u017cytnego obrz\u0105dku i zast\u0105pienie go godn\u0105 po\u017ca\u0142owania podr\u00f3bk\u0105. Przywr\u00f3cenie katolickiej Liturgii i jednoczesne zakazanie zreformowanej liturgii b\u0119dzie koniecznym krokiem w odbudowie Ko\u015bcio\u0142a.<\/p>\r\n<p>&nbsp;<\/p>\r\n<p><strong><em>Wydaje si\u0119 co najmniej prawdopodobne, \u017ce papie\u017c Bergoglio zosta\u0142 zainstalowany na Stolicy Piotrowej w celu podwa\u017cenia teologii papiestwa. Czy krytykuj\u0105c Franciszka, nie przyczyniamy si\u0119 do realizacji tego samego zamiaru?<\/em><\/strong><\/p>\r\n<p>Ci, kt\u00f3rym uda\u0142o si\u0119 doprowadzi\u0107 do wyboru Bergoglio na konklawe w 2013 roku, wiedzieli bardzo dobrze, \u017ce zamierza on zdyskredytowa\u0107 papiestwo i upokorzy\u0107 Ko\u015bci\u00f3\u0142 katolicki, a tak\u017ce rozpowszechnia\u0107 herezj\u0119, b\u0142\u0119dy moralne i powa\u017cne zgorszenie. W istocie, w\u0142a\u015bnie w nieustannym dzia\u0142aniu tego cz\u0142owieka, w bezwzgl\u0119dnym sta\u0142ym nurcie ostatnich dziesi\u0119ciu lat, papiestwo dozna\u0142o najpowa\u017cniejszego i najpot\u0119\u017cniejszego ataku, przeprowadzony przez cz\u0142owieka, kt\u00f3ry w\u0142a\u015bnie papiestwu zawdzi\u0119cza swoj\u0105 w\u0142adz\u0119 nad Ko\u015bcio\u0142em.<\/p>\r\n<p>Atak na Ko\u015bci\u00f3\u0142 z zewn\u0105trz, nie przyni\u00f3s\u0142by takich samych rezultat\u00f3w. Trzeba te\u017c powiedzie\u0107, \u017ce abdykacja Benedykta XVI i stworzenie przez niego kanonicznego monstrum &#8222;papie\u017ca emeryta&#8221; zada\u0142o \u015bmiertelny cios Ko\u015bcio\u0142owi, umo\u017cliwiaj\u0105c tym samym przeprowadzenie&nbsp; spisku, kt\u00f3ry zak\u0142ada\u0142 wyb\u00f3r papie\u017ca wspieraj\u0105cego agend\u0119 \u015bwiatowych elit.<\/p>\r\n<p>Krytykowanie Bergoglio za to, co robi z Ko\u015bcio\u0142em, nie jest wod\u0105 na m\u0142yn pod\u017cegaczy, mafii z St. Gallen czy globalistycznych maso\u0144skich elit, kt\u00f3re celowo go tam umie\u015bci\u0142y. Niegodna obecno\u015b\u0107 Argenty\u0144czyka na tronie Piotrowym jest natomiast wyra\u017anym znakiem&nbsp; zaplanowanego i szkodliwego dzia\u0142ania tych, kt\u00f3rzy dobrze wiedz\u0105, \u017ce najskuteczniejszym sposobem zburzenia instytucji jest zdyskredytowanie tych, kt\u00f3rzy sprawuj\u0105 w niej najwy\u017cszy autorytet.<\/p>\r\n<p>Nie r\u00f3\u017cni si\u0119 to od tego, co dzieje si\u0119 dzisiaj w sferze \u015bwieckiej, w kt\u00f3rej ca\u0142a klasa polityczna i rz\u0105dz\u0105ca jest skorumpowana i podporz\u0105dkowana przest\u0119pczym interesom tej samej antychrze\u015bcija\u0144skiej elity, kt\u00f3ra z jednej strony korumpuje dusze propagand\u0105 LGBTQ+ i teori\u0105 gender, a z drugiej wykorzystuje skorumpowanych biskup\u00f3w &#8211; jak to si\u0119 dzieje w Belgii z &#8222;b\u0142ogos\u0142awie\u0144stwami&#8221; zwi\u0105zk\u00f3w homoseksualnych &#8211; aby doprowadzi\u0107 s\u0142owa Bergoglio do ich skrajnych konsekwencji, pocz\u0105wszy od &#8222;Kim jestem, aby s\u0105dzi\u0107&#8221;.<\/p>\r\n<p>Chcia\u0142bym wyja\u015bni\u0107 niezwykle powa\u017cn\u0105 (i nieuniknion\u0105) konsekwencj\u0119 tej post\u0119puj\u0105cej legitymizacji doktryny LGBTQ+ i ideologii gender w \u017cyciu Ko\u015bcio\u0142a. Wiemy, \u017ce Magisterium Ko\u015bcio\u0142a pot\u0119pia akty homoseksualne jako &#8222;wewn\u0119trznie nieuporz\u0105dkowane&#8221;: s\u0105 one z\u0142em. Ci, kt\u00f3rzy je pope\u0142niaj\u0105, grzesz\u0105 ci\u0119\u017cko, a je\u015bli nie \u017ca\u0142uj\u0105, ich dusze s\u0105 przeznaczone na wieczne pot\u0119pienie.<\/p>\r\n<p>Uczy o tym jednoznacznie Pismo \u015awi\u0119te zar\u00f3wno w Starym jak i Nowym Testamencie. Z drugiej strony, s\u0142owa Bergoglio i czyny jego wsp\u00f3lnik\u00f3w maj\u0105 na celu usuni\u0119cie wszelkiego moralnego pot\u0119pienia sodomii i praktyki &#8222;zmiany p\u0142ci&#8221;. Ale co si\u0119 stanie, w ci\u0105gu kilku lat, kiedy pojawi\u0105 si\u0119 &#8222;wierni&#8221; transseksuali\u015bci, kt\u00f3rzy poprosz\u0105 o \u015bwi\u0119cenia? Na tym poprzestan\u0119: Pozostawiam wam zrozumienie tej czelu\u015bci, kt\u00f3ra si\u0119 przed nami otwiera.<\/p>\r\n<p>Tym, kt\u00f3rzy nadal upieraj\u0105 si\u0119 przy rozr\u00f3\u017cnianiu, kt\u00f3ra cz\u0119\u015b\u0107 bergoglia\u0144skiego &#8222;magisterium&#8221; jest wi\u0105\u017c\u0105ca, a kt\u00f3ra nie, powiem, \u017ce to formalne podej\u015bcie by\u0107 mo\u017ce uratuje doktryn\u0119 papieskiej nieomylno\u015bci, ale na pewno nie obraz Ko\u015bcio\u0142a, ale jednocze\u015bnie pokazuje fakt, \u017ce Bergoglio jest ca\u0142kowicie cia\u0142em obcym dla papiestwa. Fakt ten jest instynktownie dostrzegany nawet przez prostych wiernych. Podobne jest to do sytuacji, gdy przeszczepiony organ jest odrzucany przez organizm, kt\u00f3ry rozpoznaje, \u017ce ten nie nale\u017cy on do niego.<\/p>\r\n<p>Sensus fidei pozwala im zrozumie\u0107 to samo, co analizy jego heretyckich deklaracji przeprowadzane przez teolog\u00f3w i kanonist\u00f3w. Jego s\u0142ynne &#8222;buona sera&#8221; wypowiedziane z balkonu Bazyliki \u015aw. Piotra 13 marca 2013 r. zawiera w pigu\u0142ce ca\u0142\u0105 istot\u0119 niezaprzeczalnego faktu, \u017ce poj\u0119cie papiestwa jest mu ca\u0142kowicie obce.<\/p>\r\n<p>&nbsp;<\/p>\r\n<p><strong><em>Ekscelencja uzyska\u0142 mi\u0119dzynarodowe uznanie za wypowiedzi przeciwko Wielkiemu Resetowi. Co Ekscelencja powie swoim krytykom, kt\u00f3rzy twierdz\u0105, \u017ce zamiast zajmowa\u0107 si\u0119 teoriami spiskowymi, powiniene\u015b po prostu si\u0119 modli\u0107?<\/em><\/strong><\/p>\r\n<p>Modl\u0119 si\u0119 i nie widz\u0119 powodu, dla kt\u00f3rego mia\u0142bym nie wywi\u0105zywa\u0107 si\u0119 z obowi\u0105zk\u00f3w biskupa i Nast\u0119pcy Aposto\u0142\u00f3w, milcz\u0105c w kwestiach, kt\u00f3re s\u0105 ze sob\u0105 \u015bci\u015ble powi\u0105zane i wzajemnie si\u0119 uzupe\u0142niaj\u0105. Dop\u00f3ki moja krytyka by\u0142a skierowana przeciwko tuszowaniu skandali by\u0142ego kardyna\u0142a McCarricka lub doktrynalnym wypaczeniom SW II, wystarcza\u0142a etykieta &#8222;lefebrysty&#8221;, by demonizowa\u0107 mnie wobec wiernych. Jednak gdy wskaza\u0142em na sp\u00f3jno\u015b\u0107 pomi\u0119dzy globalnym zamachem stanu dokonanym przez g\u0142\u0119bokie pa\u0144stwo, najpierw z powodu zagro\u017cenia pandemi\u0105, a teraz z powodu zagro\u017cenia energetycznego, a nie mniej wywrotowym aktem wyboru Bergoglio zorganizowanym przez g\u0142\u0119boki ko\u015bci\u00f3\u0142, nie trzeba by\u0142o d\u0142ugo czeka\u0107, abym zyska\u0142 etykiet\u0119 teoretyka spiskowego, celem zdyskredytowania mnie u ludzi, kt\u00f3rzy mnie s\u0142uchaj\u0105.<\/p>\r\n<p>Jest to zagro\u017cenie, poniewa\u017c pojawi\u0142 si\u0119 kto\u015b, kto rozumuje niezale\u017cnie, i u\u015bwiadomi\u0142 sobie, \u017ce padli\u015bmy ofiar\u0105 kolosalnego oszustwa zar\u00f3wno na szkod\u0119 naszego \u017cycia materialnego poprzez Agend\u0119 Davos, i na szkod\u0119 naszego \u017cycia duchowego poprzez SW II i agend\u0119 Bergoglio.<\/p>\r\n<p>Chcia\u0142bym r\u00f3wnie\u017c zrozumie\u0107, dlaczego wywrotowe plany ponadnarodowych organizacji prywatnych &#8211; prawdziwych mafii zorganizowanych i zakorzenionych w o\u015brodkach w\u0142adzy &#8211; kt\u00f3re s\u0105 og\u0142aszane przez ich w\u0142asnych zwolennik\u00f3w z du\u017cym wyprzedzeniem i kt\u00f3re stanowi\u0105 spe\u0142nienie dystopijnych uroje\u0144 sekty maso\u0144skiej, maj\u0105 by\u0107 odrzucane jako &#8222;teorie spiskowe&#8221;? Je\u015bli mafia publicznie deklaruje, \u017ce chce wyt\u0119pi\u0107 cz\u0119\u015b\u0107 populacji, a ja widz\u0119, jak organizuje si\u0119 w tym celu, i jestem \u015bwiadkiem realizacji tego projektu eksterminacji, dok\u0142adnie i zgodnie z zapowiedzi\u0105, to nie ja wymy\u015blam teorie spiskowe, lecz mafia, kt\u00f3ra czuje si\u0119 tak pewna swojego sukcesu, \u017ce nie musi go nawet ukrywa\u0107, zak\u0142adaj\u0105c w istocie, \u017ce sami siebie przekonamy.<\/p>\r\n<p>To samo dotyczy zielonej ideologii neomaltuzjanizmu, kt\u00f3ra uwa\u017ca cz\u0142owieka za paso\u017cyta Planety. Decyzje podejmowane przez ONZ, Uni\u0119 Europejsk\u0105 i poszczeg\u00f3lne rz\u0105dy opieraj\u0105 si\u0119 na fa\u0142szywym pretek\u015bcie globalnego ocieplenia, aby legitymizowa\u0107 dekarbonizacj\u0119 i przymusowe wprowadzenie tzw.&nbsp; energii odnawialnych. Jest to k\u0142amstwo, pretekst do zmuszenia mas do poddania si\u0119 ca\u0142kowitej kontroli i zagwarantowania elitom nieproporcjonalnej w\u0142adzy i zysk\u00f3w. Je\u015bli si\u0119 nad tym zastanowimy, to&nbsp; zwolennicy Soboru r\u00f3wnie\u017c twierdzili, \u017ce &#8222;aktualizuj\u0105 Ko\u015bci\u00f3\u0142&#8221; , a by\u0142 to jedynie fa\u0142szywy pretekst, poniewa\u017c&nbsp; nieopisanym celem by\u0142o Jego zniszczenie.<\/p>\r\n<p>G\u0142\u0119bokie pa\u0144stwo i g\u0142\u0119boki ko\u015bci\u00f3\u0142 to dwie strony tej samej fa\u0142szywej monety, poniewa\u017c oba odpowiadaj\u0105 przed tym samym piekielnym umys\u0142em, kt\u00f3ry nienawidzi Boga zar\u00f3wno w Stworzeniu, jak i w Odkupieniu, i kt\u00f3ry toczy wojn\u0119 zar\u00f3wno przeciwko cia\u0142u, jak i przeciwko duszy. System ten, pomimo swego satanistycznego delirium, mo\u017ce dzia\u0142a\u0107 tak d\u0142ugo, jak d\u0142ugo ludzie pozostaj\u0105 odizolowani i pozostawieni samym sobie. Z drugiej strony, \u015bwiadomo\u015b\u0107, \u017ce nie s\u0105 sami, \u017ce podzielaj\u0105 t\u0119 sam\u0105 wizj\u0119 \u015bwiata i t\u0119 sam\u0105 wiar\u0119, otwiera oczy wielu i daje im odwag\u0119 i si\u0142\u0119 do stawiania oporu, ujawniania oszustw i jednoczenia oporu. Dotyczy to zar\u00f3wno sfery \u015bwieckiej, jak i ko\u015bcielnej. Nie jest przypadkiem, \u017ce pandemiczna farsa po\u0142\u0105czy\u0142a g\u0142\u0119bokie pa\u0144stwo i g\u0142\u0119boki Ko\u015bci\u00f3\u0142 w surrealistycznej i kryminalnej narracji, kt\u00f3ra zgorszy\u0142a zar\u00f3wno obywateli jak i wiernych.<\/p>\r\n<p>Zatem, je\u015bli ewidentnie mamy do czynienia ze spiskiem, to dlaczego mam milcze\u0107? A je\u015bli nie ma \u017cadnego spisku, to dlaczego tak bardzo przejmuj\u0105 si\u0119 s\u0142owami starego arcybiskupa?<\/p>\r\n<p>&nbsp;<\/p>\r\n<p><strong><em>Czy mo\u017ce Ekscelencja powiedzie\u0107 co\u015b o roli naszej Kr\u00f3lowej i R\u00f3\u017ca\u0144ca \u015awi\u0119tego w tych przewrotnych czasach, gdy wielu mo\u017ce nawet straci\u0107 dost\u0119p do Mszy \u015awi\u0119tej?<\/em><\/strong><\/p>\r\n<p>Ten wywiad ko\u0144czy si\u0119 odniesieniem do Naj\u015bwi\u0119tszej &nbsp;Maryi Panny, Tej, kt\u00f3ra jest Matk\u0105 Boga, a tak\u017ce nasz\u0105 Matk\u0105, Tej, kt\u00f3ra dzi\u0119ki \u0142asce sta\u0142a si\u0119 wszechmocna. W tej epokowej walce pomi\u0119dzy Niewiast\u0105 a odwiecznym W\u0119\u017cem, R\u00f3\u017caniec \u015awi\u0119ty jest najpot\u0119\u017cniejsz\u0105 broni\u0105, za pomoc\u0105 kt\u00f3rej musimy wnie\u015b\u0107 nasz wk\u0142ad jako milites Christi, na mocy otrzymanego Sakramentu Bierzmowania.<\/p>\r\n<p>Wielu z was jest g\u0142odnych Prawdy i spragnionych \u015awi\u0119to\u015bci, wiecznych d\u00f3br udost\u0119pnionych nam przez \u015awi\u0119t\u0105 Ofiar\u0119 Mszy \u015awi\u0119tej, kt\u00f3r\u0105 mo\u017cecie si\u0119 delektowa\u0107 dzi\u0119ki oporowi kilku hierarch\u00f3w i duchownych oraz opatrzno\u015bciowej decyzji Benedykta XVI z Summorum Pontificum. Inni nie wiedz\u0105, co trac\u0105, poniewa\u017c ten duchowy skarb by\u0142 zbyt d\u0142ugo skrywany i kradziony, ale gdyby si\u0119 o nim dowiedzieli, nie mogliby si\u0119 ju\u017c bez niego obej\u015b\u0107. Dlatego naszym obowi\u0105zkiem, jako katolik\u00f3w i \u017cywych cz\u0142onk\u00f3w Mistycznego Cia\u0142a, jest domaganie si\u0119 restitutio in integrum Mszy Apostolskiej, a obowi\u0105zkiem W\u0142adzy ko\u015bcielnej jest nie tylko przyznanie jej jako przywileju, ale uznanie jej&nbsp; pe\u0142nego i wy\u0142\u0105cznego obywatelstwa w Ko\u015bciele.<\/p>\r\n<p>Aby jednak tak si\u0119 sta\u0142o, konieczne jest, aby\u015bmy wszyscy uczynili si\u0119 godnymi tej \u0142aski, poprzez \u017cycie w \u015bwi\u0119to\u015bci i odwa\u017cne \u015bwiadectwo wiary, w kt\u00f3rej zostali\u015bmy ochrzczeni. To w\u0142a\u015bnie praktykowanie cn\u00f3t i nieustanna modlitwa R\u00f3\u017ca\u0144cem \u015awi\u0119tym umocni nas na tej drodze i poruszy Matk\u0119 Bo\u017c\u0105, Advocata nostra, aby\u015bmy w przywr\u00f3ceniu publicznego kultu Ko\u015bcio\u0142a Chrystusowego mogli dostrzec zapowied\u017a wiecznej chwa\u0142y, kt\u00f3ra zosta\u0142a dla nas przygotowana.<\/p>\r\n<p>&nbsp;<\/p>\r\n<p><em>T\u0142um. S\u0142awomir Soja<\/em><\/p>\r\n<p class=\"zrodlo\">\u0179r\u00f3d\u0142o: <a href=\"https:\/\/remnantnewspaper.com\/web\/index.php\/articles\/item\/6174-vigano-interview-by-michael-j-matt-for-the-catholic-identity-conference-pittsburgh-october-2-2022\">The Remnant (October 3, 2022) &#8211; &#8222;Michael Matt Interviews Archbishop Vigano LIVE at the Catholic Identity Conference&#8221;<\/a><\/p>","protected":false},"excerpt":{"rendered":"Przedstawiamy poni\u017cej transkrypcj\u0119 wywiadu z arcybiskupem Carlo Maria Vigan\u00f2, kt\u00f3ry odby\u0142 si\u0119 na \u017cywo podczas Catholic Identity Conference (CIC) w Pittsburghu 2 pa\u017adziernika 2022 roku. Wideo z wywiadem, jak i wszystkie rozmowy podczas CIC, kt\u00f3re zosta\u0142y nagrane s\u0105 dost\u0119pne do obejrzenia w (p\u0142atnej) Bibliotece The Remnant. Wywiad przeprowadzi\u0142 Michael Matt, redaktor naczelny katolickiego pisma The [&hellip;]","protected":false},"author":1,"featured_media":0,"comment_status":"closed","ping_status":"closed","sticky":false,"template":"","format":"standard","meta":{"_acf_changed":false,"_monsterinsights_skip_tracking":false,"_monsterinsights_sitenote_active":false,"_monsterinsights_sitenote_note":"","_monsterinsights_sitenote_category":0,"ngg_post_thumbnail":0,"footnotes":"","_wp_rev_ctl_limit":""},"categories":[13,3,14],"tags":[455,300,24,33],"acf":[],"_links":{"self":[{"href":"https:\/\/www.bibula.com\/index.php?rest_route=\/wp\/v2\/posts\/136564"}],"collection":[{"href":"https:\/\/www.bibula.com\/index.php?rest_route=\/wp\/v2\/posts"}],"about":[{"href":"https:\/\/www.bibula.com\/index.php?rest_route=\/wp\/v2\/types\/post"}],"author":[{"embeddable":true,"href":"https:\/\/www.bibula.com\/index.php?rest_route=\/wp\/v2\/users\/1"}],"replies":[{"embeddable":true,"href":"https:\/\/www.bibula.com\/index.php?rest_route=%2Fwp%2Fv2%2Fcomments&post=136564"}],"version-history":[{"count":5,"href":"https:\/\/www.bibula.com\/index.php?rest_route=\/wp\/v2\/posts\/136564\/revisions"}],"predecessor-version":[{"id":136601,"href":"https:\/\/www.bibula.com\/index.php?rest_route=\/wp\/v2\/posts\/136564\/revisions\/136601"}],"wp:attachment":[{"href":"https:\/\/www.bibula.com\/index.php?rest_route=%2Fwp%2Fv2%2Fmedia&parent=136564"}],"wp:term":[{"taxonomy":"category","embeddable":true,"href":"https:\/\/www.bibula.com\/index.php?rest_route=%2Fwp%2Fv2%2Fcategories&post=136564"},{"taxonomy":"post_tag","embeddable":true,"href":"https:\/\/www.bibula.com\/index.php?rest_route=%2Fwp%2Fv2%2Ftags&post=136564"}],"curies":[{"name":"wp","href":"https:\/\/api.w.org\/{rel}","templated":true}]}}