{"id":136533,"date":"2022-10-05T11:10:28","date_gmt":"2022-10-05T15:10:28","guid":{"rendered":"https:\/\/www.bibula.com\/?p=136533"},"modified":"2022-10-05T11:13:45","modified_gmt":"2022-10-05T15:13:45","slug":"wloski-biskup-na-ceremonii-inauguracyjnej-lozy-masonskiej-wielkiego-orientu","status":"publish","type":"post","link":"https:\/\/www.bibula.com\/?p=136533","title":{"rendered":"W\u0142oski biskup na ceremonii inauguracyjnej lo\u017cy maso\u0144skiej Wielkiego Orientu"},"content":{"rendered":"<div class=\"p_underline\">\r\n<p class=\"has-drop-cap\">W\u0142oski biskup w ubieg\u0142ym tygodniu uczestniczy\u0142 w <span style=\"text-decoration: underline;\"><a href=\"https:\/\/www.grandeoriente.it\/terni-inaugurato-il-nuovo-ingresso-della-casa-massonica-allevento-il-gran-maestro-il-sindaco-il-vescovo-e-alti-rappresentanti-delle-istituzioni-video\/\">ceremonii inauguracji<\/a><\/span> nowego wej\u015bcia do lo\u017cy maso\u0144skiej Wielkiego Orientu W\u0142och w Terni. Po publicznym oburzeniu skandalem, diecezja szybko pr\u00f3bowa\u0142a ratowa\u0107 pozory, broni\u0105c obecno\u015bci biskupa na uroczysto\u015bci powo\u0142uj\u0105c si\u0119 na &#8222;\u015bcie\u017ck\u0119 synodaln\u0105&#8221;. &#8211; podaje <a href=\"https:\/\/www.lifesitenews.com\/news\/italian-bishop-attends-inauguration-ceremony-for-new-masonic-temple\/\"><span style=\"text-decoration: underline;\">Lifesitenews<\/span><\/a>.<\/p>\r\n<p>27 wrze\u015bnia <strong>biskup diecezji Terni, Francesco Antonio Soddu<\/strong>, wraz z licznymi urz\u0119dnikami miejskimi i pa\u0144stwowymi, a tak\u017ce liderami i cz\u0142onkami w\u0142oskich l\u00f3\u017c maso\u0144skich, uczestniczy\u0142 w przeci\u0119ciu wst\u0119gi dla Domu Maso\u0144skiego przy Via Roma w Terni. W\u0142oski katolicki blogpost Messainlatino zrelacjonowa\u0142 to wydarzenie, odnotowuj\u0105c skandal zwi\u0105zany z obecno\u015bci\u0105 biskupa.<\/p>\r\n<p>Wed\u0142ug strony internetowej i komunikatu Wielkiego Orientu W\u0142och (GOI) &#8222;wst\u0119g\u0119 przeci\u0105\u0142 Wielki Mistrz Stefano Bisi, kt\u00f3rego przed siedzib\u0105 przy Via Roma powitali Luca Nicola Castiglione, przewodnicz\u0105cy Kolegium Okr\u0119gowego Czcigodnych Mistrz\u00f3w Umbrii, Gabriele Cardona, przewodnicz\u0105cy Rady Czcigodnych Mistrz\u00f3w Terni, oraz liczni bracia.&#8221;<\/p>\r\n<p>&#8222;Po uroczysto\u015bci &#8211; kontynuowano w komunikacie &#8211; odby\u0142a si\u0119 wizyta w Domu Maso\u0144skim, kt\u00f3ry ma wewn\u0105trz dwie \u015bwi\u0105tynie, w kt\u00f3rej uczestniczyli burmistrz Leonardo Latini, prefekt Giovanni Bruno, [i] biskup Francesco Antonio Soddu, kt\u00f3rzy w swoich przes\u0142aniach z pozdrowieniami podzi\u0119kowali za zaproszenie i wyrazili nadziej\u0119, \u017ce <strong>inicjatywy takie jak ta mog\u0105 piel\u0119gnowa\u0107 dialog i por\u00f3wnywanie r\u00f3\u017cnych rzeczywisto\u015bci, pokonuj\u0105c uprzedzenia<\/strong>&#8222;. Obecni byli r\u00f3wnie\u017c parlamentarzysta Raffaele Nevi i radny miejski Cristiano Ceccotti.&#8221;[&#8230;]<\/p>\r\n<p>&nbsp;<\/p>\r\n<p><strong>Ceremonia inauguracji nowego wej\u015bcia do Domu Maso\u0144skiego Goi w Terni<\/strong><\/p>\r\n<p><iframe title=\"YouTube video player\" src=\"https:\/\/www.youtube.com\/embed\/xCbnIZYsOyk\" allowfullscreen=\"allowfullscreen\" width=\"560\" height=\"315\" frameborder=\"0\"><\/iframe><\/p>\r\n<p>&nbsp;<\/p>\r\n<p class=\"zrodlo\">Oprac. www.bibula.com<br>\r\n2022-10-05<br>\r\nna podstawie <a href=\"https:\/\/www.lifesitenews.com\/news\/italian-bishop-attends-inauguration-ceremony-for-new-masonic-temple\/\">Lifesitenews (Oct 5, 2022)<\/a> oraz <a href=\"https:\/\/www.grandeoriente.it\/terni-inaugurato-il-nuovo-ingresso-della-casa-massonica-allevento-il-gran-maestro-il-sindaco-il-vescovo-e-alti-rappresentanti-delle-istituzioni-video\/\">Torna alla Home &#8211; GrandOriente.it (28 Settembre 2022)<\/a><\/p>\r\n<div style=\"position: static !important;\">&nbsp;<\/div>\r\n<\/div>\r\n<div style=\"position: static !important;\">&nbsp;<\/div>\r\n<div style=\"position: static !important;\">&nbsp;<\/div>\r\n<div style=\"position: static !important;\">&nbsp;<\/div>","protected":false},"excerpt":{"rendered":"W\u0142oski biskup w ubieg\u0142ym tygodniu uczestniczy\u0142 w ceremonii inauguracji nowego wej\u015bcia do lo\u017cy maso\u0144skiej Wielkiego Orientu W\u0142och w Terni. Po publicznym oburzeniu skandalem, diecezja szybko pr\u00f3bowa\u0142a ratowa\u0107 pozory, broni\u0105c obecno\u015bci biskupa na uroczysto\u015bci powo\u0142uj\u0105c si\u0119 na &#8222;\u015bcie\u017ck\u0119 synodaln\u0105&#8221;. &#8211; podaje Lifesitenews. 27 wrze\u015bnia biskup diecezji Terni, Francesco Antonio Soddu, wraz z licznymi urz\u0119dnikami miejskimi i [&hellip;]","protected":false},"author":1,"featured_media":0,"comment_status":"closed","ping_status":"closed","sticky":false,"template":"","format":"standard","meta":{"_acf_changed":false,"_monsterinsights_skip_tracking":false,"_monsterinsights_sitenote_active":false,"_monsterinsights_sitenote_note":"","_monsterinsights_sitenote_category":0,"ngg_post_thumbnail":0,"footnotes":"","_wp_rev_ctl_limit":""},"categories":[13],"tags":[131,207,33],"acf":[],"_links":{"self":[{"href":"https:\/\/www.bibula.com\/index.php?rest_route=\/wp\/v2\/posts\/136533"}],"collection":[{"href":"https:\/\/www.bibula.com\/index.php?rest_route=\/wp\/v2\/posts"}],"about":[{"href":"https:\/\/www.bibula.com\/index.php?rest_route=\/wp\/v2\/types\/post"}],"author":[{"embeddable":true,"href":"https:\/\/www.bibula.com\/index.php?rest_route=\/wp\/v2\/users\/1"}],"replies":[{"embeddable":true,"href":"https:\/\/www.bibula.com\/index.php?rest_route=%2Fwp%2Fv2%2Fcomments&post=136533"}],"version-history":[{"count":5,"href":"https:\/\/www.bibula.com\/index.php?rest_route=\/wp\/v2\/posts\/136533\/revisions"}],"predecessor-version":[{"id":136539,"href":"https:\/\/www.bibula.com\/index.php?rest_route=\/wp\/v2\/posts\/136533\/revisions\/136539"}],"wp:attachment":[{"href":"https:\/\/www.bibula.com\/index.php?rest_route=%2Fwp%2Fv2%2Fmedia&parent=136533"}],"wp:term":[{"taxonomy":"category","embeddable":true,"href":"https:\/\/www.bibula.com\/index.php?rest_route=%2Fwp%2Fv2%2Fcategories&post=136533"},{"taxonomy":"post_tag","embeddable":true,"href":"https:\/\/www.bibula.com\/index.php?rest_route=%2Fwp%2Fv2%2Ftags&post=136533"}],"curies":[{"name":"wp","href":"https:\/\/api.w.org\/{rel}","templated":true}]}}