{"id":136527,"date":"2022-10-05T11:10:20","date_gmt":"2022-10-05T15:10:20","guid":{"rendered":"https:\/\/www.bibula.com\/?p=136527"},"modified":"2022-10-05T11:10:20","modified_gmt":"2022-10-05T15:10:20","slug":"ambasador-rosji-w-polsce-komentuje-wizyte-w-msz-chamstwo-bezgraniczne","status":"publish","type":"post","link":"https:\/\/www.bibula.com\/?p=136527","title":{"rendered":"Ambasador Rosji w Polsce komentuje wizyt\u0119 w MSZ: \u201eChamstwo\u00a0bezgraniczne\u201d"},"content":{"rendered":"<div class=\"p_underline\">\r\n<p class=\"has-drop-cap\">Ambasador Rosji w Polsce Siergiej Andriejew, kt\u00f3ry w poniedzia\u0142ek zosta\u0142 wezwany do polskiego MSZ, powiedzia\u0142, \u017ce poproszono go o pot\u0119pienie referend\u00f3w w DRL, \u0141RL i obwodzie cherso\u0144skim i zaporoskim.<\/p>\r\n<p>Ambasador Rosji w Polsce Siergiej Andriejew zosta\u0142 wezwany w poniedzia\u0142ek do polskiego MSZ w zwi\u0105zku z referendami w Donieckiej i \u0141uga\u0144skiej Republikach Ludowych oraz obwodzie cherso\u0144skim i zaporoskim.<\/p>\r\n<p><span id=\"more-106097\"><\/span> Ambasador przekaza\u0142 wiceministrowi spraw zagranicznych Marcinowi Przydaczowi tekst pi\u0105tkowego wyst\u0105pienia prezydenta Rosji W\u0142adimira Putina podczas uroczysto\u015bci podpisania um\u00f3w o przy\u0142\u0105czeniu donbaskich republik i obwodu cherso\u0144skiego i zaporoskiego do Rosji. Andriejew podkre\u015bli\u0142, \u017ce DRL, \u0141RL, obw\u00f3d zaporoski i cherso\u0144ski stan\u0105 si\u0119 cz\u0119\u015bci\u0105 Rosji na zawsze.<\/p>\r\n<p><strong>Polskie w\u0142adze zaproponowa\u0142y mi odci\u0119cie si\u0119 od zdania Federacji Rosyjskiej <\/strong><em>[ambasadorowi!!!!! \u2013 admin]<\/em>, a b\u0119dzie mi okazane wsparcie itd.<\/p>\r\n<p>W odpowiedzi powiedzia\u0142em, \u017ce nie widz\u0119 sensu kontynuowania dyskusji na ten temat, mam na my\u015bli, nie konkretnie t\u0119 rozmow\u0119 ze mn\u0105, a w og\u00f3le na ten temat, poniewa\u017c nasze pozycje s\u0105 diametralnie r\u00f3\u017cne i wiadomo, \u017ce nie dojdziemy do porozumienia \u2013 powiedzia\u0142 Andriejew w rozmowie z telewizj\u0105 \u201eZwiezda\u201d.<\/p>\r\n<p>\u2013 By\u0142o mi powiedziane, \u017ce je\u015bli ja i najwyra\u017aniej, pracownicy ambasady, je\u015bli zdecydujemy si\u0119 na odci\u0119cie si\u0119 i os\u0105dzenie polityki rosyjskiego rz\u0105du, w\u00f3wczas dostaniemy wszelkie wsparcie. <strong>Chamstwo, jak to si\u0119 m\u00f3wi, bezgraniczne \u2013 doda\u0142<\/strong>.<\/p>\r\n<p>[\u0179r\u00f3d\u0142o:] <em><a href=\"https:\/\/pl.sputniknews.com\/20221003\/ambasador-rosji-w-polsce-komentuje-wizyte-w-msz-chamstwo-bezgraniczne-18375267.html\" target=\"_blank\" rel=\"noopener\">https:\/\/pl.sputniknews.com<\/a><\/em><\/p>\r\n<p class=\"zrodlo\">Ca\u0142o\u015b\u0107: <a href=\"https:\/\/marucha.wordpress.com\/2022\/10\/03\/ambasador-rosji-w-polsce-komentuje-wizyte-w-msz-chamstwo-bezgraniczne\/\">Dziennik gajowego Maruchy (2022-10-03)<\/a><\/p>\r\n<blockquote>\r\n<p>[<strong>Wybrane wypowiedzi internaut\u00f3w pod w\/w tekstem na stronie \u017ar\u00f3d\u0142owej:<\/strong>]<\/p>\r\n<p><em>Kwal<\/em><br>\r\nJak mo\u017cna wezwa\u0107 ambasadora pa\u0144stwa, \u017ceby ten pot\u0119pi\u0142 dzia\u0142alno\u015b\u0107 swojego pa\u0144stwa ! To w g\u0142owie si\u0119 nie mie\u015bci\u2026.<br>\r\n\u017byd Geremek vel Lewartow reorganizowa\u0142 polski MSZ i efekty s\u0105\u2026.<\/p>\r\n<p><em>Dario61<\/em><br>\r\nniestety za but\u0119 i chamstwo zap\u0142acimy my,obywatele tego kartonowego pa\u0144stwa.Zap\u0142ac\u0105 starzy i m\u0142odzi i dzieci.Zap\u0142ac\u0105 tak jak og\u0142upione ukry.A za kilkaset lat nast\u0119pcy b\u0119d\u0105 mieli kolejne \u015bwi\u0119to pa\u0144stwowe,kolejne \u015bwi\u0119towanie kl\u0119ski\u2026to takie typowo polskie.<\/p>\r\n<\/blockquote>\r\n<\/div>\r\n<h4>&nbsp;<\/h4>\r\n<hr style=\"background-color: #000000; border-width: 0; color: #000000; height: 2px; line-height: 0; text-align: center; width: 100%;\">\r\n<h4>&nbsp;<\/h4>\r\n<h2><strong>Zacharowa: pot\u0119piamy tch\u00f3rzliwe i pod\u0142e dzia\u0142ania MSZ Polski wzgl\u0119dem naszego ambasadora<\/strong><\/h2>\r\n<div class=\"p_underline\">\r\n<p class=\"has-drop-cap\">Rzeczniczka MSZ Rosji, Maria Zacharowa, mocno skrytykowa\u0142a polskie w\u0142adze w zwi\u0105zku z wezwaniem do polskiego MSZ rosyjskiego ambasadora. Rosjanie twierdz\u0105, \u017ce w ministerstwie rzekomo zaoferowano mu wsparcie, je\u015bli publicznie pot\u0119pi dzia\u0142ania Moskwy.<\/p>\r\n<p>W poniedzia\u0142ek do siedziby MSZ wezwano rosyjskiego ambasadora w Warszawie, Siergieja Andriejewa. Wiceminister spraw zagranicznych Marcin Przydacz wr\u0119czy\u0142 mu not\u0119 protestacyjn\u0105 w zwi\u0105zku z bezprawn\u0105, jednostronn\u0105 decyzj\u0105 o aneksji cz\u0119\u015bci ukrai\u0144skich ziem. Podobne dzia\u0142ania podj\u0119\u0142y m.in. W\u0142ochy, Finlandia i Estonia, natomiast Litwa wydali\u0142a ambasadora Rosji z kraju.<\/p>\r\n<p>Wed\u0142ug relacji strony rosyjskiej, w odpowiedzi rosyjski dyplomata wr\u0119czy\u0142 przedstawicielowi MSZ Polski tekst wyst\u0105pienia prezydenta Rosji, W\u0142adimira Putina z 30 wrze\u015bnia br., gdy na Kremlu og\u0142oszono w\u0142\u0105czenie w sk\u0142ad Federacji Rosyjskiej separatystycznych republik ludowych w Donbasie oraz okupowanych przez Rosj\u0119 cz\u0119\u015bci obwod\u00f3w cherso\u0144skiego i zaporoskiego, podpisuj\u0105c przy tym stosowne dokumenty. Andriejew o\u015bwiadczy\u0142, \u017ce nie otrzyma\u0142 \u017cadnej noty na pi\u015bmie. Twierdzi\u0142 te\u017c, \u017ce w polskim ministerstwie jakoby zaproponowano mu, by publicznie pot\u0119pi\u0142 polityk\u0119 Moskwy i jej agresj\u0119 przeciwko Ukrainie, obiecuj\u0105c mu zarazem wsparcie.[&#8230;]<\/p>\r\n<p class=\"zrodlo\">Ca\u0142o\u015b\u0107: <a href=\"https:\/\/kresy.pl\/wydarzenia\/zacharowa-potepiamy-tchorzliwe-i-podle-dzialania-msz-polski-wzgledem-naszego-ambasadora\/\">Kresy.pl (5 pa\u017adziernika 2022)<\/a><\/p>\r\n<p>&nbsp;<\/p>\r\n<h4>&nbsp;<\/h4>\r\n<hr style=\"background-color: #000000; border-width: 0; color: #000000; height: 2px; line-height: 0; text-align: center; width: 100%;\">\r\n<h4>&nbsp;<\/h4>\r\n<\/div>","protected":false},"excerpt":{"rendered":"Ambasador Rosji w Polsce Siergiej Andriejew, kt\u00f3ry w poniedzia\u0142ek zosta\u0142 wezwany do polskiego MSZ, powiedzia\u0142, \u017ce poproszono go o pot\u0119pienie referend\u00f3w w DRL, \u0141RL i obwodzie cherso\u0144skim i zaporoskim. Ambasador Rosji w Polsce Siergiej Andriejew zosta\u0142 wezwany w poniedzia\u0142ek do polskiego MSZ w zwi\u0105zku z referendami w Donieckiej i \u0141uga\u0144skiej Republikach Ludowych oraz obwodzie cherso\u0144skim [&hellip;]","protected":false},"author":1,"featured_media":0,"comment_status":"closed","ping_status":"closed","sticky":false,"template":"","format":"standard","meta":{"_acf_changed":false,"_monsterinsights_skip_tracking":false,"_monsterinsights_sitenote_active":false,"_monsterinsights_sitenote_note":"","_monsterinsights_sitenote_category":0,"ngg_post_thumbnail":0,"footnotes":"","_wp_rev_ctl_limit":""},"categories":[13,8],"tags":[98,141],"acf":[],"_links":{"self":[{"href":"https:\/\/www.bibula.com\/index.php?rest_route=\/wp\/v2\/posts\/136527"}],"collection":[{"href":"https:\/\/www.bibula.com\/index.php?rest_route=\/wp\/v2\/posts"}],"about":[{"href":"https:\/\/www.bibula.com\/index.php?rest_route=\/wp\/v2\/types\/post"}],"author":[{"embeddable":true,"href":"https:\/\/www.bibula.com\/index.php?rest_route=\/wp\/v2\/users\/1"}],"replies":[{"embeddable":true,"href":"https:\/\/www.bibula.com\/index.php?rest_route=%2Fwp%2Fv2%2Fcomments&post=136527"}],"version-history":[{"count":5,"href":"https:\/\/www.bibula.com\/index.php?rest_route=\/wp\/v2\/posts\/136527\/revisions"}],"predecessor-version":[{"id":136532,"href":"https:\/\/www.bibula.com\/index.php?rest_route=\/wp\/v2\/posts\/136527\/revisions\/136532"}],"wp:attachment":[{"href":"https:\/\/www.bibula.com\/index.php?rest_route=%2Fwp%2Fv2%2Fmedia&parent=136527"}],"wp:term":[{"taxonomy":"category","embeddable":true,"href":"https:\/\/www.bibula.com\/index.php?rest_route=%2Fwp%2Fv2%2Fcategories&post=136527"},{"taxonomy":"post_tag","embeddable":true,"href":"https:\/\/www.bibula.com\/index.php?rest_route=%2Fwp%2Fv2%2Ftags&post=136527"}],"curies":[{"name":"wp","href":"https:\/\/api.w.org\/{rel}","templated":true}]}}