{"id":136233,"date":"2022-09-17T12:01:01","date_gmt":"2022-09-17T16:01:01","guid":{"rendered":"https:\/\/www.bibula.com\/?p=136233"},"modified":"2022-09-17T12:01:01","modified_gmt":"2022-09-17T16:01:01","slug":"mieszkania-ukraincy","status":"publish","type":"post","link":"https:\/\/www.bibula.com\/?p=136233","title":{"rendered":"Mieszkania + Ukrai\u0144cy"},"content":{"rendered":"<div class=\"p_underline\">\r\n<p class=\"has-drop-cap\"><strong>Nacieszyli si\u0119 Pa\u0144stwo programem Mieszkanie Plus, kt\u00f3rym miliony polskich rodzin uzyska\u0142o tani, \u0142atwo dost\u0119pny i atrakcyjnie po\u0142o\u017cony dach nad g\u0142ow\u0105? Nie, nie zd\u0105\u017cyli Pa\u0144stwo? \u017be co, \u017ce nie wysz\u0142o i obiecanki-cacanki? No ju\u017c, nie ma co krytykowa\u0107, teraz na pewno wyjdzie! <\/strong><\/p>\r\n<p>Aha, z t\u0105 tylko poprawk\u0105, \u017ce rz\u0105d za\u0142atwi \u201eniedrogie mieszkania komunalne\u201d przesiedle\u0144com z Ukrainy.<\/p>\r\n<p>&nbsp;<\/p>\r\n<p><span id=\"more-105356\"><\/span><strong>Zakrzycze\u0107 krytyk\u0119<\/strong><\/p>\r\n<p>Pierwsz\u0105 pr\u00f3b\u0105 obdarowania Ukrai\u0144c\u00f3w polskimi mieszkaniami by\u0142a marcowa deklaracja Polskiego Funduszy Rozwoju o \u201ebezp\u0142atnym udost\u0119pnieniu uchod\u017acom z Ukrainy 650 mieszka\u0144, zbudowanych przez PFR Nieruchomo\u015bci w ramach rz\u0105dowego programu mieszkaniowego (\u2026) w 3 lokalizacjach: Krakowie, D\u0119bicy oraz Mi\u0144sku Mazowieckim\u201d, wraz z umeblowaniem i wyposa\u017ceniem.<\/p>\r\n<p>Nawet w panuj\u0105cym w\u00f3wczas powszechnym pobudzeniu pro-kijowskim informacja ta wzbudzi\u0142a na tyle negatywne reakcje, \u017ce\u2026 nie, no oczywi\u015bcie nie wycofano si\u0119 z osadzania Ukrai\u0144c\u00f3w, tylko zwymy\u015blano wszystkich krytyk\u00f3w od \u201esiewc\u00f3w fakenews\u00f3w w s\u0142u\u017cbie kremlowskiej propagandy\u201d. Tymczasem dzi\u015b okazuje si\u0119, \u017ce analogiczna, wieloletnia strategia ma zosta\u0107 wdro\u017cona w ca\u0142ym kraju, na milionow\u0105 skal\u0119 i oczywi\u015bcie za pieni\u0105dze podatnik\u00f3w.<\/p>\r\n<p>&nbsp;<\/p>\r\n<p><strong>Zamieszkaj\u0105 na koszt samorz\u0105d\u00f3w<\/strong><\/p>\r\n<p>Nowy pomys\u0142 w\u0142a\u015bnie zaanonsowa\u0142a minister ds. integracji spo\u0142ecznej Agnieszka \u015acigaj z dietetycznej formacji Polskie Sprawy, nale\u017c\u0105cej do PiS-owskiej Zjednoczonej Prawicy. Zdaniem przedstawicielki w\u0142adz III RP chodzi o to, by \u201eosoby uciekaj\u0105ce przed wojn\u0105 zacz\u0119\u0142y si\u0119 w miar\u0119 usamodzielnia\u0107\u201d dzi\u0119ki uzyskanym od polskiego rz\u0105du pracy oraz samodzielnemu lokum.<\/p>\r\n<p>Mieszkania dla Ukrai\u0144c\u00f3w maj\u0105 zosta\u0107 pozyskane od developer\u00f3w i prywatnych w\u0142a\u015bcicieli dysponuj\u0105cych pustostanami, a nast\u0119pnie zaadaptowane na koszt pa\u0144stwa, przy wsp\u00f3\u0142udziale samorz\u0105d\u00f3w, kt\u00f3re wyszukiwa\u0142yby odpowiednie nieruchomo\u015bci i pomaga\u0142y szcz\u0119\u015bliwym ukrai\u0144skim lokatorom ponosi\u0107 obci\u0105\u017cenia zwi\u0105zane z ich zarz\u0105dem i utrzymaniem. Od strony formalno-prawnej mia\u0142aby to by\u0107 forma dzier\u017cawy realizowanej w imieniu gmin przez TBS-y.<\/p>\r\n<p>Co warto podkre\u015bli\u0107, po zawarciu takiej tr\u00f3jstronnej umowy \u201ew tym momencie gmina przejmuje obowi\u0105zek p\u0142acenia czynszu, a nast\u0119pnie reguluje sobie odp\u0142atno\u015b\u0107 w zale\u017cno\u015bci od dochod\u00f3w i mo\u017cliwo\u015bci tego, komu to mieszkanie przydzieli\u201d \u2013 o\u015bwiadczy\u0142a minister \u015acigaj. No, to kamie\u0144 z serca, bo ju\u017c mo\u017cna by si\u0119 obawia\u0107, \u017ce to sami biedni ukrai\u0144scy przybysze b\u0119d\u0105 musieli p\u0142aci\u0107. Ale nie, spokojnie, to jednak p\u00f3jdzie z naszych podatk\u00f3w, przez bud\u017cety samorz\u0105d\u00f3w.<\/p>\r\n<p>&nbsp;<\/p>\r\n<p><strong>Maj\u0105 pracowa\u0107 w administracji<\/strong><\/p>\r\n<p>\u017beby jednak przesiedle\u0144cy dostawali co\u015b poza finansowanymi przez nasz mieszkaniami i zasi\u0142kami \u2013 rz\u0105d chce te\u017c wym\u00f3c na samorz\u0105dach, by to obywatele Ukrainy w pierwszej kolejno\u015bci znajdowali zatrudnienie np. w podmiotach publicznych realizuj\u0105cych zadania polityki spo\u0142ecznej. Jak niedwuznacznie wynika z wypowiedzi min. \u015acigaj \u2013 podobnie jak w kwestii pomocy lokalowej by\u0142aby to forma rz\u0105dowej propozycji nie do odrzucenia, zw\u0142aszcza wobec mniejszych samorz\u0105d\u00f3w.<\/p>\r\n<p>Rz\u0105d chce ewidentnie rozprowadzi\u0107 wielomilionow\u0105 rzesz\u0119 Ukrai\u0144c\u00f3w po kraju, obarczaj\u0105c zadaniem ich utrzymywania spo\u0142eczno\u015bci lokalne. Sk\u0105din\u0105d wyra\u017anie koliduje to z centralistyczn\u0105 polityki Prawa i Sprawiedliwo\u015bci, pozbawiaj\u0105c\u0105 samorz\u0105dy znacznej cz\u0119\u015bci dochod\u00f3w. Teraz dodatkowym elementem nacisku w interesie rz\u0105du \u2013 mieliby by\u0107 w terenie Ukrai\u0144cy.<\/p>\r\n<p>I co r\u00f3wnie wa\u017cne, rz\u0105d przestaje ju\u017c opowiada\u0107 bajki o \u201epowrocie imigrant\u00f3w na Ukrain\u0119\u201d. Przeciwnie, programem ma by\u0107 obj\u0119te na pocz\u0105tek co najmniej 1,2-1,5 mln przesiedle\u0144c\u00f3w, jego czas trwania zosta\u0142 wst\u0119pnie zakre\u015blony na \u201e5-6 lat\u201d.<\/p>\r\n<p>&nbsp;<\/p>\r\n<p><strong>Apartamenty dla Ukrai\u0144c\u00f3w zamiast przychodni<\/strong><\/p>\r\n<p>Trwa\u0142o\u015b\u0107 przesiedlenia Ukrai\u0144c\u00f3w do Polski potwierdza polityka samorz\u0105d\u00f3w bezpo\u015brednio sterowanych przez PiS, kt\u00f3re jak np. wojew\u00f3dztwo lubelskie. Oto jak zapowiedzia\u0142 marsza\u0142ek Jaros\u0142aw Stawiarski, z dost\u0119pnej dla regionu puli tzw. \u015brodk\u00f3w europejskich zosta\u0142o przeznaczone \u201e5 mln z\u0142 na gruntowny remont i stworzenie 10 mieszka\u0144 w dobrym standardzie i specjalistycznych punkt\u00f3w, kt\u00f3re pozwol\u0105 uchod\u017acom z Ukrainy spokojnie przeby\u0107 czas po\u017cogi wojennej\u201d. Przebudowywany gmach mie\u015bci\u0142 poprzednio plac\u00f3wk\u0119 ochrony zdrowia, fili\u0119 Wojew\u00f3dzkiego O\u015brodka Medycyny Pracy, teraz jednak na pewno lepiej pos\u0142u\u017cy naszym drogim ukrai\u0144skim go\u015bciom\u2026<\/p>\r\n<p>&nbsp;<\/p>\r\n<p><strong>Na biednych nie trafi\u0142o<\/strong><\/p>\r\n<p>Ci z pewno\u015bci\u0105 b\u0119d\u0105 zobowi\u0105zani, dot\u0105d bowiem musieli kupowa\u0107 mieszkania za got\u00f3wk\u0119. W 2021 r. to w\u0142a\u015bnie Ukrai\u0144cy stanowili najliczniejsz\u0105 grup\u0119 cudzoziemc\u00f3w nabywaj\u0105cych nieruchomo\u015bci w Polsce \u201eNie dziwi wi\u0119c, \u017ce od 7 lat to w\u0142a\u015bnie oni s\u0105 najwi\u0119ksz\u0105 grup\u0105 kupuj\u0105cych z obcym paszportem. W 2021 r. sfinalizowali transakcje dotycz\u0105ce co najmniej 4,5 tys. mieszka\u0144. Pod wzgl\u0119dem metra\u017cu obywatele Ukrainy kupili ich wi\u0119cej ni\u017c \u0142\u0105cznie obywatele kolejnych 16 kraj\u00f3w, w tym m.in. Niemiec, Bia\u0142orusi, Rosji, W\u0142och, Francji i Wielkiej Brytanii\u201d podali eksperci GetHome.pl.<\/p>\r\n<p>Trend ten jest powszechnie znany, a w\u015br\u00f3d przyby\u0142ych ju\u017c po wybuchu wojny r\u00f3wnie\u017c zauwa\u017calni byli klienci dysponuj\u0105cy du\u017c\u0105 ilo\u015bci\u0105 got\u00f3wki, co wskazuje na ich zainteresowanie sta\u0142ym pobytem i dzia\u0142alno\u015bci\u0105 w Polsce. Co wa\u017cne, ostatnie przepisy ograniczaj\u0105ce cudzoziemcom zakup nieruchomo\u015bci w strefie przygranicznej, s\u0105 ju\u017c od dawna martw\u0105 liter\u0105, raz ze wzgl\u0119du na znane nastawienie MSWiA, a dwa nie dotycz\u0105c nieograniczonego prawa do nabywania sp\u00f3\u0142dzielczego w\u0142asno\u015bciowego prawa do lokalu. No, a teraz dostan\u0105 lokale na koszt gmin\u2026<\/p>\r\n<p>&nbsp;<\/p>\r\n<p><strong>Polaku won pod most?<\/strong><\/p>\r\n<p>Ceny mieszka\u0144 na rynku wt\u00f3rnym (ok. 14 proc. wy\u017csze ni\u017c w zesz\u0142ym roku), podobnie jak i stawki najmu (wzrost nawet do 50 proc. w stosunku do 2021 r.) s\u0105 i tak a\u017c nadto nap\u0119dzane przez inflacj\u0119. Obietnica min. \u015acigaj podatkowego finansowania rz\u0105dowo-samorz\u0105dowego eldorado mieszkaniowego dla cudzoziemc\u00f3w tylko ten trend wzrostowy umocni.<\/p>\r\n<p>Jednocze\u015bnie za\u015b, wbrew ponawianym obietnicom, rz\u0105d PiS nie zrobi\u0142 niczego dla wyj\u015bcia z kryzysu polskiego mieszkalnictwa. Jak jeszcze w marcu 2022 r. og\u0142osi\u0142a Najwy\u017csza Izba Kontroli \u201eRealizacja rz\u0105dowego programu Mieszkanie Plus nie przynios\u0142a oczekiwanych efekt\u00f3w, tym samym nie wp\u0142yn\u0119\u0142a znacz\u0105co na popraw\u0119 warunk\u00f3w i rozwi\u0105zanie problem\u00f3w mieszkaniowych lokalnych spo\u0142eczno\u015bci. Rz\u0105d deklarowa\u0142, \u017ce do ko\u0144ca 2019 roku wybuduje 100 tysi\u0119cy mieszka\u0144 \u2013 jednak do u\u017cytku oddano nieco ponad 15 tys. mieszka\u0144, a 20,5 tys. znajdowa\u0142o si\u0119 w budowie (stan na koniec pa\u017adziernika 2021 r.). G\u0142\u00f3wnymi przyczynami zmniejszaj\u0105cymi efektywno\u015b\u0107 programu Mieszkanie Plus by\u0142y: brak skutecznych i sp\u00f3jnych ze sob\u0105 rozwi\u0105za\u0144 prawnych, a tak\u017ce opiesza\u0142o\u015b\u0107 we wdra\u017caniu akt\u00f3w wykonawczych\u201d.<\/p>\r\n<p>Tymczasem \u201eBrak stabilno\u015bci mieszkaniowej jest jednym z najistotniejszych problem\u00f3w w Polsce, determinuj\u0105cym w znacznym stopniu wybory rodzinne, zawodowe, a tak\u017ce w sferze jako\u015bci i komfortu \u017cycia Polak\u00f3w\u201d.<\/p>\r\n<p>C\u00f3\u017c, widocznie dzieje si\u0119 tak dlatego, \u017ce dla rz\u0105du III RP wa\u017cniejsze s\u0105 jako\u015b\u0107 i komfort \u017cycia ukrai\u0144skich przesiedle\u0144c\u00f3w w Polsce.<\/p>\r\n<p><strong><em>Konrad R\u0119kas<\/em><\/strong><br>\r\n<em><a href=\"https:\/\/konserwatyzm.pl\/rekas-mieszkania-ukraincy\/\" target=\"_blank\" rel=\"noopener\">https:\/\/konserwatyzm.pl<\/a><\/em><\/p>\r\n<p class=\"zrodlo\">Za: <a href=\"https:\/\/marucha.wordpress.com\/2022\/09\/14\/mieszkania-ukraincy\/\">Dziennik gajowego Maruchy (2022-09-14)<\/a><\/p>\r\n<\/div>\r\n<h4>&nbsp;<\/h4>\r\n<hr style=\"background-color: #000000; border-width: 0; color: #000000; height: 2px; line-height: 0; text-align: center; width: 100%;\">\r\n<h4>&nbsp;<\/h4>\r\n<h2><strong>Opieka zdrowotna dla uchod\u017ac\u00f3w kosztuje Polsk\u0119 co najmniej 300 mln z\u0142 miesi\u0119cznie. \u201eTo nie s\u0105 kompletne dane\u201d<\/strong><\/h2>\r\n<div class=\"p_underline\">\r\n<p class=\"has-drop-cap\">Minister do spraw integracji spo\u0142ecznej Agnieszka \u015acigaj zosta\u0142a zapytana we wtorek na antenie RMF FM, ile kosztuje opieka zdrowotna dla uchod\u017ac\u00f3w. \u201eW\u0142a\u015bnie na tym ko\u0144cowym etapie jeste\u015bmy liczenia\u201d \u2013 odpowiedzia\u0142a. Prowadz\u0105cy rozmow\u0119 przypomnia\u0142, \u017ce wed\u0142ug danych Narodowego Funduszu Zdrowia na milion uchod\u017ac\u00f3w potrzeba oko\u0142o 200 mln z\u0142otych miesi\u0119cznie. \u201ePotrzebujemy oko\u0142o 300 mln z\u0142otych miesi\u0119cznie tylko dla uchod\u017ac\u00f3w\u201d \u2013 podkre\u015bli\u0142, powo\u0142uj\u0105c si\u0119 na szacunkow\u0105 liczb\u0119 ukrai\u0144skich uchod\u017ac\u00f3w w Polsce. \u201eTak, ale to nie s\u0105 kompletne dane\u201d \u2013 zaznaczy\u0142a \u015acigaj. W kwietniu minister zdrowia Adam Niedzielski powiedzia\u0142, \u017ce koszt korzystania w pe\u0142ni z systemu opieki zdrowotnej przez milion uchod\u017ac\u00f3w to 300 mln miesi\u0119cznie.[..]<\/p>\r\n<p class=\"zrodlo\">Ca\u0142o\u015b\u0107: <a href=\"https:\/\/kresy.pl\/wydarzenia\/opieka-zdrowotna-dla-uchodzcow-kosztuje-polske-co-najmniej-300-mln-zl-miesiecznie-to-nie-sa-kompletne-dane\/\">Kresy.pl (14 wrze\u015bnia 2022)<\/a><\/p>\r\n<h4>&nbsp;<\/h4>\r\n<hr style=\"background-color: #000000; border-width: 0; color: #000000; height: 2px; line-height: 0; text-align: center; width: 100%;\">\r\n<h2>&nbsp;<\/h2>\r\n<h2><strong>\u0141odzianie nie chc\u0105 osiedli tylko dla uchod\u017ac\u00f3w. Kuria postawi na swoim?<\/strong><\/h2>\r\n<p class=\"has-drop-cap\"><strong>Awantura o uchod\u017ac\u00f3w w \u0141odzi. Mieszka\u0144cy nie chc\u0105 specjalnego osiedla dla Ukrai\u0144c\u00f3w. Archidiecezja \u0142\u00f3dzka, kt\u00f3ra za projekt odpowiada, nie planuje si\u0119 z niego wycofywa\u0107, ale nie wyklucza zmian.<\/strong><\/p>\r\n<p>Powstanie osiedla 10 dom\u00f3w chronionych przeznaczonych dla uchod\u017ac\u00f3w wojennych z Ukrainy i os\u00f3b bezdomnych by\u0142o inicjatyw\u0105 metropolity \u0142\u00f3dzkiego abp. Grzegorza Rysia. Duchowny projekt og\u0142osi\u0142 w kwietniu br.<\/p>\r\n<p>Mia\u0142o by\u0107 to wsp\u00f3lne przedsi\u0119wzi\u0119cie archidiecezji, \u0142\u00f3dzkiego Caritasu i miasta, kt\u00f3re zadeklarowa\u0142o przygotowanie i przekazanie z du\u017c\u0105 bonifikat\u0105 dzia\u0142ki pod budow\u0119 osiedla. [&#8230;]<\/p>\r\n<p class=\"zrodlo\">Ca\u0142o\u015b\u0107: <a href=\"https:\/\/nczas.com\/2022\/09\/15\/lodzianie-nie-chca-osiedli-tylko-dla-uchodzcow-kuria-postawi-na-swoim\/\">Najwy\u017cszy Czas! (15 wrze\u015bnia 2022)<\/a><\/p>\r\n<h4 class=\"p_underline\">&nbsp;<\/h4>\r\n<h4>&nbsp;<\/h4>\r\n<hr style=\"background-color: #000000; border-width: 0; color: #000000; height: 2px; line-height: 0; text-align: center; width: 100%;\">\r\n<h4>&nbsp;<\/h4>\r\n<h2><strong>Temat dom\u00f3w dla uchod\u017ac\u00f3w zdj\u0119ty z porz\u0105dku obrad Rady Miejskiej na pro\u015bb\u0119 abp. Rysia<\/strong><\/h2>\r\n<p>\u2013 <em>Nie b\u0119dziemy tworzy\u0107 dzie\u0142 mi\u0142osierdzia w atmosferze niezrozumienia i wojny<\/em> \u2013 m\u00f3wi arcybiskup Grzegorz Ry\u015b, pomys\u0142odawca projektu budowy osiedla dla uchod\u017ac\u00f3w z Ukrainy. Dzi\u015b, podczas obrad Rady Miejskiej, miano procedowa\u0107 projekt zwi\u0105zany z udzia\u0142em Miasta \u0141odzi we wsp\u00f3lnym dziele budowy osiedla domk\u00f3w dla ukrai\u0144skich uchod\u017ac\u00f3w. Na pro\u015bb\u0119 metropolity \u0142\u00f3dzkiego ten punkt zosta\u0142 zdj\u0119ty z obrad. [&#8230;]<\/p>\r\n<p class=\"zrodlo\">Ca\u0142o\u015b\u0107: <a href=\"https:\/\/www.ekai.pl\/temat-domow-dla-uchodzcow-zdjety-z-porzadku-obrad-rady-miejskiej-na-prosbe-abp-rysia\/\">ekai.pl (14 wrze\u015bnia 2022)<\/a><\/p>\r\n<\/div>","protected":false},"excerpt":{"rendered":"Nacieszyli si\u0119 Pa\u0144stwo programem Mieszkanie Plus, kt\u00f3rym miliony polskich rodzin uzyska\u0142o tani, \u0142atwo dost\u0119pny i atrakcyjnie po\u0142o\u017cony dach nad g\u0142ow\u0105? Nie, nie zd\u0105\u017cyli Pa\u0144stwo? \u017be co, \u017ce nie wysz\u0142o i obiecanki-cacanki? No ju\u017c, nie ma co krytykowa\u0107, teraz na pewno wyjdzie! Aha, z t\u0105 tylko poprawk\u0105, \u017ce rz\u0105d za\u0142atwi \u201eniedrogie mieszkania komunalne\u201d przesiedle\u0144com z Ukrainy. [&hellip;]","protected":false},"author":1,"featured_media":0,"comment_status":"closed","ping_status":"closed","sticky":false,"template":"","format":"standard","meta":{"_acf_changed":false,"_monsterinsights_skip_tracking":false,"_monsterinsights_sitenote_active":false,"_monsterinsights_sitenote_note":"","_monsterinsights_sitenote_category":0,"ngg_post_thumbnail":0,"footnotes":"","_wp_rev_ctl_limit":""},"categories":[13],"tags":[98,167],"acf":[],"_links":{"self":[{"href":"https:\/\/www.bibula.com\/index.php?rest_route=\/wp\/v2\/posts\/136233"}],"collection":[{"href":"https:\/\/www.bibula.com\/index.php?rest_route=\/wp\/v2\/posts"}],"about":[{"href":"https:\/\/www.bibula.com\/index.php?rest_route=\/wp\/v2\/types\/post"}],"author":[{"embeddable":true,"href":"https:\/\/www.bibula.com\/index.php?rest_route=\/wp\/v2\/users\/1"}],"replies":[{"embeddable":true,"href":"https:\/\/www.bibula.com\/index.php?rest_route=%2Fwp%2Fv2%2Fcomments&post=136233"}],"version-history":[{"count":4,"href":"https:\/\/www.bibula.com\/index.php?rest_route=\/wp\/v2\/posts\/136233\/revisions"}],"predecessor-version":[{"id":136238,"href":"https:\/\/www.bibula.com\/index.php?rest_route=\/wp\/v2\/posts\/136233\/revisions\/136238"}],"wp:attachment":[{"href":"https:\/\/www.bibula.com\/index.php?rest_route=%2Fwp%2Fv2%2Fmedia&parent=136233"}],"wp:term":[{"taxonomy":"category","embeddable":true,"href":"https:\/\/www.bibula.com\/index.php?rest_route=%2Fwp%2Fv2%2Fcategories&post=136233"},{"taxonomy":"post_tag","embeddable":true,"href":"https:\/\/www.bibula.com\/index.php?rest_route=%2Fwp%2Fv2%2Ftags&post=136233"}],"curies":[{"name":"wp","href":"https:\/\/api.w.org\/{rel}","templated":true}]}}