{"id":13620,"date":"2009-09-04T15:01:26","date_gmt":"2009-09-04T20:01:26","guid":{"rendered":"http:\/\/www.bibula.com\/?p=13620"},"modified":"2009-09-04T15:01:26","modified_gmt":"2009-09-04T20:01:26","slug":"czy-prezydent-chorwacji-mysli-ze-krzyze-przeszkadzaja-jego-krajowi-wejsc-do-ue","status":"publish","type":"post","link":"https:\/\/www.bibula.com\/?p=13620","title":{"rendered":"Czy prezydent Chorwacji my\u015bli \u017ce krzy\u017ce przeszkadzaj\u0105 jego krajowi wej\u015b\u0107 do UE?"},"content":{"rendered":"<p>Oficjalne czasopismo chorwackiego Ko\u015bcio\u0142a katolickiego krytykuje inicjatyw\u0119 prezydenta Stjepana Mesi\u0107a, kt\u00f3ry chce usun\u0105\u0107 krzy\u017ce z instytucji publicznych, takich jak szko\u0142y, szpitale czy s\u0105dy.<\/p>\r\n\r\n<p>\u201eKrzy\u017c jest symbolem cywilizacji, a nie tylko religii czy Ko\u015bcio\u0142a\u201d &#8211; czytamy w najnowszym numerze chorwackiego tygodnika katolickiego \u201eGlas Koncila\u201d. Mimo to G\u0142owa Pa\u0144stwa domaga si\u0119 usuni\u0119cia krzy\u017cy i powo\u0142uje si\u0119 na \u015bwiecko\u015b\u0107 pa\u0144stwa. Opinia publiczna nie podziela jednak jego pogl\u0105du, bowiem z decyzj\u0105 Mesi\u0107a nie zgadza si\u0119 wi\u0119kszo\u015b\u0107 chorwackiego spo\u0142ecze\u0144stwa.<\/p>\r\n\r\n<p>Tamtejszy episkopat wezwa\u0142 prezydenta, by rozwa\u017cy\u0142 sw\u0105 inicjatyw\u0119 i nie demonizowa\u0142 krzy\u017ca. Zdaniem hierarch\u00f3w walka z krzy\u017cami to polityczny temat zast\u0119pczy, kt\u00f3ry ma odwr\u00f3ci\u0107 uwag\u0119 od realnych problem\u00f3w. W Chorwacji katolicy stanowi\u0105 niemal 90 proc. spo\u0142ecze\u0144stwa.<\/p>\r\n\r\n<p>Stjepan Mesi\u0107, jest prezydentem Chorwacji od 2000 roku. W 2005 roku zosta\u0142 wybrany na drug\u0105 kadencj\u0119. Realizuje on konsekwentn\u0105 polityk\u0119 zbli\u017cenia Chorwacji do UE.<\/p>\r\n\r\n<p>JaLu\/Wiara.pl<\/p>","protected":false},"excerpt":{"rendered":"Oficjalne czasopismo chorwackiego Ko\u015bcio\u0142a katolickiego krytykuje inicjatyw\u0119 prezydenta Stjepana Mesi\u0107a, kt\u00f3ry chce usun\u0105\u0107 krzy\u017ce z instytucji publicznych, takich jak szko\u0142y, szpitale czy s\u0105dy. \u201eKrzy\u017c jest symbolem cywilizacji, a nie tylko religii czy Ko\u015bcio\u0142a\u201d &#8211; czytamy w najnowszym numerze chorwackiego tygodnika katolickiego \u201eGlas Koncila\u201d. Mimo to G\u0142owa Pa\u0144stwa domaga si\u0119 usuni\u0119cia krzy\u017cy i powo\u0142uje si\u0119 na [&hellip;]","protected":false},"author":1,"featured_media":0,"comment_status":"closed","ping_status":"closed","sticky":false,"template":"","format":"standard","meta":{"_acf_changed":false,"_monsterinsights_skip_tracking":false,"_monsterinsights_sitenote_active":false,"_monsterinsights_sitenote_note":"","_monsterinsights_sitenote_category":0,"ngg_post_thumbnail":0,"footnotes":"","_wp_rev_ctl_limit":""},"categories":[6],"tags":[100],"acf":[],"_links":{"self":[{"href":"https:\/\/www.bibula.com\/index.php?rest_route=\/wp\/v2\/posts\/13620"}],"collection":[{"href":"https:\/\/www.bibula.com\/index.php?rest_route=\/wp\/v2\/posts"}],"about":[{"href":"https:\/\/www.bibula.com\/index.php?rest_route=\/wp\/v2\/types\/post"}],"author":[{"embeddable":true,"href":"https:\/\/www.bibula.com\/index.php?rest_route=\/wp\/v2\/users\/1"}],"replies":[{"embeddable":true,"href":"https:\/\/www.bibula.com\/index.php?rest_route=%2Fwp%2Fv2%2Fcomments&post=13620"}],"version-history":[{"count":0,"href":"https:\/\/www.bibula.com\/index.php?rest_route=\/wp\/v2\/posts\/13620\/revisions"}],"wp:attachment":[{"href":"https:\/\/www.bibula.com\/index.php?rest_route=%2Fwp%2Fv2%2Fmedia&parent=13620"}],"wp:term":[{"taxonomy":"category","embeddable":true,"href":"https:\/\/www.bibula.com\/index.php?rest_route=%2Fwp%2Fv2%2Fcategories&post=13620"},{"taxonomy":"post_tag","embeddable":true,"href":"https:\/\/www.bibula.com\/index.php?rest_route=%2Fwp%2Fv2%2Ftags&post=13620"}],"curies":[{"name":"wp","href":"https:\/\/api.w.org\/{rel}","templated":true}]}}