{"id":136108,"date":"2022-09-08T12:27:49","date_gmt":"2022-09-08T16:27:49","guid":{"rendered":"https:\/\/www.bibula.com\/?p=136108"},"modified":"2022-09-08T17:42:15","modified_gmt":"2022-09-08T21:42:15","slug":"minister-spraw-zagranicznych-niemiec-bedziemy-wspierali-ukraine-niezaleznie-od-tego-co-mysli-niemiecki-wyborca","status":"publish","type":"post","link":"https:\/\/www.bibula.com\/?p=136108","title":{"rendered":"Minister Spraw Zagranicznych Niemiec: B\u0119dziemy wspierali Ukrain\u0119 niezale\u017cnie od tego co my\u015bli niemiecki wyborca&#8230;"},"content":{"rendered":"<div class=\"p_underline\">\r\n<p class=\"has-drop-cap\">Annalena Baerbock z Partii Zielonych, minister spraw zagranicznych w rz\u0105dzie koalicyjnym Olafa Scholza, <span style=\"text-decoration: underline;\"><a href=\"https:\/\/www.youtube.com\/watch?v=78-_Ou5sH3k&amp;t=4983s\">powiedzia\u0142a<\/a><\/span>, \u017ce niemiecki rz\u0105d b\u0119dzie wspiera\u0142 ukrai\u0144skie dzia\u0142ania wojenne &#8222;tak d\u0142ugo, jak b\u0119d\u0105 nas potrzebowa\u0107&#8221; i <strong>bez wzgl\u0119du na to, jaka jest opinia publiczna wyborc\u00f3w w tej sprawie<\/strong>.<\/p>\r\n<p>Annalena Baerbock, wyst\u0119puj\u0105c na konferencji Forum 2000 w Pradze, powiedzia\u0142a, \u017ce obietnica z\u0142o\u017cona narodowi ukrai\u0144skiemu musi zosta\u0107 spe\u0142niona &#8222;<strong><em>niezale\u017cnie od tego, co my\u015bli m\u00f3j niemiecki wyborca<\/em><\/strong>\u201d.<\/p>\r\n<p>&nbsp;<\/p>\r\n<p><iframe title=\"YouTube video player\" src=\"https:\/\/www.youtube.com\/embed\/78-_Ou5sH3k\" allowfullscreen=\"allowfullscreen\" width=\"560\" height=\"315\" frameborder=\"0\"><\/iframe><\/p>\r\n<p>&nbsp;<\/p>\r\n<p>Rozanielona swoimi wizjami polityczka niemieckiej Partii Zielonych powiedzia\u0142a dobitnie, \u017ce je\u015bli spo\u0142ecze\u0144stwu nie podoba si\u0119 kierunek, jaki obra\u0142 rz\u0105d, mo\u017ce wyrazi\u0107 swoje niezadowolenie podczas kolejnych wybor\u00f3w.<\/p>\r\n<p>&#8222;<em>Czeka nas zima, w kt\u00f3rej my jako politycy zostaniemy wyzwani, gdy ludzie wyjd\u0105 na ulic\u0119 i powiedz\u0105 'nie mo\u017cemy zap\u0142aci\u0107 naszych rachunk\u00f3w za energi\u0119&#8217;, a ja powiem 'tak, wiem, wi\u0119c pomagamy wam \u015brodkami socjalnymi&#8217;, ale nie chc\u0119 powiedzie\u0107, \u017ce wtedy zatrzymamy sankcje wobec Rosji.<\/em>&#8221; &#8211; powiedzia\u0142a szefowa MSZ, Baerbock.<\/p>\r\n<p>Nota bene, jak wida\u0107 z filmu, w\u015br\u00f3d zaproszonych na scen\u0119 4 szanownych go\u015bci Forum 2000 by\u0142 &#8222;polski&#8221; Minister SZ, nijaki Rau, kt\u00f3ry najgor\u0119cej oklaskiwa\u0142 wypowied\u017a niemieckiej minister. Rau w swoich pi\u0119ciu minutach doda\u0142, \u017ce &#8222;jest rzecz\u0105 absolutnie nadrz\u0119dn\u0105: Ukraina <em>musi<\/em> wygra\u0107 wojn\u0119&#8221;. Niestety, nie dopowiedzia\u0142 co stanie si\u0119 &#8211; r\u00f3wnie\u017c z Polsk\u0105 &#8211; je\u015bli te marzenia nie ziszcz\u0105 si\u0119&#8230;<\/p>\r\n<p>Dalej nie b\u0119dziemy cytowali &#8222;wybranych demokratycznie&#8221; przedstawicieli aby nie popsu\u0107 nastroju wyznawcom religii demokracji i uczestnikom regularnych liturgii &#8222;demokratycznych&#8221; wybor\u00f3w.<\/p>\r\n<p class=\"zrodlo\">Oprac. www.bibula.com<br>\r\n2022-09-08<\/p>\r\n<\/div>\r\n<div style=\"position: static !important;\">&nbsp;<\/div>\r\n<div style=\"position: static !important;\">&nbsp;<\/div>\r\n<div style=\"position: static !important;\">&nbsp;<\/div>\r\n<div style=\"position: static !important;\">&nbsp;<\/div>\r\n<div style=\"position: static !important;\">&nbsp;<\/div>\r\n<div style=\"position: static !important;\">&nbsp;<\/div>\r\n<div style=\"position: static !important;\">&nbsp;<\/div>\r\n<div style=\"position: static !important;\">&nbsp;<\/div>","protected":false},"excerpt":{"rendered":"Annalena Baerbock z Partii Zielonych, minister spraw zagranicznych w rz\u0105dzie koalicyjnym Olafa Scholza, powiedzia\u0142a, \u017ce niemiecki rz\u0105d b\u0119dzie wspiera\u0142 ukrai\u0144skie dzia\u0142ania wojenne &#8222;tak d\u0142ugo, jak b\u0119d\u0105 nas potrzebowa\u0107&#8221; i bez wzgl\u0119du na to, jaka jest opinia publiczna wyborc\u00f3w w tej sprawie. Annalena Baerbock, wyst\u0119puj\u0105c na konferencji Forum 2000 w Pradze, powiedzia\u0142a, \u017ce obietnica z\u0142o\u017cona narodowi [&hellip;]","protected":false},"author":1,"featured_media":0,"comment_status":"closed","ping_status":"closed","sticky":false,"template":"","format":"standard","meta":{"_acf_changed":false,"_monsterinsights_skip_tracking":false,"_monsterinsights_sitenote_active":false,"_monsterinsights_sitenote_note":"","_monsterinsights_sitenote_category":0,"ngg_post_thumbnail":0,"footnotes":"","_wp_rev_ctl_limit":""},"categories":[13,6],"tags":[147,166,167],"acf":[],"_links":{"self":[{"href":"https:\/\/www.bibula.com\/index.php?rest_route=\/wp\/v2\/posts\/136108"}],"collection":[{"href":"https:\/\/www.bibula.com\/index.php?rest_route=\/wp\/v2\/posts"}],"about":[{"href":"https:\/\/www.bibula.com\/index.php?rest_route=\/wp\/v2\/types\/post"}],"author":[{"embeddable":true,"href":"https:\/\/www.bibula.com\/index.php?rest_route=\/wp\/v2\/users\/1"}],"replies":[{"embeddable":true,"href":"https:\/\/www.bibula.com\/index.php?rest_route=%2Fwp%2Fv2%2Fcomments&post=136108"}],"version-history":[{"count":10,"href":"https:\/\/www.bibula.com\/index.php?rest_route=\/wp\/v2\/posts\/136108\/revisions"}],"predecessor-version":[{"id":136117,"href":"https:\/\/www.bibula.com\/index.php?rest_route=\/wp\/v2\/posts\/136108\/revisions\/136117"}],"wp:attachment":[{"href":"https:\/\/www.bibula.com\/index.php?rest_route=%2Fwp%2Fv2%2Fmedia&parent=136108"}],"wp:term":[{"taxonomy":"category","embeddable":true,"href":"https:\/\/www.bibula.com\/index.php?rest_route=%2Fwp%2Fv2%2Fcategories&post=136108"},{"taxonomy":"post_tag","embeddable":true,"href":"https:\/\/www.bibula.com\/index.php?rest_route=%2Fwp%2Fv2%2Ftags&post=136108"}],"curies":[{"name":"wp","href":"https:\/\/api.w.org\/{rel}","templated":true}]}}