{"id":136051,"date":"2022-09-06T10:20:06","date_gmt":"2022-09-06T14:20:06","guid":{"rendered":"https:\/\/www.bibula.com\/?p=136051"},"modified":"2022-09-06T10:20:06","modified_gmt":"2022-09-06T14:20:06","slug":"partia-zielonych-dead-men-walking-ernst-wolff","status":"publish","type":"post","link":"https:\/\/www.bibula.com\/?p=136051","title":{"rendered":"Partia Zielonych: Dead men walking &#8211; <em>Ernst Wolff<\/em>"},"content":{"rendered":"<div class=\"p_underline\">\r\n<p class=\"has-drop-cap\">Zieloni pojawili si\u0119 w latach 80. jako partia protestu z ruch\u00f3w antynuklearnych i pokojowych i szybko znale\u017ali si\u0119 w parlamencie. Jej zwolennicy wyznawali oddoln\u0105 demokracj\u0119 i pacyfizm, a jej pocz\u0105tkowe przyw\u00f3dztwo obieca\u0142o, \u017ce nie stanie si\u0119 cz\u0119\u015bci\u0105 g\u0142\u00f3wnego nurtu polityki.<\/p>\r\n<p>Obietnica ta zosta\u0142a szybko z\u0142amana. W parlamentach zniesiono zasad\u0119, \u017ce \u017caden pose\u0142 nie mo\u017ce sprawowa\u0107 urz\u0119du publicznego przez wi\u0119cej ni\u017c jedn\u0105 kadencj\u0119. W bardzo kr\u00f3tkim czasie, wcze\u015bniej radykalni ideolodzy przekszta\u0142cili si\u0119 w ob\u015blizg\u0142ych profesjonalist\u00f3w politycznych, kt\u00f3rzy p\u0142awili si\u0119 w talk-show nadawc\u00f3w publicznych i naturalnie korzystali z przywilej\u00f3w w\u0142adzy.<\/p>\r\n<p>Wraz z przej\u015bciem do czerwono-zielonego rz\u0105du w 1998 r. prawie wszystkie zasady zosta\u0142y wyrzucone za burt\u0119. Pacyfizm zosta\u0142 pogrzebany, NATO zosta\u0142o przemianowane z wroga na przyjaciela i nakazano pierwsze powojenne u\u017cycie niemieckiej armii po II wojnie \u015bwiatowej przeciwko Serbii.<\/p>\r\n<p>A to nie wszystko: czasy pracy elektrowni j\u0105drowych zosta\u0142y wyd\u0142u\u017cone o 30 lat, a elita finansowa, wcze\u015bniej mocno krytykowana, w miar\u0119 post\u0119puj\u0105cej deregulacji mia\u0142a coraz wi\u0119cej okazji do zarabiania pieni\u0119dzy.<\/p>\r\n<p>Po rozpadzie czerwono-zielonej koalicji na kilka lat znalaz\u0142a si\u0119 w opozycji, w kt\u00f3rej za pomoc\u0105 agencji reklamowych dopracowywa\u0142a sw\u00f3j wizerunek i jednocze\u015bnie zbli\u017ca\u0142a si\u0119 coraz bardziej do globalnych sieci, takich jak Atlantic Council, \u015awiatowe Forum Ekonomiczne lub, w mi\u0119dzyczasie, ca\u0142kowicie z g\u0142\u00f3wnego nurtu, zdominowane przez organizacje pozarz\u0105dowe, takie jak Greenpeace i Amnesty International Association.<\/p>\r\n<p>Fakt, \u017ce Zieloni przej\u0119li obecnie wiele kluczowych funkcji w koalicji sygnalizacji \u015bwietlnej [<em>okre\u015blenie pochodzi od kolor\u00f3w partyjnych partii tworz\u0105cych obecnie koalicj\u0119 rz\u0105dow\u0105 w Niemczech tj. czerwony, \u017c\u00f3\u0142ty i zielony &#8211; przyp. t\u0142um<\/em>], sprawia, \u017ce \u200b\u200bich czo\u0142owi przedstawiciele s\u0105 wyra\u017anie dumni. Ale i wielu obserwator\u00f3w jest zak\u0142opotanych, zastanawiaj\u0105 si\u0119 oni jak mo\u017cna osi\u0105gn\u0105\u0107 taki szczyt niekompetencji i jak mo\u017cna zrujnowa\u0107 gospodark\u0119 na oczach narodu?<\/p>\r\n<p>Przede wszystkim jednak zadaje si\u0119 sobie pytanie: jak Zieloni mog\u0105 powa\u017cnie wierzy\u0107, \u017ce mog\u0105 politycznie przetrwa\u0107 krach gospodarczy, kt\u00f3ry obecnie powoduj\u0105?<\/p>\r\n<p>Odpowied\u017a na oba pytania brzmi: Zieloni \u2013 podobnie jak ich partnerzy z SPD i FDP \u2013 s\u0105 politycznymi oportunistami, kt\u00f3rzy oddali cia\u0142o i dusz\u0119 w\u0142adcom naszych czas\u00f3w, s\u0105 upojeni w\u0142adz\u0105 i realizuj\u0105 sw\u00f3j program Wielkiego Resetu i s\u0105 nimi nawet nie wiedz\u0105c, \u017ce s\u0105.<\/p>\r\n<p>W przewidywalnej przysz\u0142o\u015bci sko\u0144cz\u0105 jako tych w\u0142adc\u00f3w szeregowe ofiary.<\/p>\r\n<p>Mo\u017cna by\u0107 absolutnie pewnym, \u017ce wywo\u0142ana przez nich zapa\u015b\u0107 gospodarcza, kt\u00f3ra zniszczy przede wszystkim klas\u0119 \u015bredni\u0105, czyli podstaw\u0119 naszej gospodarki, b\u0119dzie mia\u0142a ogromne konsekwencje. Powszechna aprobata nie tylko drastycznie spadnie, ale Zieloni wkr\u00f3tce stan\u0105 w obliczu fali odrzucenia, kt\u00f3rej nie widziano od ponad 40 lat.<\/p>\r\n<p><em>Oczywi\u015bcie ci, kt\u00f3rzy maj\u0105 w\u0142adz\u0119, skorzystaj\u0105 z tego. B\u0119d\u0105 ch\u0142odno obwinia\u0107 za nieszcz\u0119\u015bcie Zielonych i ich koalicjant\u00f3w i tym samym zapocz\u0105tkuj\u0105 ich upadek polityczny.<\/em><\/p>\r\n<p>Innymi s\u0142owy, Zieloni i ich bezgraniczne, op\u0119tane obsesj\u0105 w\u0142adzy przyw\u00f3dztwo to nic innego jak tymczasowy instrument elity, kt\u00f3rego termin wyga\u015bni\u0119cia zbli\u017ca si\u0119 wielkimi krokami. Przede wszystkim jednak ten rozw\u00f3j pokazuje nam, \u017ce <strong>prawdziwi w\u0142adcy naszych czas\u00f3w nie zasiadaj\u0105 w parlamentach i nie s\u0105 wybierani przez lud<\/strong>. Prawdziwi w\u0142adcy trzymaj\u0105 si\u0119 bardzo dyskretnie na uboczu i oddaj\u0105 cz\u0119\u015b\u0107 swojej w\u0142adzy si\u0142om, kt\u00f3re \u2013 pod jakimikolwiek has\u0142ami ideologicznymi \u2013 ca\u0142kowicie im si\u0119 podporz\u0105dkowuj\u0105.<\/p>\r\n<p><em><strong>Ernst Wolff<\/strong><\/em><\/p>\r\n<p>T\u0142umaczy\u0142: Pawe\u0142 Jakubas, prosz\u0119 o jedno Zdrowa\u015b Maryjo za moj\u0105 prac\u0119.<\/p>\r\n<p>Orygina\u0142 ukaza\u0142 si\u0119 5.09.2022 roku na stronie: https:\/\/apolut.net\/die-gruenen-dead-men-walking-von-ernst-wolff\/<\/p>\r\n<\/div>","protected":false},"excerpt":{"rendered":"Zieloni pojawili si\u0119 w latach 80. jako partia protestu z ruch\u00f3w antynuklearnych i pokojowych i szybko znale\u017ali si\u0119 w parlamencie. Jej zwolennicy wyznawali oddoln\u0105 demokracj\u0119 i pacyfizm, a jej pocz\u0105tkowe przyw\u00f3dztwo obieca\u0142o, \u017ce nie stanie si\u0119 cz\u0119\u015bci\u0105 g\u0142\u00f3wnego nurtu polityki. Obietnica ta zosta\u0142a szybko z\u0142amana. W parlamentach zniesiono zasad\u0119, \u017ce \u017caden pose\u0142 nie mo\u017ce sprawowa\u0107 [&hellip;]","protected":false},"author":1,"featured_media":0,"comment_status":"closed","ping_status":"closed","sticky":false,"template":"","format":"standard","meta":{"_acf_changed":false,"_monsterinsights_skip_tracking":false,"_monsterinsights_sitenote_active":false,"_monsterinsights_sitenote_note":"","_monsterinsights_sitenote_category":0,"ngg_post_thumbnail":0,"footnotes":"","_wp_rev_ctl_limit":""},"categories":[13],"tags":[166,414,351],"acf":[],"_links":{"self":[{"href":"https:\/\/www.bibula.com\/index.php?rest_route=\/wp\/v2\/posts\/136051"}],"collection":[{"href":"https:\/\/www.bibula.com\/index.php?rest_route=\/wp\/v2\/posts"}],"about":[{"href":"https:\/\/www.bibula.com\/index.php?rest_route=\/wp\/v2\/types\/post"}],"author":[{"embeddable":true,"href":"https:\/\/www.bibula.com\/index.php?rest_route=\/wp\/v2\/users\/1"}],"replies":[{"embeddable":true,"href":"https:\/\/www.bibula.com\/index.php?rest_route=%2Fwp%2Fv2%2Fcomments&post=136051"}],"version-history":[{"count":1,"href":"https:\/\/www.bibula.com\/index.php?rest_route=\/wp\/v2\/posts\/136051\/revisions"}],"predecessor-version":[{"id":136052,"href":"https:\/\/www.bibula.com\/index.php?rest_route=\/wp\/v2\/posts\/136051\/revisions\/136052"}],"wp:attachment":[{"href":"https:\/\/www.bibula.com\/index.php?rest_route=%2Fwp%2Fv2%2Fmedia&parent=136051"}],"wp:term":[{"taxonomy":"category","embeddable":true,"href":"https:\/\/www.bibula.com\/index.php?rest_route=%2Fwp%2Fv2%2Fcategories&post=136051"},{"taxonomy":"post_tag","embeddable":true,"href":"https:\/\/www.bibula.com\/index.php?rest_route=%2Fwp%2Fv2%2Ftags&post=136051"}],"curies":[{"name":"wp","href":"https:\/\/api.w.org\/{rel}","templated":true}]}}