{"id":13599,"date":"2009-09-04T10:09:47","date_gmt":"2009-09-04T15:09:47","guid":{"rendered":"http:\/\/www.bibula.com\/?p=13599"},"modified":"2009-09-04T10:09:47","modified_gmt":"2009-09-04T15:09:47","slug":"kanada-dzieci-w-quebecu-musza-uczeszczac-na-lekcje-relatywizmu","status":"publish","type":"post","link":"https:\/\/www.bibula.com\/?p=13599","title":{"rendered":"Kanada: dzieci w Quebecu musz\u0105 ucz\u0119szcza\u0107 na lekcje relatywizmu"},"content":{"rendered":"<p><strong>S\u0105d Najwy\u017cszy w Quebecu odrzuci\u0142 petycj\u0119 rodzic\u00f3w, kt\u00f3rzy nie chc\u0105 posy\u0142a\u0107 dzieci na kurs relatywizmu \u201eEtyka i kultura religijna\u201d, obowi\u0105zkowy w szko\u0142ach tej prowincji. W swojej decyzji s\u0119dzia Jean-Guy Dubois opar\u0142 si\u0119 na zeznaniu katolickiego teologa, kt\u00f3ry podkre\u015bli\u0142, \u017ce Ko\u015bci\u00f3\u0142 katolicki docenia wskazania innych religii oraz na oficjalnym stanowisku biskup\u00f3w Quebecu, kt\u00f3rzy nie poparli zwolnienia z kursu \u201ea priori\u201d ze wzgl\u0119du na wyznawane warto\u015bci religijne &#8211; informuje portal LifeSiteNews.com.<br \/>\r\n <\/strong><br \/>\r\n Mimo braku wsparcia braci biskup\u00f3w kard. Marc Ouellet ostro wypowiedzia\u0142 si\u0119 przeciwko relatywistycznemu kursowi religijnemu, stwierdzaj\u0105c, \u017ce \u201ekurs poddaje religie pod kontrol\u0119 pa\u0144stwa i realizuje jego interesy\u201d. Stwierdzi\u0142 r\u00f3wnie\u017c, \u017ce oznacza to koniec wolno\u015bci religijnej w szko\u0142ach.<br \/>\r\n <br \/>\r\n Kurs \u201eEtyka i kultura religijna\u201d zosta\u0142 wprowadzony przez ministerstwo o\u015bwiaty Quebecu w roku szkolnym 2008-2009. Obejmuje uczni\u00f3w od szko\u0142y pierwszego stopnia do ko\u0144ca szko\u0142y \u015bredniej i jest obowi\u0105zkowy tak\u017ce dla uczni\u00f3w ucz\u0105cych si\u0119 w domach.<br \/>\r\n <br \/>\r\n Uczniom na zaj\u0119ciach przekazuje si\u0119 wiedz\u0119 na temat chrze\u015bcija\u0144stwa, judaizmu, islamu, buddyzmu, hinduizmu, duchowo\u015bci Aborygen\u00f3w i naturalnie\u00a0ateizmu. Kurs prezentuje homoseksualizm jako normalny model \u017cycia rodzinnego.<br \/>\r\n <br \/>\r\n Nowy kurs zast\u0105pi\u0142 wcze\u015bniejszy program edukacji religijnej, umo\u017cliwiaj\u0105cy rodzicom wyb\u00f3r edukacji protestanckiej, katolickiej lub \u015bwieckiej. Niezadowoleni rodzice wys\u0142ali ponad 1700 petycji z pro\u015bb\u0105 o zwolnienie ich dzieci z obowi\u0105zku ucz\u0119szczania na zaj\u0119cia nowego kursu. Jednak odm\u00f3wiono im takiej mo\u017cliwo\u015bci. Rodzic\u00f3w, kt\u00f3rzy przestali posy\u0142a\u0107 dzieci na zaj\u0119cia spotka\u0142y kary w postaci sankcji finansowych, a nawet aresztu.\u00a0<br \/>\r\n <br \/>\r\n Rodzice zdecydowali si\u0119 z\u0142o\u017cy\u0107 apelacje do S\u0105du Najwy\u017cszego Quebecu, twierdz\u0105c, \u017ce nowy program nauczania religii narusza wolno\u015b\u0107 sumienia i wolno\u015b\u0107 religijn\u0105, przez narzucanie dzieciom politeistycznej wizji religii, a tak\u017ce dlatego, \u017ce jest relatywistyczny, oddziela etyk\u0119 od moralno\u015bci oraz uniemo\u017cliwia rodzicom przekazywanie wiedzy religijnej swoim dzieciom. <br \/>\r\n <br \/>\r\n S\u0119dzia odrzuci\u0142 wszystkie argumenty rodzic\u00f3w, utrzymuj\u0105c, \u017ce program nie narusza wolno\u015bci sumienia i wyznania, gdy\u017c nie wymaga od dzieci, aby wierzy\u0142y w to, czego si\u0119 naucza. Na poparcie swoich racji s\u0119dzia powo\u0142a\u0142 si\u0119 na zeznania teologa o. Gilles Routhier z Laval University, kt\u00f3ry stwierdzi\u0142, \u017ce nauczanie religii co prawda spoczywa na rodzicach, ale Ko\u015bci\u00f3\u0142 katolicki docenia tak\u017ce wskazania innych religii. <br \/>\r\n <br \/>\r\n Ponadto s\u0119dzia zacytowa\u0142 fragmenty listu skierowanego przez bp. Martina Vaillete, przewodnicz\u0105cego zgromadzenia biskup\u00f3w w Quebecu oraz bp. Trois-Rivieres do minister edukacji Michelle Courchesne. Hierarchowie napisali, \u017ce nie mo\u017cna z g\u00f3ry kogo\u015b zwolni\u0107 z ucz\u0119szczania na te zaj\u0119cia. Ich zdaniem zwolnienie takie jest mo\u017cliwe po fakcie, tzn. wtedy, gdy stwierdzi si\u0119, \u017ce kurs faktycznie przyni\u00f3s\u0142 komu\u015b powa\u017cn\u0105 szkod\u0119. <br \/>\r\n <br \/>\r\n Hierarchowie stwierdzili r\u00f3wnie\u017c, \u017ce zwolnienie z lekcji wymaga uzasadnionej przyczyny np. powa\u017cnego naruszenia wolno\u015bci sumienia, kt\u00f3re jest prawem fundamentalnym. <br \/>\r\n <br \/>\r\n Z petycj\u0105 o zniesienie kursu albo przynajmniej zmodyfikowanie jego programu wyst\u0105pi\u0142o kilka katolickich szk\u00f3\u0142, niestety bez powodzenia.<br \/>\r\n <br \/>\r\n \u0179r\u00f3d\u0142o: LifeSiteNews.com, AS.<\/p>","protected":false},"excerpt":{"rendered":"S\u0105d Najwy\u017cszy w Quebecu odrzuci\u0142 petycj\u0119 rodzic\u00f3w, kt\u00f3rzy nie chc\u0105 posy\u0142a\u0107 dzieci na kurs relatywizmu \u201eEtyka i kultura religijna\u201d, obowi\u0105zkowy w szko\u0142ach tej prowincji. W swojej decyzji s\u0119dzia Jean-Guy Dubois opar\u0142 si\u0119 na zeznaniu katolickiego teologa, kt\u00f3ry podkre\u015bli\u0142, \u017ce Ko\u015bci\u00f3\u0142 katolicki docenia wskazania innych religii oraz na oficjalnym stanowisku biskup\u00f3w Quebecu, kt\u00f3rzy nie poparli zwolnienia [&hellip;]","protected":false},"author":1,"featured_media":0,"comment_status":"closed","ping_status":"closed","sticky":false,"template":"","format":"standard","meta":{"_acf_changed":false,"_monsterinsights_skip_tracking":false,"_monsterinsights_sitenote_active":false,"_monsterinsights_sitenote_note":"","_monsterinsights_sitenote_category":0,"ngg_post_thumbnail":0,"footnotes":"","_wp_rev_ctl_limit":""},"categories":[6],"tags":[116,20],"acf":[],"_links":{"self":[{"href":"https:\/\/www.bibula.com\/index.php?rest_route=\/wp\/v2\/posts\/13599"}],"collection":[{"href":"https:\/\/www.bibula.com\/index.php?rest_route=\/wp\/v2\/posts"}],"about":[{"href":"https:\/\/www.bibula.com\/index.php?rest_route=\/wp\/v2\/types\/post"}],"author":[{"embeddable":true,"href":"https:\/\/www.bibula.com\/index.php?rest_route=\/wp\/v2\/users\/1"}],"replies":[{"embeddable":true,"href":"https:\/\/www.bibula.com\/index.php?rest_route=%2Fwp%2Fv2%2Fcomments&post=13599"}],"version-history":[{"count":0,"href":"https:\/\/www.bibula.com\/index.php?rest_route=\/wp\/v2\/posts\/13599\/revisions"}],"wp:attachment":[{"href":"https:\/\/www.bibula.com\/index.php?rest_route=%2Fwp%2Fv2%2Fmedia&parent=13599"}],"wp:term":[{"taxonomy":"category","embeddable":true,"href":"https:\/\/www.bibula.com\/index.php?rest_route=%2Fwp%2Fv2%2Fcategories&post=13599"},{"taxonomy":"post_tag","embeddable":true,"href":"https:\/\/www.bibula.com\/index.php?rest_route=%2Fwp%2Fv2%2Ftags&post=13599"}],"curies":[{"name":"wp","href":"https:\/\/api.w.org\/{rel}","templated":true}]}}