{"id":135949,"date":"2022-09-01T20:48:26","date_gmt":"2022-09-02T00:48:26","guid":{"rendered":"https:\/\/www.bibula.com\/?p=135949"},"modified":"2022-09-01T21:04:39","modified_gmt":"2022-09-02T01:04:39","slug":"najlepsi-przyjaciele-poliniakow-jacek-boki","status":"publish","type":"post","link":"https:\/\/www.bibula.com\/?p=135949","title":{"rendered":"Najlepsi przyjaciele Poliniak\u00f3w &#8211; <em>Jacek Boki<\/em>"},"content":{"rendered":"<div class=\"p_underline\">\r\n<p class=\"has-drop-cap\">Morawiecki z ca\u0142\u0105 reszt\u0105 pisowskich renegat\u00f3w, na dzisiejszej uroczysto\u015bci w Wieluniu 83 rocznicy rozpocz\u0119cia drugiej wojny \u015bwiatowej, mieli czelno\u015b\u0107 zaprosi\u0107 na te obchody pierwszego gangstera nazistowskiego, ukrai\u0144skiego re\u017cimu w osobie samego kijowskiego b\u0142azna i narkomana w jednej osobie, kt\u00f3ry za po\u015brednictwem telebimu wyg\u0142osi\u0142 przem\u00f3wienie do zgromadzonego tam polactfa.<\/p>\r\n<p>Jest to kolejne, nie licz\u0119 ju\u017c nawet kt\u00f3re, charkni\u0119cie nam wszystkim w twarz, a zarazem Mount Everest szydery z nas wszystkich, kt\u00f3r\u0105 to zniewag\u0119 zgromadzeni tam poliniacy przyj\u0119li bez \u017cadnego s\u0142owa sprzeciwu, wiedz\u0105c przecie\u017c doskonale, \u017ce to <strong>Ukrai\u0144cy u boku Niemc\u00f3w 1 wrze\u015bnia 1939 roku, a potem 17 wrze\u015bnia, byli czwartym agresorem, po S\u0142owacji, kt\u00f3rzy wzi\u0119li udzia\u0142 w ludob\u00f3jczej napa\u015bci na Polsk\u0119<\/strong>, za co Ukrai\u0144cy nie przeprosili Polak\u00f3w do dzi\u015b, tak jak nie przyznali si\u0119 i nie przeprosili r\u00f3wnie\u017c, za ludob\u00f3jstwo dokonane przez siebie na naszych rodakach w latach 1939 &#8211; 1951 na Kresach II RP i obecnych ziemiach Po\u0142udniowo &#8211; Wschodniej Polski.<\/p>\r\n<p>Ukrai\u0144cy zaatakowali bowiem Polsk\u0119 zar\u00f3wno 1 wrze\u015bnia u boku Niemc\u00f3w, wystawiaj\u0105c tzw. Legion Ukrai\u0144ski pod dow\u00f3dztwem cz\u0142onk\u00f3w prowydu OUN Romana Suszki i Osypa Bojdunyka. A 17 wrze\u015bnia u boku sowiet\u00f3w kroczy\u0142o tysi\u0105ce zaprzysi\u0119\u017conych cz\u0142onk\u00f3w OUN, kt\u00f3rzy zacz\u0119li za pe\u0142n\u0105 zgod\u0105 i aprobat\u0105 swoich nowych sojusznik\u00f3w, dokonywa\u0107 masowych atak\u00f3w na ludno\u015b\u0107 Polsk\u0105 zamieszkuj\u0105c\u0105 Kresy i mordowa\u0107 j\u0105 bez \u017cadnej lito\u015bci. Oblicza si\u0119, \u017ce tylko od 1 wrze\u015bnia do ko\u0144ca pa\u017adziernika bandy szowinist\u00f3w z OUN wyci\u0119\u0142y w pie\u0144 ponad 20 tysi\u0119cy naszych rodak\u00f3w.<\/p>\r\n<p>Poza tym ochoczo dostarczali NKWD gotowe listy proskrypcyjne polak\u00f3w i polskiej inteligencji, kt\u00f3rzy w wyniku ukrai\u0144skich donos\u00f3w, byli nast\u0119pnie masowo wywo\u017ceni na Sybir i do Kazachstanu. Byli i pozostaj\u0105 do dzi\u015b obok Litwin\u00f3w i Bia\u0142orusin\u00f3w beneficjentami paktu Ribbentrop \u2013 Mo\u0142otow.<\/p>\r\n<p>Poliniacy mimo to, pu\u015bcili te obelgi, skierowane pod ich adresem przez Ze\u0142enskiego mimo uszu, traktuj\u0105c je jako komplementy, rzecz jasna nawet s\u0142owem nie protestuj\u0105c przeciwko tej kpinie z nich samych i kolejne pluni\u0119cie im w twarz przyj\u0119li wr\u0119cz z zadowoleniem, jako wyraz normalizacji relacji z obecnym pa\u0144stwem ukrai\u0144skim i coraz lepszych stosunk\u00f3w wzajemnych z banderowskim, rz\u0105dem Samostijnej, nagradzaj\u0105c jeszcze tego stepowego golema, gromkimi brawami. <br>\r\n<br>\r\nZ telewizyjnych obrazk\u00f3w, jakie mo\u017cna by\u0142o obejrze\u0107 dzisiejszego poranka, nasuwa si\u0119 tylko jeden, nieodparty wniosek, a mianowicie, \u017ce skurwienie tego narodu przebi\u0142o ju\u017c wszystko, co mia\u0142o miejsce, kiedykolwiek wcze\u015bniej, nie tylko w jego historii w\u0142asnej, ale tak\u017ce w ca\u0142ej historii \u015bwiata, gdzie podobnego zachowania jakiegokolwiek innego narodu, takiego, jakie prezentuje dzi\u015b wi\u0119kszo\u015b\u0107 Polak\u00f3w, mo\u017cna szuka\u0107 ze \u015bwiec\u0105, bez \u017cadnych widok\u00f3w na powodzenie, by znale\u017a\u0107 cho\u0107by co\u015b podobnego na przestrzeni dziej\u00f3w, do tego co prezentuj\u0105 dzi\u015b swoim zupe\u0142nie niepoj\u0119tym zachowaniem moi rodacy, b\u0119d\u0105cego dos\u0142ownym odzwierciedleniem, ca\u0142kowitej utraty zdolno\u015bci instynktu samozachowawczego, z ch\u0119ci\u0105 pope\u0142nienia dobrowolnego, zbiorowego samob\u00f3jstwa, z niewiadomych, bo zupe\u0142nie niewyt\u0142umaczalnych w spos\u00f3b logiczny powod\u00f3w.<\/p>\r\n<p>Najbardziej ordynarnym w ca\u0142ym tym przem\u00f3wieniu kijowskiego b\u0142azna, by\u0142o por\u00f3wnanie atakowanych przez Niemc\u00f3w 1 wrze\u015bnia 1939 roku, Wielunia, Westerplatte,Warszawy i innych polskich miast, miasteczek i wsi, do obecnych banderowskich twierdz, takich jak m. in Mariupol, Chark\u00f3w, czy Odessa, w kt\u00f3rych ukrai\u0144scy nazi\u015bci z Azowa, Ajdara i innych ludob\u00f3jczych, ukrai\u0144skich formacji zag\u0142ady, przetrzymywali, b\u0105d\u017a nadal przetrzymuj\u0105 ludno\u015b\u0107 cywiln\u0105 tych miast, jako zak\u0142adnik\u00f3w, kt\u00f3rych u\u017cywali, b\u0105d\u017a nadal u\u017cywaj\u0105 jako \u017cywych tarcz, co jest dok\u0142adnie powieleniem hitlerowskich wzorc\u00f3w prowadzenia dzia\u0142a\u0144 militarnych z okresu drugiej wojny \u015bwiatowej. I tych zbrodniarzy i ich czyny, kt\u00f3re s\u0105 dok\u0142adnym odzwierciedleniem tego, co czyni\u0142o niemieckie \u017co\u0142dactwo we wrze\u015bniu 1939 roku w Polsce, zr\u00f3wna\u0142 on z polskimi ofiarami hitlerowskich zbrodniarzy, w gronie kt\u00f3rych Ukrai\u0144cy odgrywali w\u00f3wczas jedn\u0105 pierwszoplanowych r\u00f3l. Mimo to, ten poli\u0144ski mot\u0142och naprawd\u0119 si\u0119 cieszy\u0142 z tego co us\u0142ysza\u0142 i \u017ce ten banderowski, stepowy gnom ,,poklepa\u0142&#8221; ich za to w nagrod\u0119 po plecach, jacy s\u0105 fajni, kupuj\u0105c bezrefleksyjnie ten prymitywny kit, wciskany im na bezczelnego, jako prawd\u0119 objawion\u0105. <br>\r\n<br>\r\n\u015awiadczy to wszystko o tym. \u017ce Polacy, w ka\u017cdym razie ich zdecydowana wi\u0119kszo\u015b\u0107, le\u017cy dzi\u015b dos\u0142ownie twarzami w gnoju, uznaj\u0105c t\u0105 sytuacj\u0119 w jakiej si\u0119 znale\u017ali za zupe\u0142nie naturaln\u0105 i oblizuj\u0105c si\u0119 przy tym z rozkosz\u0105 smakiem tego g\u00f3wna, niczym smakiem czekoladek Lindta, zapewniaj\u0105c jednocze\u015bnie wszystkich wok\u00f3\u0142, jacy s\u0105 z tego powodu szcz\u0119\u015bliwi i zalecaj\u0105 na\u015bladownictwo ich post\u0119powania innym, jako wyrazu prawdziwej europejsko\u015bci w ka\u017cdym calu. To ju\u017c dos\u0142ownie dno dna jego upadku, z kt\u00f3rego najprawdopodobniej ju\u017c nigdy si\u0119 nie podniesie. Przynajmniej na chwil\u0119 obecn\u0105, nie ma takiej opcji. I trudno raczej oczekiwa\u0107 zmiany tej sytuacji na inn\u0105, nios\u0105c\u0105 jak\u0105\u015b nadziej\u0119 na zmian\u0119 jego po\u0142o\u017cenia, ani w bli\u017cszej, ani te\u017c w dalszej przysz\u0142o\u015bci.<\/p>\r\n<p><br>\r\n<strong><em>Jacek Boki<\/em><\/strong><\/p>\r\n<p>1 Wrzesie\u0144 2022 r.<\/p>\r\n<p>&nbsp;<\/p>\r\n<p>Przypisy:<\/p>\r\n<ul>\r\n\t<li style=\"list-style-type: none;\">\r\n<ul>\r\n\t<li><a href=\"https:\/\/prawy.pl\/121877-wzruszajace-przemowienie-prezydenta-zelenskiego-do-polakow-chwala-polsce\/\">Wzruszaj\u0105ce przem\u00f3wienie Prezydenta Ze\u0142enskiego do Polak\u00f3w! &#8222;Chwa\u0142a Polsce!&#8221;<\/a><\/li>\r\n\t<li><a href=\"https:\/\/kresywekrwi.blogspot.com\/2016\/04\/ukrainska-rebelia-w-kresach-we-wrzesniu.html\">Ukrai\u0144ska rebelia w Kresach we wrze\u015bniu 1939 r.<\/a><\/li>\r\n\t<li><a href=\"https:\/\/kresywekrwi.blogspot.com\/2016\/09\/17-wrzesnia-szyderstwo-historii.html\">17 Wrze\u015bnia \u2013 Szyderstwo historii<\/a><\/li>\r\n\t<li><a href=\"https:\/\/www.bibula.com\/?p=94810\">Zapro\u015bcie jeszcze Gudrun Himmler<\/a><\/li>\r\n<\/ul>\r\n<\/li>\r\n<\/ul>\r\n<\/div>\r\n<h4>&nbsp;<\/h4>\r\n<hr style=\"background-color: #000000; border-width: 0; color: #000000; height: 2px; line-height: 0; text-align: center; width: 100%;\">\r\n<h4>&nbsp;<\/h4>\r\n<blockquote>\r\n<p><strong>KOMENTARZ <em>BIBU\u0141Y<\/em><\/strong>: Od razy wyja\u015bniamy, \u017ce nie gustujemy w u\u017cytych przez Autora niesalonowych okre\u015bleniach, ale bior\u0105c pod uwag\u0119 powag\u0119 sytuacji i obrany przez obecne w\u0142adze kierunek d\u0105\u017c\u0105cy do niszczenia Polski, zniekszta\u0142cania historii i zak\u0142amywania rzeczywisto\u015bci &#8211; rozumiemy emocje.<\/p>\r\n<\/blockquote>\r\n<h4>&nbsp;<\/h4>\r\n<hr style=\"background-color: #000000; border-width: 0; color: #000000; height: 2px; line-height: 0; text-align: center; width: 100%;\">\r\n<h4>&nbsp;<\/h4>","protected":false},"excerpt":{"rendered":"Morawiecki z ca\u0142\u0105 reszt\u0105 pisowskich renegat\u00f3w, na dzisiejszej uroczysto\u015bci w Wieluniu 83 rocznicy rozpocz\u0119cia drugiej wojny \u015bwiatowej, mieli czelno\u015b\u0107 zaprosi\u0107 na te obchody pierwszego gangstera nazistowskiego, ukrai\u0144skiego re\u017cimu w osobie samego kijowskiego b\u0142azna i narkomana w jednej osobie, kt\u00f3ry za po\u015brednictwem telebimu wyg\u0142osi\u0142 przem\u00f3wienie do zgromadzonego tam polactfa. Jest to kolejne, nie licz\u0119 ju\u017c nawet [&hellip;]","protected":false},"author":1,"featured_media":0,"comment_status":"closed","ping_status":"closed","sticky":false,"template":"","format":"standard","meta":{"_acf_changed":false,"_monsterinsights_skip_tracking":false,"_monsterinsights_sitenote_active":false,"_monsterinsights_sitenote_note":"","_monsterinsights_sitenote_category":0,"ngg_post_thumbnail":0,"footnotes":"","_wp_rev_ctl_limit":""},"categories":[13,9],"tags":[65,98,29,167,17,59],"acf":[],"_links":{"self":[{"href":"https:\/\/www.bibula.com\/index.php?rest_route=\/wp\/v2\/posts\/135949"}],"collection":[{"href":"https:\/\/www.bibula.com\/index.php?rest_route=\/wp\/v2\/posts"}],"about":[{"href":"https:\/\/www.bibula.com\/index.php?rest_route=\/wp\/v2\/types\/post"}],"author":[{"embeddable":true,"href":"https:\/\/www.bibula.com\/index.php?rest_route=\/wp\/v2\/users\/1"}],"replies":[{"embeddable":true,"href":"https:\/\/www.bibula.com\/index.php?rest_route=%2Fwp%2Fv2%2Fcomments&post=135949"}],"version-history":[{"count":2,"href":"https:\/\/www.bibula.com\/index.php?rest_route=\/wp\/v2\/posts\/135949\/revisions"}],"predecessor-version":[{"id":135951,"href":"https:\/\/www.bibula.com\/index.php?rest_route=\/wp\/v2\/posts\/135949\/revisions\/135951"}],"wp:attachment":[{"href":"https:\/\/www.bibula.com\/index.php?rest_route=%2Fwp%2Fv2%2Fmedia&parent=135949"}],"wp:term":[{"taxonomy":"category","embeddable":true,"href":"https:\/\/www.bibula.com\/index.php?rest_route=%2Fwp%2Fv2%2Fcategories&post=135949"},{"taxonomy":"post_tag","embeddable":true,"href":"https:\/\/www.bibula.com\/index.php?rest_route=%2Fwp%2Fv2%2Ftags&post=135949"}],"curies":[{"name":"wp","href":"https:\/\/api.w.org\/{rel}","templated":true}]}}