{"id":135894,"date":"2022-08-28T10:12:18","date_gmt":"2022-08-28T14:12:18","guid":{"rendered":"https:\/\/www.bibula.com\/?p=135894"},"modified":"2022-08-28T10:12:18","modified_gmt":"2022-08-28T14:12:18","slug":"oswiadczenie-arcybiskupa-vigano-w-zwiazku-z-wypowiedzia-przewodniczacego-papieskiej-akademii-zycia","status":"publish","type":"post","link":"https:\/\/www.bibula.com\/?p=135894","title":{"rendered":"O\u015bwiadczenie Arcybiskupa Vigan\u00f2 w zwi\u0105zku z wypowiedzi\u0105 Przewodnicz\u0105cego Papieskiej Akademii \u017bycia"},"content":{"rendered":"<div class=\"p_underline\">\r\n<p class=\"has-drop-cap\">Przewodnicz\u0105cy Papieskiej Akademii \u017bycia, Vincenzo Paglia, w trakcie wywiadu udzielonego 26 sierpnia w\u0142oskiej telewizji RaiTre, okre\u015bli\u0142 haniebn\u0105 ustaw\u0119 194 legalizuj\u0105c\u0105 aborcj\u0119, jako &#8222;filar naszego \u017cycia spo\u0142ecznego&#8221;, gorsz\u0105c tym miliony w\u0142oskich katolik\u00f3w, kt\u00f3rzy s\u0105 wierni Magisterium i wci\u0105\u017c pami\u0119taj\u0105 p\u0142omienne s\u0142owa Jana Paw\u0142a II przeciwko tej straszliwej zbrodni, kt\u00f3ra w samych W\u0142oszech z\u0142o\u017cy\u0142a ponad sze\u015b\u0107 milion\u00f3w niewinnych dzieci na o\u0142tarzu egoizmu i liberalnej ideologii antychrysta.<\/p>\r\n<p>S\u0142usznemu oburzeniu&nbsp; wobec wypowiedzi prezesa Akademii, za\u0142o\u017conej przez Jana Paw\u0142a II w\u0142a\u015bnie po to, by sprzeciwia\u0107 si\u0119 aborcji, towarzyszy aplauz zwolennik\u00f3w &#8222;zdrowia reprodukcyjnego&#8221; i &#8222;przerywania ci\u0105\u017cy&#8221;.&nbsp; S\u0105 oni zawsze gotowi aby oskar\u017cy\u0107 Ko\u015bci\u00f3\u0142 o wtr\u0105canie si\u0119, gdy przemawia on g\u0142osem Chrystusa, ale jednocze\u015bnie pe\u0142ni s\u0105 pochwa\u0142, gdy tylko jego najwy\u017csi przedstawiciele prostytuuj\u0105 si\u0119 i przyjmuj\u0105 nieludzkie zasady neomaltuzjanizmu jako w\u0142asne.<\/p>\r\n<p>Jako Pasterz i Nast\u0119pca Aposto\u0142\u00f3w, musz\u0119 z najwi\u0119ksz\u0105 moc\u0105 pot\u0119pi\u0107 skandaliczne s\u0142owa Paglii, kt\u00f3re s\u0105 sprzeczne z Ewangeli\u0105 i nauczaniem papie\u017cy rzymskich.<\/p>\r\n<p>Nowy Porz\u0105dek \u015awiata, Organizacja Narod\u00f3w Zjednoczonych, WHO, Unia Europejska, \u015awiatowe Forum Ekonomiczne, Komisja Tr\u00f3jstronna, Klub Bilderberg i wszystkie organizacje realizuj\u0105ce Agend\u0119 2030 uwa\u017caj\u0105 barbarzy\u0144skie zabijanie niewinnego dziecka w \u0142onie matki za prawo, za &#8222;filar \u017cycia spo\u0142ecznego&#8221;. Jest to jasne i oczywiste, \u017ce sekta apostat\u00f3w, kt\u00f3ra opanowa\u0142a Hierarchi\u0119 Katolick\u0105 i zaj\u0119\u0142a jej najwy\u017csze szczeble, znajduje si\u0119 w tym samym szeregu z ideologicznymi wrogami Chrystusa, nie tylko w kwestiach pozornie niepowi\u0105zanych &#8211; jak narracja psycho-pandemiczna i zielona ideologia &#8211; ale tak\u017ce w negowaniu samych podstaw Prawa Naturalnego, w tym szacunku dla \u017cycia od pocz\u0119cia do naturalnej \u015bmierci.<\/p>\r\n<p>Niepokoj\u0105ce jest to, \u017ce nikt z moich braci w Episkopacie, nie m\u00f3wi\u0105c ju\u017c o cz\u0142onkach Kolegium Kardynalskiego, nie ma odwagi podnie\u015b\u0107 g\u0142osu, by pot\u0119pi\u0107 urojenia Paglii i wezwa\u0107 do jego natychmiastowej rezygnacji z cz\u0142onkostwa w Papieskiej Akademii \u017bycia.<\/p>\r\n<p>Oby wierni, napominani przez dobrych ksi\u0119\u017cy, odsun\u0119li si\u0119 daleko od tych wilk\u00f3w w owczej sk\u00f3rze i modlili si\u0119 do Pana prosz\u0105c Go o interwencj\u0119 w celu uratowania Jego Ko\u015bcio\u0142a, okupowanego przez Sanhedryn skorumpowanych zwyrodnialc\u00f3w, kt\u00f3rzy nadal krzy\u017cuj\u0105 Jezusa Chrystusa w Jego Mistycznym Ciele.<\/p>\r\n<p><strong><em>+ Carlo Maria Vigan\u00f2, Arcybiskup<\/em><\/strong><br>\r\n27 sierpnia 2022 r.<\/p>\r\n<p>&nbsp;<\/p>\r\n<p><em>T\u0142um. S\u0142awomir Soja<\/em><\/p>\r\n<p class=\"zrodlo\">\u0179r\u00f3d\u0142o: <a href=\"https:\/\/remnantnewspaper.com\/web\/index.php\/articles\/item\/6103-vigano-s-declaration-regarding-the-scandalous-declarations-of-vincenzo-paglia-on-law-194\">The Remnant (August 27, 2022) &#8211; &#8222;VIGAN\u00d2\u2019S DECLARATION Regarding the scandalous declarations of Vincenzo Paglia on Law 194&#8221;<\/a><\/p>\r\n<\/div>","protected":false},"excerpt":{"rendered":"Przewodnicz\u0105cy Papieskiej Akademii \u017bycia, Vincenzo Paglia, w trakcie wywiadu udzielonego 26 sierpnia w\u0142oskiej telewizji RaiTre, okre\u015bli\u0142 haniebn\u0105 ustaw\u0119 194 legalizuj\u0105c\u0105 aborcj\u0119, jako &#8222;filar naszego \u017cycia spo\u0142ecznego&#8221;, gorsz\u0105c tym miliony w\u0142oskich katolik\u00f3w, kt\u00f3rzy s\u0105 wierni Magisterium i wci\u0105\u017c pami\u0119taj\u0105 p\u0142omienne s\u0142owa Jana Paw\u0142a II przeciwko tej straszliwej zbrodni, kt\u00f3ra w samych W\u0142oszech z\u0142o\u017cy\u0142a ponad sze\u015b\u0107 milion\u00f3w [&hellip;]","protected":false},"author":1,"featured_media":0,"comment_status":"closed","ping_status":"closed","sticky":false,"template":"","format":"standard","meta":{"_acf_changed":false,"_monsterinsights_skip_tracking":false,"_monsterinsights_sitenote_active":false,"_monsterinsights_sitenote_note":"","_monsterinsights_sitenote_category":0,"ngg_post_thumbnail":0,"footnotes":"","_wp_rev_ctl_limit":""},"categories":[13,135],"tags":[94,455,41,33],"acf":[],"_links":{"self":[{"href":"https:\/\/www.bibula.com\/index.php?rest_route=\/wp\/v2\/posts\/135894"}],"collection":[{"href":"https:\/\/www.bibula.com\/index.php?rest_route=\/wp\/v2\/posts"}],"about":[{"href":"https:\/\/www.bibula.com\/index.php?rest_route=\/wp\/v2\/types\/post"}],"author":[{"embeddable":true,"href":"https:\/\/www.bibula.com\/index.php?rest_route=\/wp\/v2\/users\/1"}],"replies":[{"embeddable":true,"href":"https:\/\/www.bibula.com\/index.php?rest_route=%2Fwp%2Fv2%2Fcomments&post=135894"}],"version-history":[{"count":3,"href":"https:\/\/www.bibula.com\/index.php?rest_route=\/wp\/v2\/posts\/135894\/revisions"}],"predecessor-version":[{"id":135897,"href":"https:\/\/www.bibula.com\/index.php?rest_route=\/wp\/v2\/posts\/135894\/revisions\/135897"}],"wp:attachment":[{"href":"https:\/\/www.bibula.com\/index.php?rest_route=%2Fwp%2Fv2%2Fmedia&parent=135894"}],"wp:term":[{"taxonomy":"category","embeddable":true,"href":"https:\/\/www.bibula.com\/index.php?rest_route=%2Fwp%2Fv2%2Fcategories&post=135894"},{"taxonomy":"post_tag","embeddable":true,"href":"https:\/\/www.bibula.com\/index.php?rest_route=%2Fwp%2Fv2%2Ftags&post=135894"}],"curies":[{"name":"wp","href":"https:\/\/api.w.org\/{rel}","templated":true}]}}