{"id":135604,"date":"2022-08-03T14:18:56","date_gmt":"2022-08-03T18:18:56","guid":{"rendered":"https:\/\/www.bibula.com\/?p=135604"},"modified":"2022-08-03T14:20:31","modified_gmt":"2022-08-03T18:20:31","slug":"gdzie-jest-prezydent-katarzyna-ts","status":"publish","type":"post","link":"https:\/\/www.bibula.com\/?p=135604","title":{"rendered":"Gdzie jest prezydent? &#8211; <em>Katarzyna TS<\/em>"},"content":{"rendered":"<div class=\"p_underline\">\r\n<p class=\"has-drop-cap\">W poniedzia\u0142ek (1.08.2022) na placu Pi\u0142sudskiego w Warszawie pojawi\u0142a si\u0119 wystawa \u201eWarszawa-Mariupol \u2013 miasta ruin, miasta walki, miasta nadziei\u201d. Sk\u0142ada si\u0119 ona z 16 par zdj\u0119\u0107 pokazuj\u0105cych polsk\u0105 stolic\u0119 zniszczon\u0105 podczas Powstania Warszawskiego oraz ukrai\u0144skie miasto zniszczone podczas obecnie trwaj\u0105cej wojny z Rosj\u0105. Wystawa powsta\u0142a z inicjatywy i pod honorowym patronatem wicemarsza\u0142ek Sejmu RP Ma\u0142gorzaty Gosiewskiej oraz przewodnicz\u0105cego Rady Najwy\u017cszej Ukrainy Rus\u0142ana Stefanczuka. We wpisach zamieszczonych na Twitterze prezydent Andrzej Duda tak zachwala\u0142 ow\u0105 wystaw\u0119: <em>Prosto z warszawskiej Woli, gdzie oddali\u015bmy ho\u0142d pomordowanym mieszka\u0144com Warszawy, przyjecha\u0142em tutaj na plac Pi\u0142sudskiego, by zobaczy\u0107 wystaw\u0119, na kt\u00f3rej zestawione s\u0105 zdj\u0119cia Warszawy 1944 i dzisiejszej Ukrainy. Jak\u017ce podobne! Dzi\u015b chc\u0119 powiedzie\u0107 wszystkim mieszka\u0144com Warszawy i tym, kt\u00f3rzy przyjechali w zwi\u0105zku z rocznic\u0105 Powstania Warszawskiego, by przyszli tu i zobaczyli t\u0119 wystaw\u0119. Warszawa-Mariupol. Historia zatacza ko\u0142o.<\/em><\/p>\r\n<p>Od ataku Rosji dzie\u0144 bez deklaracji poparcia dla Ukrainy najwyra\u017aniej jest dla prezydenta Dudy dniem straconym. Nie da\u0142 rady powstrzyma\u0107 si\u0119 nawet w rocznic\u0119 wybuchu Powstania Warszawskiego, kt\u00f3re por\u00f3wna\u0142 do walk na Ukrainie. I jako\u015b nie przeszkadza mu fakt, \u017ce Ukrai\u0144cy brali udzia\u0142 w pacyfikacji powstania i mordowali powsta\u0144c\u00f3w oraz ludno\u015b\u0107 cywiln\u0105. Dla prezydenta Dudy \u201ehistoria zatacza ko\u0142o\u201d, wi\u0119c mamy natychmiast pop\u0119dzi\u0107 na wystaw\u0119 i p\u0142aka\u0107 nad zburzonym Mariupolem. Na mnie prosz\u0119 nie liczy\u0107. Na agitacj\u0119 prezydenta Dudy odpowiem cytatem z ksi\u0105\u017cki Marka H\u0142aski: <em>Widzia\u0142em w czterdziestym czwartym roku w Warszawie jak sze\u015bciu Ukrai\u0144c\u00f3w zgwa\u0142ci\u0142o jedn\u0105 dziewczyn\u0119 z naszego domu, a potem wyj\u0119li jej oczy \u0142y\u017ck\u0105 do herbaty; i \u015bmiali si\u0119 przy tym i dowcipkowali. <\/em><\/p>\r\n<p>Tak jak za PRL nie kupi\u0142am bajki o przyja\u017ani polsko-radzieckiej, a po upadku komuny nie nabra\u0142am si\u0119 na przyja\u017a\u0144 polsko-niemieck\u0105, tak teraz nie dam wkr\u0119ci\u0107 si\u0119 w przyja\u017a\u0144 polsko-ukrai\u0144sk\u0105. Ko\u015bci Polak\u00f3w pomordowanych przez Ukrai\u0144c\u00f3w na Wo\u0142yniu i w Ma\u0142opolsce Wschodniej nadal spoczywaj\u0105 w bezimiennych do\u0142ach \u015bmierci, poniewa\u017c ukrai\u0144skie w\u0142adze zakaza\u0142y ich ekshumacji. Pomniki banderowskich zbrodniarzy nadal stoj\u0105 w ukrai\u0144skich miastach, a popiersie dow\u00f3dcy UPA, Romana Szuchewycza, nadal wisi na polskiej szkole we Lwowie. Skoro Ukrai\u0144cy zbudowali swoj\u0105 pa\u0144stwowo\u015b\u0107 na kulcie ludob\u00f3jc\u00f3w, to niech nie oczekuj\u0105, \u017ce wszyscy Polacy b\u0119d\u0105 roni\u0107 \u0142zy nad ich obecnym nieszcz\u0119\u015bciem. Nie wszyscy z\u0142api\u0105 si\u0119 na lep proukrai\u0144skiej propagandy, pod kt\u00f3r\u0105 podpisuje si\u0119 prezydent Duda.<\/p>\r\n<p>Przy okazji \u0142apania si\u0119 na lep propagandy warto odnotowa\u0107, \u017ce na taki lep z\u0142apa\u0142 si\u0119 nowy ambasador Ukrainy w Polsce, Wasyl Zwarycz, kt\u00f3ry uwierzy\u0142, \u017ce Powstanie Warszawskie by\u0142o polskim zwyci\u0119stwem. Oto jego wpis na Twitterze: <em>Drodzy bracia i siostry Polacy!&nbsp;<\/em><em>Dzi\u015b w Godzin\u0119 \u201eW\u201d solidarnie z Wami oddamy ho\u0142d Bohaterom Powstania Warszawskiego!&nbsp;<\/em><em>Oni si\u0119 nie poddali wtedy, my, Ukrai\u0144cy, nie poddamy si\u0119 dzi\u015b! Razem do zwyci\u0119stwa!&nbsp;<\/em><em>Cze\u015b\u0107 i chwa\u0142a Bohaterom! <\/em><\/p>\r\n<p>Kto\u015b powinien poinformowa\u0107 ambasadora Zwarycza, \u017ce Powstanie Warszawskie zako\u0144czy\u0142o si\u0119 kapitulacj\u0105. Pomimo bezprzyk\u0142adnej odwagi, po\u015bwi\u0119cenia i ofiary z \u017cycia Polacy przegrali t\u0119 bitw\u0119. I przegrali wojn\u0119. Zachodni alianci sprzedali nas Stalinowi ju\u017c w 1943 roku. Nie by\u0142o zwyci\u0119stwa. By\u0142a kl\u0119ska. To s\u0105 fakty, a m\u00f3wienie o faktach nie jest \u201epluciem w twarz powsta\u0144com za heroiczn\u0105 walk\u0119 w obronie Warszawy\u201d, co zarzuci\u0142 mi w komentarzu jeden z czytelnik\u00f3w mojego felietonu pt. \u201eNigdy wi\u0119cej takich zwyci\u0119stw\u201d. Natomiast wpis ambasadora Zwarycza o tym, \u017ce Ukrai\u0144cy nie poddadz\u0105 si\u0119 tak, jak nie poddali si\u0119 powsta\u0144cy warszawscy, jest po prostu groteskowy. Co w zasadzie nie powinno nikogo dziwi\u0107, bo ukrai\u0144ska wersja historii jest groteskowa. Kilka dni temu, a konkretnie 28 lipca, Ukrai\u0144cy obchodzili Dzie\u0144 Ukrai\u0144skiej Pa\u0144stwowo\u015bci. Z tej okazji prezydent Wo\u0142odymyr Ze\u0142enski o\u015bwiadczy\u0142, \u017ce ukrai\u0144ska pa\u0144stwowo\u015b\u0107 ma ponad 1000-letni\u0105 histori\u0119, a minister obrony Oleksij Reznikow podbi\u0142 stawk\u0119 i napisa\u0142 na Twitterze, \u017ce jest to 1500 lat. Oczywi\u015bcie na zamieszczonej przez niego grafice znalaz\u0142 si\u0119 ukrai\u0144ski heroj z banderowsk\u0105 flag\u0105. A jednym z symboli pa\u0144stwowo\u015bci ukrai\u0144skiej ma by\u0107 Pogo\u0144, czyli herb Wielkiego Ksi\u0119stwa Litewskiego. Tak w\u0142a\u015bnie wygl\u0105da ukrai\u0144ska wersja historii: brednie o 1500 lat pa\u0144stwowo\u015bci i kult ludob\u00f3jc\u00f3w z OUN-UPA.<\/p>\r\n<p>&nbsp;<\/p>\r\n<p><img fetchpriority=\"high\" decoding=\"async\" class=\"aligncenter wp-image-55632     b-loaded\" src=\"https:\/\/wprawo.pl\/wp-content\/uploads\/2022\/08\/dzien-ukrainskiej-panstwowosci.png\" sizes=\"(max-width: 884px) 100vw, 884px\" srcset=\"https:\/\/wprawo.pl\/wp-content\/uploads\/2022\/08\/dzien-ukrainskiej-panstwowosci.png 884w, https:\/\/wprawo.pl\/wp-content\/uploads\/2022\/08\/dzien-ukrainskiej-panstwowosci-300x251.png 300w, https:\/\/wprawo.pl\/wp-content\/uploads\/2022\/08\/dzien-ukrainskiej-panstwowosci-768x644.png 768w\" alt=\"\" width=\"795\" height=\"666\"><\/p>\r\n<p>&nbsp;<\/p>\r\n<p>Po tej dygresji wr\u00f3\u0107my do naszych baran\u00f3w, czyli do prezydenta Dudy. Po poniedzia\u0142kowej agitacji proukrai\u0144skiej przyszed\u0142 czas na wtorkowe podlizanie si\u0119 Niemcom. Oto jak w wywiadzie dla dziennika Frankfurter Allgemeine Zeitung PAD odpowiedzia\u0142 na zarzut, \u017ce \u201ewa\u017cni politycy w Polsce rozgrywaj\u0105 kart\u0119 antyniemieck\u0105\u201d: <em>Panie redaktorze, postrzegam siebie jako osob\u0119, kt\u00f3ra pragnie budowa\u0107 dobre relacje polsko\u2013niemieckie. Podejmuj\u0119 wysi\u0142ek zrozumienia Niemc\u00f3w, tak\u017ce dlatego, \u017ce wraz z moj\u0105 \u017con\u0105, germanistk\u0105, mamy wiele dobrych osobistych zwi\u0105zk\u00f3w z Niemcami i wielki szacunek dla tego kraju. (\u2026) Je\u015bli chodzi o polityk\u0119: widz\u0119 siebie jako or\u0119downika dobrych stosunk\u00f3w polsko\u2013niemieckich tu w kraju. Ale mam g\u0142\u0119bok\u0105 pretensj\u0119 pod adresem Niemiec, je\u017celi chodzi o projekty pod nazw\u0105 Nord Stream w zakresie przesy\u0142u gazu ziemnego. Zw\u0142aszcza jako przyjaciel Niemiec. <\/em><\/p>\r\n<p>Nie oczekuj\u0119, \u017ceby prezydent Duda nabluzga\u0142 Niemcom w wywiadzie dla ich gazety, ale m\u00f3wienie o \u201ewielkim szacunku\u201d dzie\u0144 po rocznicy wybuchu Powstania Warszawskiego budzi pewien niesmak. Nawet je\u015bli jest to grzeczno\u015bciowy wst\u0119p do krytyki niemieckiej polityki. Oczywi\u015bcie, \u017ceby nie by\u0142 to dzie\u0144 stracony, prezydent Duda wspomnia\u0142 w wywiadzie o Ukrainie, kt\u00f3ra \u201ebroni Polski, Europy, w tym tak\u017ce Niemiec\u201d.<\/p>\r\n<p>Pora spr\u00f3bowa\u0107 odpowiedzie\u0107 na pytanie, kt\u00f3re jest tytu\u0142em tego felietonu, czyli \u201egdzie jest prezydent?\u201d. Wszelkie znaki na niebie i ziemi wskazuj\u0105, \u017ce jest on w drodze do posady w jakiej\u015b mi\u0119dzynarodowej instytucji. Druga kadencja na stanowisku prezydenta RP nie b\u0119dzie trwa\u0142a wiecznie, a z czego\u015b \u017cy\u0107 trzeba. Wi\u0119c prezydent Duda zbiera punkciki, dzi\u0119ki kt\u00f3rym mo\u017ce trafi si\u0119 jaki\u015b presti\u017cowy i intratny sto\u0142ek. Zaczyna\u0142 nieciekawie, bo jako prezydent z ramienia \u201efaszyst\u00f3w\u201d, ale potem nie pr\u00f3\u017cnowa\u0142: przeprosi\u0142 \u017byd\u00f3w, walczy\u0142 z antysemityzmem, zawetowa\u0142 reform\u0119 s\u0105downictwa, <a href=\"https:\/\/wprawo.pl\/katarzyna-ts-niemieckie-podnozki\/\">p\u0142aszczy\u0142 si\u0119 przed komisarz von der Leyen<\/a>, chodzi\u0142 w masce i r\u0119kawiczkach, namawia\u0142 do szczepie\u0144, a teraz robi za or\u0119downika Ukrainy, kt\u00f3ra \u201ebroni Europy\u201d, czym podlizuje si\u0119 Amerykanom i Brytyjczykom. I oczywi\u015bcie jest \u201eprzyjacielem Niemiec\u201d. Nic dziwnego, \u017ce w tym nat\u0142oku zaj\u0119\u0107 nie ma ju\u017c czasu na to, \u017ceby dba\u0107 o polsk\u0105 racj\u0119 stanu.<\/p>\r\n<p>Zapewne zapytacie, po co w og\u00f3le pisa\u0107 o wyczynach prezydenta Dudy. Odpowied\u017a brzmi: po to, \u017ceby pokaza\u0107, jakim problemem jest to, \u017ce po sko\u0144czonej kadencji prezydent RP <em>de facto<\/em> zostaje na lodzie, je\u015bli nie zapewni sobie jakiej\u015b zagranicznej fuchy. Oczywist\u0105 konsekwencja jest, \u017ce cierpi na tym polska racja stanu. A gdyby tak prezydent dostawa\u0142 jak\u0105\u015b fuch\u0119 w Polsce? Konfederacja proponowa\u0142a, \u017ceby wprowadzi\u0107 jedn\u0105 7-letni\u0105 kadencj\u0119, aby prezydent m\u00f3g\u0142 skoncentrowa\u0107 si\u0119 na pe\u0142nieniu swojej funkcji, nie za\u015b na politycznych grach nakierowanych na uzyskanie reelekcji. Po z\u0142o\u017ceniu urz\u0119du prezydent zostawa\u0142by na kolejne 7 lat marsza\u0142kiem Senatu, nast\u0119pnie za\u015b do\u017cywotnim senatorem. I nie musia\u0142by kombinowa\u0107, co robi\u0107, \u017ceby zarobi\u0107. A \u017ceby nie kusi\u0142a go wy\u017csza pensja na zagranicznej posadzie, nale\u017cy mu po prostu wi\u0119cej p\u0142aci\u0107. Lepiej tak to rozwi\u0105za\u0107, ni\u017c mie\u0107 na sto\u0142ku prezydenckim osob\u0119, kt\u00f3ra zaj\u0119ta jest szukaniem roboty na obcych salonach. Polski prezydent powinien s\u0142u\u017cy\u0107 Polsce. I Polacy powinni zadba\u0107 o to, \u017ceby tak si\u0119 sta\u0142o.<\/p>\r\n<p><strong><em>Katarzyna Treter-Sierpi\u0144ska<\/em><\/strong><\/p>\r\n<p class=\"podpis_sz2\"><em>Je\u015bli podobaj\u0105 si\u0119 Pa\u0144stwu moje felietony i chcieliby\u015bcie wesprze\u0107 moj\u0105 dzia\u0142alno\u015b\u0107 publicystyczn\u0105, mo\u017cecie to zrobi\u0107 dokonuj\u0105c przelewu na poni\u017csze konto PayPal. B\u0119dzie to dla mnie nie tylko wsparcie w wymiarze finansowym, ale r\u00f3wnie\u017c sygna\u0142, \u017ce to, co robi\u0119, jest dla Pa\u0144stwa wa\u017cne i godne uwagi. Z g\u00f3ry dzi\u0119kuj\u0119. <a class=\"auto-link\" title=\"Katarzyna Treter-Sierpi\u0144ska\" href=\"https:\/\/wprawo.pl\/author\/katarzyna-ts\/\" target=\"_blank\" rel=\"noopener\">Katarzyna Treter-Sierpi\u0144ska<\/a> <\/em><a href=\"https:\/\/www.paypal.me\/katarzynats\"><em>https:\/\/www.paypal.me\/katarzynats<\/em><\/a><\/p>\r\n<p>&nbsp;<\/p>\r\n<\/div>","protected":false},"excerpt":{"rendered":"W poniedzia\u0142ek (1.08.2022) na placu Pi\u0142sudskiego w Warszawie pojawi\u0142a si\u0119 wystawa \u201eWarszawa-Mariupol \u2013 miasta ruin, miasta walki, miasta nadziei\u201d. Sk\u0142ada si\u0119 ona z 16 par zdj\u0119\u0107 pokazuj\u0105cych polsk\u0105 stolic\u0119 zniszczon\u0105 podczas Powstania Warszawskiego oraz ukrai\u0144skie miasto zniszczone podczas obecnie trwaj\u0105cej wojny z Rosj\u0105. Wystawa powsta\u0142a z inicjatywy i pod honorowym patronatem wicemarsza\u0142ek Sejmu RP Ma\u0142gorzaty [&hellip;]","protected":false},"author":1,"featured_media":0,"comment_status":"closed","ping_status":"closed","sticky":false,"template":"","format":"standard","meta":{"_acf_changed":false,"_monsterinsights_skip_tracking":false,"_monsterinsights_sitenote_active":false,"_monsterinsights_sitenote_note":"","_monsterinsights_sitenote_category":0,"ngg_post_thumbnail":0,"footnotes":"","_wp_rev_ctl_limit":""},"categories":[13,9],"tags":[98,29,167,17],"acf":[],"_links":{"self":[{"href":"https:\/\/www.bibula.com\/index.php?rest_route=\/wp\/v2\/posts\/135604"}],"collection":[{"href":"https:\/\/www.bibula.com\/index.php?rest_route=\/wp\/v2\/posts"}],"about":[{"href":"https:\/\/www.bibula.com\/index.php?rest_route=\/wp\/v2\/types\/post"}],"author":[{"embeddable":true,"href":"https:\/\/www.bibula.com\/index.php?rest_route=\/wp\/v2\/users\/1"}],"replies":[{"embeddable":true,"href":"https:\/\/www.bibula.com\/index.php?rest_route=%2Fwp%2Fv2%2Fcomments&post=135604"}],"version-history":[{"count":2,"href":"https:\/\/www.bibula.com\/index.php?rest_route=\/wp\/v2\/posts\/135604\/revisions"}],"predecessor-version":[{"id":135606,"href":"https:\/\/www.bibula.com\/index.php?rest_route=\/wp\/v2\/posts\/135604\/revisions\/135606"}],"wp:attachment":[{"href":"https:\/\/www.bibula.com\/index.php?rest_route=%2Fwp%2Fv2%2Fmedia&parent=135604"}],"wp:term":[{"taxonomy":"category","embeddable":true,"href":"https:\/\/www.bibula.com\/index.php?rest_route=%2Fwp%2Fv2%2Fcategories&post=135604"},{"taxonomy":"post_tag","embeddable":true,"href":"https:\/\/www.bibula.com\/index.php?rest_route=%2Fwp%2Fv2%2Ftags&post=135604"}],"curies":[{"name":"wp","href":"https:\/\/api.w.org\/{rel}","templated":true}]}}