{"id":135563,"date":"2022-08-01T12:50:52","date_gmt":"2022-08-01T16:50:52","guid":{"rendered":"https:\/\/www.bibula.com\/?p=135563"},"modified":"2022-08-01T12:50:52","modified_gmt":"2022-08-01T16:50:52","slug":"niderlandy-kolejny-kraj-z-korelacja","status":"publish","type":"post","link":"https:\/\/www.bibula.com\/?p=135563","title":{"rendered":"Niderlandy. Kolejny kraj z korelacj\u0105?"},"content":{"rendered":"<div class=\"entry-content clearfix\">\r\n<blockquote>\r\n<p><em>Wyniki te pasuj\u0105 do niepokoj\u0105cych danych o nadmiernej \u015bmiertelno\u015bci, kt\u00f3re obserwujemy obecnie w wielu krajach. Ten niewygodny i ignorowany problem prawdopodobnie spowoduje wzrost liczby powa\u017cnych skutk\u00f3w ubocznych.<\/em><\/p>\r\n<\/blockquote>\r\n<p style=\"text-align: center;\">\u2212\u2217\u2212<\/p>\r\n<p><em>T\u0142umaczenie artyku\u0142u dot. zaobserwowanej w Niderlandach korelacji mi\u0119dzy szczepieniami przeciw covid, a wska\u017anikiem zgon\u00f3w. Badania oczekuj\u0105 na recenzj\u0119, ale ju\u017c teraz mo\u017cna si\u0119 z nimi zapozna\u0107. Odno\u015bniki w tek\u015bcie.<\/em> \/\/<a href=\"https:\/\/www.ekspedyt.org\/author\/alter-cabrio\/\">AlterCabrio<\/a><\/p>\r\n<p style=\"text-align: center;\">___________***___________<\/p>\r\n<p>&nbsp;<\/p>\r\n<h2><strong>Niderlandy: wi\u0119ksza absorpcja szczepionek, wy\u017csza \u015bmiertelno\u015b\u0107<\/strong><\/h2>\r\n<p><em><strong>Wyniki te pasuj\u0105 do niepokoj\u0105cych danych o nadmiernej \u015bmiertelno\u015bci, kt\u00f3re obserwujemy obecnie w wielu krajach. Ten niewygodny i ignorowany problem prawdopodobnie spowoduje wzrost liczby powa\u017cnych skutk\u00f3w ubocznych.<\/strong><\/em><\/p>\r\n<p>W ci\u0105gu ostatnich kilku miesi\u0119cy pojawi\u0142y si\u0119 oznaki faktycznej korelacji mi\u0119dzy \u015bmiertelno\u015bci\u0105 z jakiejkolwiek przyczyny a szczepionkami Covid. Aby wykaza\u0107 istnienie tej korelacji, kluczowa jest jednak mo\u017cliwo\u015b\u0107 por\u00f3wnania wska\u017anika \u015bmiertelno\u015bci i absorpcji szczepionki w stosunkowo jednorodnej populacji.<\/p>\r\n<p>To w\u0142a\u015bnie zrobi\u0142 holenderski badacz Andr\u00e9 Redert. Por\u00f3wnuje on wska\u017anik \u015bmiertelno\u015bci i przyjmowanie szczepionek mi\u0119dzy gminami w Holandii i nie znajduje \u017cadnego wp\u0142ywu na zmniejszenie \u015bmiertelno\u015bci po szczepieniach.<\/p>\r\n<p>Zamiast tego znajduje statystycznie istotn\u0105 faktyczn\u0105 korelacj\u0119 mi\u0119dzy przyjmowaniem szczepionki a \u015bmiertelno\u015bci\u0105.<\/p>\r\n<p>&nbsp;<\/p>\r\n<p><a href=\"https:\/\/www.ekspedyt.org\/2022\/08\/01\/niderlandy-kolejny-kraj-z-korelacja\/niderland_vax_ratio_ac\/\" rel=\"attachment wp-att-95179\"><img fetchpriority=\"high\" decoding=\"async\" class=\"aligncenter wp-image-95179\" src=\"https:\/\/www.ekspedyt.org\/wp-content\/uploads\/2022\/08\/niderland_vax_ratio_ac.jpg\" sizes=\"(max-width: 550px) 100vw, 550px\" srcset=\"https:\/\/www.ekspedyt.org\/wp-content\/uploads\/2022\/08\/niderland_vax_ratio_ac.jpg 800w, https:\/\/www.ekspedyt.org\/wp-content\/uploads\/2022\/08\/niderland_vax_ratio_ac-300x179.jpg 300w, https:\/\/www.ekspedyt.org\/wp-content\/uploads\/2022\/08\/niderland_vax_ratio_ac-768x459.jpg 768w\" alt=\"\" width=\"762\" height=\"456\"><\/a><\/p>\r\n<p>&nbsp;<\/p>\r\n<p>Okres, o kt\u00f3rym mowa, to 35-52 tydzie\u0144 2021r. Jak pokazuje wykres, istnieje silna korelacja, tj. wy\u017csza liczba szczepie\u0144 w gminie jest skorelowana z wy\u017csz\u0105 \u015bmiertelno\u015bci\u0105. Pe\u0142na analiza nie jest jeszcze recenzowana [peer review], ale jest dost\u0119pna na stronach <a href=\"https:\/\/www.researchgate.net\/publication\/361818561_Covid-19_vaccinations_and_all-cause_mortality_-a_long-term_differential_analysis_among_municipalities\">Researchgate<\/a>.<\/p>\r\n<p>Wyniki te pasuj\u0105 do niepokoj\u0105cych danych o nadmiernej \u015bmiertelno\u015bci, kt\u00f3re obserwujemy obecnie w wielu krajach. Ten niewygodny i ignorowany problem prawdopodobnie zwi\u0119kszy liczb\u0119 powa\u017cnych niepo\u017c\u0105danych skutk\u00f3w szczepionek przeciw Covid-19 w por\u00f3wnaniu z innymi szczepionkami. Dodatkow\u0105 przyczyn\u0105 mo\u017ce by\u0107 czasami negatywny wp\u0142yw szczepie\u0144 na \u015bmiertelno\u015b\u0107 zwi\u0105zan\u0105 z samym covid, np. <a href=\"https:\/\/dailysceptic.org\/2022\/07\/27\/covid-vaccines-give-zero-protection-against-death-ons-data-suggest\/\">w Wielkiej Brytanii<\/a>.<\/p>\r\n<p>Te wyniki s\u0105 naprawd\u0119 niepokoj\u0105ce. A jeszcze bardziej niepokoj\u0105ca jest powszechna cenzura, je\u015bli chodzi o ich publikowanie lub omawianie. Media g\u0142\u00f3wnego nurtu unikaj\u0105 dyskusji, a zarz\u0105dzaj\u0105cy platformami spo\u0142eczno\u015bciowymi, takimi jak <a href=\"https:\/\/en.wikipedia.org\/wiki\/Mark_Zuckerberg\">Facebook<\/a> i <a href=\"https:\/\/en.wikipedia.org\/wiki\/Jeff_Weiner\">LinkedIn<\/a>, ustanowili nawet zasady zabraniaj\u0105ce wspominania o jakichkolwiek negatywnych faktach dotycz\u0105cych szczepionek. Mo\u017cna si\u0119 tylko zastanawia\u0107, co taka cenzura mo\u017ce oznacza\u0107 dla tych lider\u00f3w biznesu, w przypadku wybuchu masowej histerii, a osoby odpowiedzialne za ukrywanie wa\u017cnych informacji i reklamowanie niebezpiecznych dezinformacji zostan\u0105 poci\u0105gni\u0119ci do odpowiedzialno\u015bci za swoje czyny.<\/p>\r\n<p>_________________<\/p>\r\n<p><a href=\"https:\/\/thorsteinn.substack.com\/p\/the-netherlands-higher-vaccine-uptake\"><strong>The Netherlands: Higher Vaccine Uptake, Higher Mortality<\/strong>, Thorsteinn Siglaugsson, Jul 29, 2022<\/a><\/p>\r\n<p>\u2212\u2217\u2212<\/p>\r\n<p><strong>Powi\u0105zane tematycznie:<\/strong><\/p>\r\n<p><a href=\"https:\/\/www.ekspedyt.org\/2021\/12\/15\/vaids-czyli-skad-sie-bierze-erozja-immunologiczna\/\"><strong>VAIDS czyli sk\u0105d si\u0119 bierze erozja immunologiczna<\/strong><\/a><br>\r\n<em>\u201eNiekt\u00f3rzy wykorzystali wyniki tego badania do poparcia powszechnego stosowania tak zwanych zastrzyk\u00f3w \u00abwzmacniaj\u0105cych\u00bb [boosters]. Trzeba powiedzie\u0107 jasno: nikt nie ma \u017cadnych danych dotycz\u0105cych bezpiecze\u0144stwa takiego planu. Je\u015bli erozja immunologiczna wyst\u0119puje [\u2026]<\/em><\/p>\r\n<p>_________________<\/p>\r\n<p><a href=\"https:\/\/www.ekspedyt.org\/2021\/11\/21\/calkowita-porazka-czyli-dlaczego-wciaz-to-wstrzykujemy\/\"><strong>\u201cCa\u0142kowita pora\u017cka\u201d czyli dlaczego wci\u0105\u017c to wstrzykujemy<\/strong><\/a><br>\r\n<em>W zesz\u0142ym tygodniu dr Anthony Fauci z\u0142o\u017cy\u0142 prawdopodobnie najbardziej obci\u0105\u017caj\u0105ce wyznanie w historii szczepionki przeciw Covid. Implikacje jego o\u015bwiadczenia s\u0105 tak daleko id\u0105ce, \u017ce \u200b\u200bwywiad, w kt\u00f3rym je wyg\u0142osi\u0142, mo\u017ce [\u2026]<\/em><\/p>\r\n<p>&nbsp;<\/p>\r\n<\/div>\r\n<p class=\"zrodlo\">Za: <a href=\"https:\/\/www.ekspedyt.org\/2022\/08\/01\/niderlandy-kolejny-kraj-z-korelacja\/\">Legion sw. Ekspedyta &#8211; ekspedyt.org (1 sierpnia 2022) <\/a><\/p>","protected":false},"excerpt":{"rendered":"Wyniki te pasuj\u0105 do niepokoj\u0105cych danych o nadmiernej \u015bmiertelno\u015bci, kt\u00f3re obserwujemy obecnie w wielu krajach. Ten niewygodny i ignorowany problem prawdopodobnie spowoduje wzrost liczby powa\u017cnych skutk\u00f3w ubocznych. \u2212\u2217\u2212 T\u0142umaczenie artyku\u0142u dot. zaobserwowanej w Niderlandach korelacji mi\u0119dzy szczepieniami przeciw covid, a wska\u017anikiem zgon\u00f3w. Badania oczekuj\u0105 na recenzj\u0119, ale ju\u017c teraz mo\u017cna si\u0119 z nimi zapozna\u0107. Odno\u015bniki [&hellip;]","protected":false},"author":1,"featured_media":0,"comment_status":"closed","ping_status":"closed","sticky":false,"template":"","format":"standard","meta":{"_acf_changed":false,"_monsterinsights_skip_tracking":false,"_monsterinsights_sitenote_active":false,"_monsterinsights_sitenote_note":"","_monsterinsights_sitenote_category":0,"ngg_post_thumbnail":0,"footnotes":"","_wp_rev_ctl_limit":""},"categories":[13],"tags":[433,280,20,452],"acf":[],"_links":{"self":[{"href":"https:\/\/www.bibula.com\/index.php?rest_route=\/wp\/v2\/posts\/135563"}],"collection":[{"href":"https:\/\/www.bibula.com\/index.php?rest_route=\/wp\/v2\/posts"}],"about":[{"href":"https:\/\/www.bibula.com\/index.php?rest_route=\/wp\/v2\/types\/post"}],"author":[{"embeddable":true,"href":"https:\/\/www.bibula.com\/index.php?rest_route=\/wp\/v2\/users\/1"}],"replies":[{"embeddable":true,"href":"https:\/\/www.bibula.com\/index.php?rest_route=%2Fwp%2Fv2%2Fcomments&post=135563"}],"version-history":[{"count":2,"href":"https:\/\/www.bibula.com\/index.php?rest_route=\/wp\/v2\/posts\/135563\/revisions"}],"predecessor-version":[{"id":135574,"href":"https:\/\/www.bibula.com\/index.php?rest_route=\/wp\/v2\/posts\/135563\/revisions\/135574"}],"wp:attachment":[{"href":"https:\/\/www.bibula.com\/index.php?rest_route=%2Fwp%2Fv2%2Fmedia&parent=135563"}],"wp:term":[{"taxonomy":"category","embeddable":true,"href":"https:\/\/www.bibula.com\/index.php?rest_route=%2Fwp%2Fv2%2Fcategories&post=135563"},{"taxonomy":"post_tag","embeddable":true,"href":"https:\/\/www.bibula.com\/index.php?rest_route=%2Fwp%2Fv2%2Ftags&post=135563"}],"curies":[{"name":"wp","href":"https:\/\/api.w.org\/{rel}","templated":true}]}}