{"id":135444,"date":"2022-07-25T16:35:52","date_gmt":"2022-07-25T20:35:52","guid":{"rendered":"https:\/\/www.bibula.com\/?p=135444"},"modified":"2022-07-25T16:35:52","modified_gmt":"2022-07-25T20:35:52","slug":"kowidki-wracaja-zgodnie-z-regula-wahadla-jerzy-karwelis","status":"publish","type":"post","link":"https:\/\/www.bibula.com\/?p=135444","title":{"rendered":"Kowidki wracaj\u0105 zgodnie z regu\u0142\u0105 wahad\u0142a &#8211; <em>Jerzy Karwelis<\/em>"},"content":{"rendered":"<p class=\"has-drop-cap\">Ja mam taki barometr. Po prostu zbieram sobie \u017ar\u00f3d\u0142a i widz\u0119 co idzie. Po \u017ar\u00f3d\u0142ach. Kowid \u2013 wiadomo, na pocz\u0105tku monotematyka, ale zacz\u0119\u0142y si\u0119 pojawia\u0107 zjawiska polityczno-obyczajowe, co da\u0142o mi asumpt do obyczajk\u00f3w, ale te\u017c wskazywa\u0142o, \u017ce idzie nowy temat, czyli kowidowe przekszta\u0142cenie \u015bwiata, d\u0142u\u017csze i bardziej trwa\u0142e ni\u017c epidemiologiczne. Potem, jak no\u017cem uci\u0105\u0142, przysz\u0142a wojna i tematy kowidowe znikn\u0119\u0142y a\u017c tak bardzo, \u017ce \u017ar\u00f3d\u0142a wysch\u0142y i trzeba si\u0119 by\u0142o przerzuci\u0107. Teraz wojna si\u0119 ju\u017c nudzi, i \u015bwiatu, i mediom i zaczynaj\u0105 si\u0119 pojawia\u0107 kowidki, czyli tematy jedne wypieraj\u0105 drugie, narracja goni narracj\u0119 i gin\u0105ca cywilizacja jest jak mama opowiadaj\u0105ca dziecku bajki przed snem. Najlepiej gdyby by\u0142y ju\u017c znane, bo to chodzi nie o to by zaciekawi\u0107, ale w\u0142a\u015bnie u\u015bpi\u0107 czym\u015b znanym. A wi\u0119c kowidki wracaj\u0105 i to w dawkach skumulowanych. G\u0142\u00f3wnie charakteryzuj\u0105 si\u0119 dystansem oraz tym, \u017ce przychodz\u0105 rachunki, czyli badania i cz\u0142owiek ma uciech\u0119 jak tu si\u0119 ta usypiaj\u0105ca matka medialna musi nakombinowa\u0107, by bajeczka wysz\u0142a.<\/p>\r\n<p>&nbsp;<\/p>\r\n<div class=\"aft-post-thumbnail-wrapper\">\r\n<div class=\"post-thumbnail full-width-image\"><img fetchpriority=\"high\" decoding=\"async\" class=\"attachment-covernews-featured size-covernews-featured wp-post-image aligncenter\" src=\"https:\/\/dziennikzarazy.pl\/wp-content\/uploads\/2022\/07\/okladka-kowidki-to.jpg\" sizes=\"(max-width: 751px) 100vw, 751px\" srcset=\"https:\/\/dziennikzarazy.pl\/wp-content\/uploads\/2022\/07\/okladka-kowidki-to.jpg 751w, https:\/\/dziennikzarazy.pl\/wp-content\/uploads\/2022\/07\/okladka-kowidki-to-300x164.jpg 300w\" alt=\"\" width=\"751\" height=\"410\"><\/div>\r\n<\/div>\r\n<p>&nbsp;<\/p>\r\n<p>No, bo takie drzewa. Nie wiem czy wiecie, ale <a href=\"https:\/\/tech.wp.pl\/czy-drzewa-przenosza-koronawirusa-naukowcy-zrobili-symulacje,6654152795933216a\">przenosz\u0105 wirusa<\/a>. Mechanizm jest zatrwa\u017caj\u0105co prosty. Drzewa przecie\u017c emituj\u0105 oko\u0142o 1.500 ziaren py\u0142ku na metr sze\u015bcienny, a jak wiadomo takie py\u0142ki to mog\u0105 roznosi\u0107 koronk\u0119. No i mamy to. I niech mi tu nikt si\u0119 nie na\u015bmiewa z takich decyzji, jak zakaz chodzenia do lasu. Teraz wiadomo, \u017ce \u015bwiat\u0142a \u015bp. Rada Medyczna mia\u0142a racj\u0119 i swoje rekomendacje opar\u0142a na takich w\u0142a\u015bnie badaniach. Tak to jest jak si\u0119 rzuca py\u0142ki przed wieprze.<\/p>\r\n<p>Drzewa to piku\u015b. <a href=\"https:\/\/zdrowie.dziennik.pl\/aktualnosci\/artykuly\/8493700,covid-19-przeciwciala-kury-jaja-koronawirus.html\">Teraz kury<\/a>, a w\u0142a\u015bciwie, <em>par excelance<\/em>, jaja. Naukowcy odkryli, \u017ce jak si\u0119 zaszczepi na kowid kury, to te przeciwcia\u0142a przekazuj\u0105 do w\u0142asnych jaj. I tu mamy morze mo\u017cliwo\u015bci. Po pierwsze nie wiadomo czy bia\u0142ko kolcowe osadza si\u0119 w \u017c\u00f3\u0142tku czy w bia\u0142ku. Po drugie mo\u017cna foliarzy zrobi\u0107 w bambuko, bo to towarzystwo si\u0119 zarzeka, \u017ce si\u0119 nie uk\u0142uje za boga. A tu w jajeczku \u2013 cyk i go\u015bciu jednak jest dziabni\u0119ty. I to ile razy. Jakie tam czwarte, czy pi\u0105te, przypominaj\u0105ce i wzmacniaj\u0105ce. Codziennie z jajecznic\u0105 czy na mi\u0119kko ka\u017cdy b\u0119dzie szczypany regularnie. To jest pomys\u0142, bo zamiast certyfikatu szczepiennego b\u0119dzie si\u0119 pokazywa\u0142o zdj\u0119cie z Insta jak si\u0119 spo\u017cywa\u0142o jajecznic\u0119 z trzech na boczku i do widzenia. I jeszcze te masowe szczepienia na Wielkanoc\u2026<\/p>\r\n<p>No to jak szczepimy to na ca\u0142ego. <a href=\"https:\/\/mail.google.com\/mail\/u\/0\/?pli=1#inbox\/FMfcgzGpGwrFsvSwHMwgJqCwKXRhzDWM\">Pszcz\u00f3\u0142ki<\/a>. Jak <a href=\"https:\/\/dziennikzarazy.pl\/17-07-obyczajki-dzis-trans-barbie-oraz-dziennikarstwo-uczestniczace\/\">ju\u017c pisa\u0142em<\/a> mamy kl\u0119sk\u0119 roztoczy warrozy, kt\u00f3ra wyka\u0144cza pszczo\u0142y. Naukowcy wpadli na pomys\u0142, by zaszczepi\u0107 pszczo\u0142y sokiem mRNA. Nasza szczepionka ma mie\u0107 t\u0119 cech\u0119, \u017ce powoduje zatrzymanie si\u0119 rozmna\u017cania roztoczy. To ciekawe, bo jak donosz\u0105 naukowcy, szczepionka nie ma takich cech w stosunku do ludzi, czyli karmi\u0105ce, sp\u00f3\u0142kuj\u0105ce osobniki mog\u0105 si\u0119 szczepi\u0107, za\u015b roztocza maj\u0105 przechlapane. Nikt nie wie jak taka szczepionka ma si\u0119 z \u017co\u0142\u0105dka pszczo\u0142y przenie\u015b\u0107 na ca\u0142e jej cia\u0142o, \u017ceby j\u0105 wch\u0142on\u0119\u0142y roztocza. Tu te\u017c jest zagadka, bo znowu naukowcy utrzymuj\u0105, \u017ce jak si\u0119 cz\u0142owiek zaszczepi w r\u0119k\u0119, to tylko tam pozostaje szczepionka, cho\u0107 znajduj\u0105 si\u0119 jej \u015blady w r\u00f3\u017cnych organach ludzki, co dowodzi, \u017ce tzw. biodystrybucja szczepionki nie jest do ko\u0144ca bezpieczna. Jak wida\u0107 u pszcz\u00f3\u0142 dzia\u0142a totalnie, a wi\u0119c nauka kluczy. O tym co si\u0119 dzieje z mRNA w przypadku przenikania do miodu jako\u015b naukowcy milcz\u0105. Mo\u017ce to b\u0119dzie to samo jak z powy\u017cszymi jajami.&nbsp; B\u0119dziemy szczepieni, jak nie jajeczkiem, to miodkiem i nawet tego nie zauwa\u017cymy. Cwana ta Big Farma. Szczepionki nie schodz\u0105, a tak zaszczepi\u0107 miliardy kur i pszcz\u00f3\u0142 to nadwy\u017cki jako\u015b zejd\u0105.<\/p>\r\n<p>Przychodz\u0105 dane dotycz\u0105ce <a href=\"https:\/\/twitter.com\/AkkarinV\/status\/1547871592503382017?t=y6Xz5A3LddDk7ge8BbgySg&amp;s=03\">nadumieralno\u015bci. <\/a>W dodatku w krajach kt\u00f3re s\u0105 zaszczepione po kokard\u0119 wychodzi, \u017ce umieraj\u0105 zaszczepieni. No wiadomo, \u017ce jak ju\u017c nie ma nieszczypni\u0119tego w takim kraju, to kto ma umrze\u0107, jak nie zaszczepieni. Ale czemu nadmiarowo? I czemu tak nagle i <a href=\"https:\/\/twitter.com\/Jarek62460098\/status\/1547883322512064513?t=ewNQ1W7vCJLOvjs7R5tksQ&amp;s=03\">ostro w g\u00f3r\u0119?<\/a><\/p>\r\n<p>&nbsp;<\/p>\r\n<figure class=\"wp-block-image size-full\"><img decoding=\"async\" class=\"wp-image-6695 aligncenter\" src=\"https:\/\/dziennikzarazy.pl\/wp-content\/uploads\/2022\/07\/NZ-skok-to.jpg\" sizes=\"(max-width: 650px) 100vw, 650px\" srcset=\"https:\/\/dziennikzarazy.pl\/wp-content\/uploads\/2022\/07\/NZ-skok-to.jpg 650w, https:\/\/dziennikzarazy.pl\/wp-content\/uploads\/2022\/07\/NZ-skok-to-271x300.jpg 271w\" alt=\"\" width=\"650\" height=\"720\"><\/figure>\r\n<figure class=\"wp-block-image size-full\"><img decoding=\"async\" class=\"wp-image-6696 aligncenter\" src=\"https:\/\/dziennikzarazy.pl\/wp-content\/uploads\/2022\/07\/NZ-nad-to.png\" sizes=\"(max-width: 726px) 100vw, 726px\" srcset=\"https:\/\/dziennikzarazy.pl\/wp-content\/uploads\/2022\/07\/NZ-nad-to.png 726w, https:\/\/dziennikzarazy.pl\/wp-content\/uploads\/2022\/07\/NZ-nad-to-300x298.png 300w, https:\/\/dziennikzarazy.pl\/wp-content\/uploads\/2022\/07\/NZ-nad-to-150x150.png 150w\" alt=\"\" width=\"726\" height=\"720\"><\/figure>\r\n<p>&nbsp;<\/p>\r\n<p>No bo taka np. Wielka Brytania. Te\u017c mo\u017cna por\u00f3wna\u0107 <a href=\"https:\/\/twitter.com\/PrivZimna\/status\/1548227950813663234?t=Zpqinq8-tLuyXVuutGvsBg&amp;s=03\">kogo kosa kosi.<\/a><\/p>\r\n<p>&nbsp;<\/p>\r\n<figure class=\"wp-block-image size-full is-resized\"><img loading=\"lazy\" decoding=\"async\" class=\"wp-image-6697 aligncenter\" src=\"https:\/\/dziennikzarazy.pl\/wp-content\/uploads\/2022\/07\/UK-to.jpg\" sizes=\"(max-width: 690px) 100vw, 690px\" srcset=\"https:\/\/dziennikzarazy.pl\/wp-content\/uploads\/2022\/07\/UK-to.jpg 412w, https:\/\/dziennikzarazy.pl\/wp-content\/uploads\/2022\/07\/UK-to-258x300.jpg 258w\" alt=\"\" width=\"690\" height=\"803\"><\/figure>\r\n<p>&nbsp;<\/p>\r\n<p>A <a href=\"https:\/\/twitter.com\/KONFEDERACJA_\/status\/1547966711583756291?t=ykQabM81aR1jUVrfulAdxw&amp;s=03\">szczepi\u0107 si\u0119 trzeba<\/a>. W ko\u0144cu trzeba wyda\u0107 wojn\u0119 temu \u015bmiertelnemu zagro\u017ceniu. <em>\u201eBrytyjczycy przebadali pacjent\u00f3w zaka\u017conych koronawirusem i wyr\u00f3\u017cnili dwa g\u0142\u00f3wne objawy COVID-19 podczas NOWEJ FALI ZAKA\u017bE\u0143. S\u0105 to b\u00f3l gard\u0142a i b\u00f3l g\u0142owy. Pacjenci skar\u017cyli si\u0119 tak\u017ce na niedro\u017cno\u015b\u0107 nosa i kaszel\u201d.<\/em><\/p>\r\n<p>A <a href=\"https:\/\/twitter.com\/PiotrWitczak_\/status\/1546769168053288962?t=icrSwBX48KaO2FkC_hb2fw&amp;s=03\">Piotr Witczak<\/a>, odwrotnie, donosi, \u017ce wedle <a href=\"https:\/\/osf.io\/bcsa6\/\">bada\u0144 naukowych<\/a> szczepienie powoduje wi\u0119ksze zagro\u017cenie ni\u017c infekcja, przeciwko kt\u00f3rej jest ordynowane. <em>\u201eBoostery doprowadz\u0105 do akumulacji bia\u0142ka S w organizmie i dodatkowo zwi\u0119ksz\u0105 ryzyko chor\u00f3b narz\u0105d\u00f3w (m\u00f3zg, serce, szpik kostny, uk\u0142ad odporno\u015bciowy)\u201d. <\/em>Czyli jak pisa\u0142em \u2013 szczepionka przenosi si\u0119 z kur na jajka, z pszcz\u00f3\u0142 na roztocza, ale u cz\u0142owiek\u00f3w to tak nie dzia\u0142a, to jasne, c\u2019nie?<\/p>\r\n<p>Jest nadzieja. Portugalski <a href=\"https:\/\/twitter.com\/basiukiewiczpaw\/status\/1547684234004901891?t=clNOzojmxVdSZ3AIp_jdYQ&amp;s=03\">Trybuna\u0142 Konstytucyjny orzek\u0142<\/a>, \u017ce izolacje i kwarantanny s\u0105 niezgodne z konstytucj\u0105. A\u017c si\u0119 rzuci\u0142em, by poczyta\u0107 co oni tam maj\u0105 w tej konstytucji czego my nie mamy, by tak samo orzec. I nic specjalnego, normalne za\u015bpiewy o wolno\u015bciach, jak u nas. Wida\u0107, \u017ce to chodzi o interpretacj\u0119. I czemu tu si\u0119 dziwi\u0107 opozycji, \u017ce tak atakuje tzw. <a href=\"https:\/\/www.polityka.pl\/tygodnikpolityka\/kraj\/2144758,1,trybunal-przylebskiej-pis-i-metoda-na-lukaszenke.read\">Trybuna\u0142 Przy\u0142\u0119bskiej<\/a>? A\u017c sprawdzi\u0142em jak by to by\u0142o po portugalsku. To by by\u0142 Trybuna\u0142 Caupersa. Ciekawe czy on tam te\u017c dobrze gotuje i czy w og\u00f3le maj\u0105 tam jakiego\u015b prezesa?<\/p>\r\n<p>Francja odrzuci\u0142a propozycje partii makro\u0144skiej, by wprowadzi\u0107 paszport kowidowy. By\u0142o to historyczne porozumienie ponad podzia\u0142ami, bo przeciwko zag\u0142osowa\u0142a egzotyczna koalicja prawicy i lewicy. Mo\u017ce to by\u0107 koniec z europejskim wprowadzeniem paszportu na skal\u0119 kontynentu. Cho\u0107 przypadek konstytucji europejskiej, kt\u00f3ra zosta\u0142a odrzucona przez narody w referendach, a i tak wr\u00f3ci\u0142a tylnymi drzwiami jako zapisy w traktacie lizbo\u0144skim, nie napawa optymizmem. Nie mniej <a href=\"https:\/\/twitter.com\/Aleksan94914355\/status\/1547108950667059201?t=Orc79WFSIl82vs4x1I_Gjw&amp;s=03\">warto to obejrze\u0107<\/a>.&nbsp; &nbsp;<\/p>\r\n<p>Pami\u0119tacie t\u0119 powtarzaj\u0105c\u0105 si\u0119 sekwencj\u0119, gdy si\u0119 gasi eurosceptyk\u00f3w? Jak nie chcesz z Uni\u0105 to zostaje ci tylko <a href=\"https:\/\/twitter.com\/pol_pilnujmy\/status\/1547191024258277377?t=klIBv9eyheeakp2kJiQeJw&amp;s=03\">kierunek bia\u0142oruski.<\/a> Taka to by\u0142a (?) alternatywa. I co teraz? Gdzie woleliby\u015bcie?<\/p>\r\n<p>&nbsp;<\/p>\r\n<figure class=\"wp-block-image size-full\"><img loading=\"lazy\" decoding=\"async\" class=\"wp-image-6698 aligncenter\" src=\"https:\/\/dziennikzarazy.pl\/wp-content\/uploads\/2022\/07\/Bialorus-to.png\" sizes=\"(max-width: 637px) 100vw, 637px\" srcset=\"https:\/\/dziennikzarazy.pl\/wp-content\/uploads\/2022\/07\/Bialorus-to.png 637w, https:\/\/dziennikzarazy.pl\/wp-content\/uploads\/2022\/07\/Bialorus-to-300x162.png 300w\" alt=\"\" width=\"637\" height=\"345\"><\/figure>\r\n<p>&nbsp;<\/p>\r\n<p>Jak ju\u017c pisa\u0142em kowid ma te\u017c dobroczynne skutki. Leczy r\u00f3\u017cne choroby. Na ten przyk\u0142ad gryp\u0119. Przysz\u0142y optymistyczne<a href=\"https:\/\/twitter.com\/AkkarinV\/status\/1548967774239821825?t=sgQdE57nv24jVkRIpJy_0Q&amp;s=03\"> dane z USA<\/a>. I jak tu wyka\u0144cza\u0107 takiego dobroczy\u0144c\u0119 szczepieniami?<\/p>\r\n<figure class=\"wp-block-image size-full\"><img loading=\"lazy\" decoding=\"async\" class=\"wp-image-6699 aligncenter\" src=\"https:\/\/dziennikzarazy.pl\/wp-content\/uploads\/2022\/07\/USA-to.jpg\" sizes=\"(max-width: 908px) 100vw, 908px\" srcset=\"https:\/\/dziennikzarazy.pl\/wp-content\/uploads\/2022\/07\/USA-to.jpg 908w, https:\/\/dziennikzarazy.pl\/wp-content\/uploads\/2022\/07\/USA-to-300x238.jpg 300w, https:\/\/dziennikzarazy.pl\/wp-content\/uploads\/2022\/07\/USA-to-768x609.jpg 768w\" alt=\"\" width=\"908\" height=\"720\"><\/figure>\r\n<p>My tu pitu-pitu po \u015bwiecie i prawie zapomnieli\u015bmy o Polsce. A tu mamy <a href=\"https:\/\/twitter.com\/unveilNEWS\/status\/1548252956754993153?t=a4E91di13x0JLDbHwLtAHA&amp;s=03\">nowe objawy<\/a>. Tym razem kowidoza s\u0105downicza. Cytat dedykuj\u0119 wszystkim, kt\u00f3rzy cho\u0107 raz sp\u00f3\u017anili si\u0119 ze sk\u0142adk\u0105 do ZUS: \u201e<em>Bezkarno\u015b\u0107 mafii lekowych. GIF wymierzy\u0142 ponad 664 mln z\u0142 kar na nielegalny wyw\u00f3z lek\u00f3w z Polski. Pa\u0144stwo \u015bci\u0105gn\u0119\u0142o z tego 95 tys. z\u0142. Sprawa o wyw\u00f3z lek\u00f3w o warto\u015bci 30 mln z\u0142 zosta\u0142a umorzona, bo kobieta za to odpowiedzialna po prostu przeprosi\u0142a.\u201d<\/em><\/p>\r\n<p>Wypatrzy\u0142 <a href=\"https:\/\/dziennikzarazy.pl\/o-nas\/\"><strong><em>Jerzy Karwelis<\/em><\/strong><\/a><\/p>\r\n<p>Wszystkie wpisy na <a href=\"https:\/\/dziennikzarazy.pl\/\">moim blogu<\/a> \u201e<em>Dziennik zarazy<\/em>\u201d.<\/p>","protected":false},"excerpt":{"rendered":"Ja mam taki barometr. Po prostu zbieram sobie \u017ar\u00f3d\u0142a i widz\u0119 co idzie. Po \u017ar\u00f3d\u0142ach. Kowid \u2013 wiadomo, na pocz\u0105tku monotematyka, ale zacz\u0119\u0142y si\u0119 pojawia\u0107 zjawiska polityczno-obyczajowe, co da\u0142o mi asumpt do obyczajk\u00f3w, ale te\u017c wskazywa\u0142o, \u017ce idzie nowy temat, czyli kowidowe przekszta\u0142cenie \u015bwiata, d\u0142u\u017csze i bardziej trwa\u0142e ni\u017c epidemiologiczne. Potem, jak no\u017cem uci\u0105\u0142, przysz\u0142a [&hellip;]","protected":false},"author":1,"featured_media":0,"comment_status":"closed","ping_status":"closed","sticky":false,"template":"","format":"standard","meta":{"_acf_changed":false,"_monsterinsights_skip_tracking":false,"_monsterinsights_sitenote_active":false,"_monsterinsights_sitenote_note":"","_monsterinsights_sitenote_category":0,"ngg_post_thumbnail":0,"footnotes":"","_wp_rev_ctl_limit":""},"categories":[13,451],"tags":[433,98,20,452],"acf":[],"_links":{"self":[{"href":"https:\/\/www.bibula.com\/index.php?rest_route=\/wp\/v2\/posts\/135444"}],"collection":[{"href":"https:\/\/www.bibula.com\/index.php?rest_route=\/wp\/v2\/posts"}],"about":[{"href":"https:\/\/www.bibula.com\/index.php?rest_route=\/wp\/v2\/types\/post"}],"author":[{"embeddable":true,"href":"https:\/\/www.bibula.com\/index.php?rest_route=\/wp\/v2\/users\/1"}],"replies":[{"embeddable":true,"href":"https:\/\/www.bibula.com\/index.php?rest_route=%2Fwp%2Fv2%2Fcomments&post=135444"}],"version-history":[{"count":2,"href":"https:\/\/www.bibula.com\/index.php?rest_route=\/wp\/v2\/posts\/135444\/revisions"}],"predecessor-version":[{"id":135446,"href":"https:\/\/www.bibula.com\/index.php?rest_route=\/wp\/v2\/posts\/135444\/revisions\/135446"}],"wp:attachment":[{"href":"https:\/\/www.bibula.com\/index.php?rest_route=%2Fwp%2Fv2%2Fmedia&parent=135444"}],"wp:term":[{"taxonomy":"category","embeddable":true,"href":"https:\/\/www.bibula.com\/index.php?rest_route=%2Fwp%2Fv2%2Fcategories&post=135444"},{"taxonomy":"post_tag","embeddable":true,"href":"https:\/\/www.bibula.com\/index.php?rest_route=%2Fwp%2Fv2%2Ftags&post=135444"}],"curies":[{"name":"wp","href":"https:\/\/api.w.org\/{rel}","templated":true}]}}