{"id":135438,"date":"2022-07-25T16:35:40","date_gmt":"2022-07-25T20:35:40","guid":{"rendered":"https:\/\/www.bibula.com\/?p=135438"},"modified":"2022-10-27T16:22:56","modified_gmt":"2022-10-27T20:22:56","slug":"rada-jezyka-polskiego-zaleca-uzywanie-zwrotu-w-ukrainie","status":"publish","type":"post","link":"https:\/\/www.bibula.com\/?p=135438","title":{"rendered":"Rada J\u0119zyka Polskiego zaleca u\u017cywanie zwrotu \u201ew Ukrainie\u201d"},"content":{"rendered":"<p><strong>\u201eRada J\u0119zyka Polskiego zach\u0119ca do szerokiego stosowania sk\u0142adni \u201ew Ukrainie\u201d i \u201edo Ukrainy\u201d i nie uznaje sk\u0142adni z \u201ena\u201d za jedyn\u0105 poprawn\u0105\u201d \u2013 czytamy w komunikacie instytucji dzia\u0142aj\u0105cej przy Prezydium Polskiej Akademii Nauk. [&#8230;]<\/strong><\/p>\r\n<p>W specjalnym komunikacie Rada J\u0119zyka Polskiego wyda\u0142a opini\u0119 na temat u\u017cywania zwrot\u00f3w \u201ew Ukrainie\u201d i do \u201eUkrainy\u201d, kt\u00f3re wesz\u0142y do obiegu po ataku Rosji na naszych wschodnich s\u0105siad\u00f3w. J\u0119zykoznawcy wskazuj\u0105, \u017ce dotychczasowy zwyczaj u\u017cywania przyimk\u00f3w \u201ena\u201d \u201eukszta\u0142towa\u0142 si\u0119 bardzo dawno, kiedy zupe\u0142nie inne by\u0142y granice pa\u0144stw oraz poczucie wsp\u00f3lnoty pa\u0144stwowej czy dynastycznej\u201d. Rada podkre\u015bla, \u017ce przyimek \u201ena\u201d w tym kontek\u015bcie stanowi \u201erelikt dawnej rzeczywisto\u015bci\u201d, ale \u201enie jest przejawem kwestionowania suwerenno\u015bci\u201d m.in. Ukrainy.<\/p>\r\n<p>Rada wskazuje jednak, \u017ce niezale\u017cnie od przyczyn zwyczaju j\u0119zykowego, istotne jest, jak odbieraj\u0105 go ludzie, kt\u00f3rych on dotyczy. \u201eBior\u0105c pod uwag\u0119 szczeg\u00f3ln\u0105 sytuacj\u0119 i szczeg\u00f3lne odczucia naszych ukrai\u0144skich przyjaci\u00f3\u0142, kt\u00f3rzy wyra\u017cenia \u201ena Ukrainie\u201d, \u201ena Ukrain\u0119\u201d cz\u0119sto odbieraj\u0105 jako przejaw traktowania ich pa\u0144stwa jako niesuwerennego, Rada J\u0119zyka Polskiego zach\u0119ca do szerokiego stosowania sk\u0142adni \u201ew Ukrainie\u201d i \u201edo Ukrainy\u201d i nie uznaje sk\u0142adni z na za jedyn\u0105 poprawn\u0105 (jak mo\u017cna przeczyta\u0107 w drukowanych wydawnictwach poprawno\u015bciowych)\u201d \u2013 czytamy w oficjalnym stanowisku.<\/p>\r\n<p>\u201ePrzyimki \u201ew\u201d oraz \u201edo\u201d s\u0105 zalecane szczeg\u00f3lnie w j\u0119zyku publicznym (urz\u0119dowym, prasowym) i w tych kontekstach, w kt\u00f3rych mogliby\u015bmy zast\u0105pi\u0107 s\u0142owo Ukraina wyra\u017ceniem \u201epa\u0144stwo ukrai\u0144skie\u201d. Piszmy wi\u0119c wizyta prezydenta \u201ew Ukrainie\u201d, a nie \u201ena Ukrainie\u201d. Lepiej pisa\u0107 o wojnie \u201ew Ukrainie\u201d ni\u017c \u201ena Ukrainie\u201d, cho\u0107 druga wersja te\u017c nie jest niepoprawna\u201d \u2013 precyzuje Rada J\u0119zyka Polskiego przy Prezydium PAN.[&#8230;]<\/p>\r\n<p>\u0179r\u00f3d\u0142o: rjp.pan.pl, Twitter<\/p>\r\n<p>WMa<\/p>\r\n<p class=\"zrodlo\">Ca\u0142o\u015b\u0107: <a href=\"https:\/\/pch24.pl\/rada-jezyka-polskiego-zaleca-uzywanie-zwrotu-w-ukrainie-mocny-komentarz-gadowskiego\/\">PoloniaChristiana &#8211; pch24.pl (25 lipiec 2022)&nbsp;<\/a><\/p>\r\n<h4>&nbsp;<\/h4>\r\n<hr style=\"background-color: #000000; border-width: 0; color: #000000; height: 2px; line-height: 0; text-align: center; width: 100%;\">\r\n<h4>&nbsp;<\/h4>\r\n<div class=\"page-header\">\r\n<h2><strong>Sk\u0142ad Rady<\/strong><\/h2>\r\n<\/div>\r\n<div class=\"com-content-article__body\">\r\n<p>&nbsp;<\/p>\r\n<\/div>\r\n<p>Przypominamy <strong>sk\u0142ad Rady J\u0119zyka Polskiego w VII kadencji (2019\u20132022) od 1 XII 2021 roku<\/strong><\/p>\r\n<p>Nie wiemy kto z ni\u017cej wymienionych podj\u0105\u0142 t\u0105 decyzj\u0119, kto podni\u00f3s\u0142 r\u0119k\u0119 w g\u0142osowaniu, kto sprzeciwi\u0142 si\u0119, ale przy braku s\u0142yszalnych, publicznych g\u0142os\u00f3w krytycznych, jak na razie oskar\u017camy wszystkich cz\u0142onk\u00f3w Rady o psucie j\u0119zyka polskiego i wprowadzanie politycznej poprawno\u015bci do j\u0119zykoznawstwa.<\/p>\r\n<ul>\r\n\t<li>prof. dr hab. Andrzej Jacek Blikle (informatyka)&nbsp;<\/li>\r\n\t<li>prof. dr hab. Jerzy Bralczyk (j\u0119zykoznawstwo) \u2013 wiceprzewodnicz\u0105cy, cz\u0142onek prezydium<\/li>\r\n\t<li>prof. dr hab. Marian Bugajski (j\u0119zykoznawstwo)&nbsp;<\/li>\r\n\t<li>red. Bart\u0142omiej Chaci\u0144ski (dziennikarstwo)&nbsp;<\/li>\r\n\t<li>prof. dr hab. Wojciech Chlebda (j\u0119zykoznawstwo)<\/li>\r\n\t<li>dr hab. Agnieszka Chodu\u0144, prof. US (prawo) \u2013 cz\u0142onkini prezydium<\/li>\r\n\t<li>prof. dr hab. Anna D\u0105browska (j\u0119zykoznawstwo) \u2013 wiceprzewodnicz\u0105ca, cz\u0142onkini prezydium<\/li>\r\n\t<li>dr Antonina Doroszewska (socjologia)&nbsp;\u2013 cz\u0142onkini prezydium<\/li>\r\n\t<li>prof. dr hab. Stanis\u0142aw Dubisz (j\u0119zykoznawstwo)<\/li>\r\n\t<li>prof. dr hab. Stanis\u0142aw Gajda (j\u0119zykoznawstwo)&nbsp;<\/li>\r\n\t<li>prof. dr hab. Micha\u0142 G\u0142owi\u0144ski (teoria literatury)<\/li>\r\n\t<li>dr hab. Katarzyna K\u0142osi\u0144ska, prof. UW (j\u0119zykoznawstwo)&nbsp; \u2013 przewodnicz\u0105ca, cz\u0142onkini prezydium<\/li>\r\n\t<li>prof. dr hab. Ewa Ko\u0142odziejek (j\u0119zykoznawstwo) \u2013 wiceprzewodnicz\u0105ca, cz\u0142onkini prezydium<\/li>\r\n\t<li>dr hab. Danuta Krzy\u017cyk, prof. U\u015a (j\u0119zykoznawstwo, edukacja)&nbsp; \u2013 sekretarz naukowy, cz\u0142onkini prezydium<\/li>\r\n\t<li>dr hab. Marek \u0141azi\u0144ski, prof. UW (j\u0119zykoznawstwo)&nbsp;<\/li>\r\n\t<li>prof. dr hab. Miros\u0142awa Marody (socjologia)&nbsp;<\/li>\r\n\t<li>prof. dr hab. Jan Miodek (j\u0119zykoznawstwo)&nbsp;<\/li>\r\n\t<li>prof. dr hab. W\u0142adys\u0142aw Miodunka (j\u0119zykoznawstwo)<\/li>\r\n\t<li>dr hab. Jolanta Panasiuk, prof. UMCS (j\u0119zykoznawstwo, logopedia)&nbsp;<\/li>\r\n\t<li>prof. dr hab. Jerzy Podracki (j\u0119zykoznawstwo)<\/li>\r\n\t<li>prof. dr hab. Renata Przybylska (j\u0119zykoznawstwo)&nbsp;<\/li>\r\n\t<li>ks. prof. dr hab. Wies\u0142aw Przyczyna (teologia) \u2013 cz\u0142onek prezydium<\/li>\r\n\t<li>prof. dr hab. Jadwiga Puzynina (j\u0119zykoznawstwo)&nbsp;<\/li>\r\n\t<li>Jerzy Radziwi\u0142owicz (teatr)&nbsp;<\/li>\r\n\t<li>dr hab. Micha\u0142 Rusinek, prof. UJ (literatura)<\/li>\r\n\t<li>prof. dr hab. Mariusz Rutkowski (j\u0119zykoznawstwo)<\/li>\r\n\t<li>dr hab. Barbara Sobczak, prof. UAM (j\u0119zykoznawstwo)&nbsp;<\/li>\r\n\t<li>prof. dr hab. Roch Sulima (antropologia kultury)&nbsp;<\/li>\r\n\t<li>prof. dr hab. Helena Synowiec (j\u0119zykoznawstwo, edukacja)&nbsp;<\/li>\r\n\t<li>p\u0142k Tomasz Szulejko (wojskowo\u015b\u0107)&nbsp;<\/li>\r\n\t<li>red. Ma\u0142gorzata Tu\u0142owiecka (dziennikarstwo)&nbsp;<\/li>\r\n\t<li>dr hab. Dorota Zdunkiewicz-Jedynak, prof. UW (j\u0119zykoznawstwo)<\/li>\r\n\t<li>dr hab. Rafa\u0142 Zimny, prof. UKW (j\u0119zykoznawstwo)&nbsp;<\/li>\r\n\t<li>prof. dr hab. Piotr \u017bmigrodzki (j\u0119zykoznawstwo)&nbsp;<\/li>\r\n<\/ul>\r\n<h4>&nbsp;<\/h4>\r\n<hr style=\"background-color: #000000; border-width: 0; color: #000000; height: 2px; line-height: 0; text-align: center; width: 100%;\">\r\n<h4>&nbsp;<\/h4>\r\n<p>DODANO 10\/27\/2022:<\/p>\r\n<h2><strong>Rada J\u0119zyka Polskiego rekomendowa\u0142a form\u0119 \u201ew Ukrainie\u201d po otrzymaniu listu od ukrai\u0144skiej deputowanej<\/strong><\/h2>\r\n<div class=\"p_underline\">\r\n<p class=\"has-drop-cap\">Rada J\u0119zyka Polskiego oficjalnie zaleci\u0142a stosowanie formy \u201ew Ukrainie\u201d po otrzymaniu listu od ukrai\u0144skiej deputowanej z partii Ho\u0142os, kt\u00f3ra argumentowa\u0142a, \u017ce forma \u201ena Ukrainie\u201d kojarzy si\u0119 Ukrai\u0144com \u201ez narracj\u0105 Stalina i Putina\u201d. Tak wynika z dokument\u00f3w opublikowanych przez dra \u0141ukasza Adamskiego. \u201eJ\u0119zykoznawcy mieli \u015bwiadomo\u015b\u0107 polityzacji zagadnienia\u201d.<\/p>\r\n<p>Dr \u0141ukasz Adamski, wiceszef Centrum Dialogu im. Juliusza Mieroszewskiego, skierowa\u0142 do Rady J\u0119zyka Polskiego (RJP), w kt\u00f3rym poprosi\u0142 o udost\u0119pnienie ekspertyz, kt\u00f3rymi Rada dysponowa\u0142a, publikuj\u0105c kilka miesi\u0119cy temu zalecenie, aby stosowa\u0107 raczej wyra\u017cenie \u201ew Ukrainie\u201d ni\u017c jedyn\u0105 poprawn\u0105 dot\u0105d form\u0119 gramatyczn\u0105 \u201ena Ukrainie\u201d, z uwagi na wra\u017cliwo\u015b\u0107 Ukrai\u0144c\u00f3w.[&#8230;]<\/p>\r\n<p>\u201eDosta\u0142em obszern\u0105 odpowied\u017a Rady J\u0119zyka Polskiego na wniosek o udost\u0119pnienie ekspertyz, kt\u00f3rymi Rada dysponowa\u0142a, publikuj\u0105c zalecenie, aby ze wzgl\u0119du na uczucia Ukrai\u0144c\u00f3w u\u017cywa\u0107 raczej wyra\u017cenia \u201ew Ukrainie\u201d ni\u017c tradycyjnego \u201ena Ukrainie\u201d. Poni\u017cej konkluzje i fragmenty pism\u201d \u2013 napisa\u0142 na Twitterze dr Adamski.<\/p>\r\n<section class=\"adsblock_section avia_code_block_section avia_code_block_0\"><\/section>\r\n<p>Na wst\u0119pie, wiceszef Centrum Dialogu im. Juliusza Mieroszewskiego zwr\u00f3ci\u0142 uwag\u0119, \u017ce Rada opublikowa\u0142a swoje stanowisko po tym, jak otrzyma\u0142a list od deputowanej ukrai\u0144skiego parlamentu z partii Ho\u0142os. Dr Adamski zamie\u015bci\u0142 fragmenty tego listu, ale nie wymieni\u0142 nazwiska deputowanej.<\/p>\r\n<p>\u201e(\u2026) wierzymy, \u017ce dobra, demokratyczna, europejska Polska zrozumie swojego s\u0105siada i b\u0119dzie mog\u0142a zdecydowa\u0107 si\u0119 na zmian\u0119 pisowni i s\u0142ownik\u00f3w j\u0119zyka polskiego. Doprowadzi do stopniowej eliminacji form \u201ena Ukrain\u0119\u201d, \u201ena Ukrainie\u201d z u\u017cytkowania na poziomie komunikacji urz\u0119dowej, pracy z dokumentami urz\u0119dowymi, a tak\u017ce z j\u0119zyka ka\u017cdego Polaka\u201d \u2013 czytamy w li\u015bcie ukrai\u0144skiej deputowanej. Zadeklarowa\u0142a te\u017c w imieniu strony ukrai\u0144skiej gotowo\u015b\u0107 do przeprowadzenia w Polsce \u201emisji edukacyjnej\u201d i promocji wyeliminowania formy \u201ena Ukrainie\u201d z j\u0119zyka polskiego.<\/p>\r\n<p>\u201eKiedy po polsku i po ukrai\u0144sku pisze si\u0119 lub m\u00f3wi \u2018na Ukrain\u0119\u2019, \u2018na Ukrainie\u2019, my, Ukrai\u0144cy, s\u0142yszymy narracje Stalina i Putina (\u2026)\u201d \u2013 zaznacza deputowana.[&#8230;]<\/p>\r\n<p class=\"zrodlo\">Ca\u0142o\u015b\u0107: <a href=\"https:\/\/kresy.pl\/wydarzenia\/rada-jezyka-polskiego-rekomendowala-forme-w-ukrainie-po-otrzymaniu-listu-od-ukrainskiej-deputowanej\/\">Kresy.pl (27 pa\u017adziernika 2022)<\/a><\/p>\r\n<h4>&nbsp;<\/h4>\r\n<hr style=\"background-color: #000000; border-width: 0; color: #000000; height: 2px; line-height: 0; text-align: center; width: 100%;\">\r\n<h4>&nbsp;<\/h4>\r\n<p>&nbsp;<\/p>\r\n<\/div>","protected":false},"excerpt":{"rendered":"\u201eRada J\u0119zyka Polskiego zach\u0119ca do szerokiego stosowania sk\u0142adni \u201ew Ukrainie\u201d i \u201edo Ukrainy\u201d i nie uznaje sk\u0142adni z \u201ena\u201d za jedyn\u0105 poprawn\u0105\u201d \u2013 czytamy w komunikacie instytucji dzia\u0142aj\u0105cej przy Prezydium Polskiej Akademii Nauk. [&#8230;] W specjalnym komunikacie Rada J\u0119zyka Polskiego wyda\u0142a opini\u0119 na temat u\u017cywania zwrot\u00f3w \u201ew Ukrainie\u201d i do \u201eUkrainy\u201d, kt\u00f3re wesz\u0142y do obiegu [&hellip;]","protected":false},"author":1,"featured_media":0,"comment_status":"closed","ping_status":"closed","sticky":false,"template":"","format":"standard","meta":{"_acf_changed":false,"_monsterinsights_skip_tracking":false,"_monsterinsights_sitenote_active":false,"_monsterinsights_sitenote_note":"","_monsterinsights_sitenote_category":0,"ngg_post_thumbnail":0,"footnotes":"","_wp_rev_ctl_limit":""},"categories":[13,8],"tags":[98,25,20,167],"acf":[],"_links":{"self":[{"href":"https:\/\/www.bibula.com\/index.php?rest_route=\/wp\/v2\/posts\/135438"}],"collection":[{"href":"https:\/\/www.bibula.com\/index.php?rest_route=\/wp\/v2\/posts"}],"about":[{"href":"https:\/\/www.bibula.com\/index.php?rest_route=\/wp\/v2\/types\/post"}],"author":[{"embeddable":true,"href":"https:\/\/www.bibula.com\/index.php?rest_route=\/wp\/v2\/users\/1"}],"replies":[{"embeddable":true,"href":"https:\/\/www.bibula.com\/index.php?rest_route=%2Fwp%2Fv2%2Fcomments&post=135438"}],"version-history":[{"count":8,"href":"https:\/\/www.bibula.com\/index.php?rest_route=\/wp\/v2\/posts\/135438\/revisions"}],"predecessor-version":[{"id":136929,"href":"https:\/\/www.bibula.com\/index.php?rest_route=\/wp\/v2\/posts\/135438\/revisions\/136929"}],"wp:attachment":[{"href":"https:\/\/www.bibula.com\/index.php?rest_route=%2Fwp%2Fv2%2Fmedia&parent=135438"}],"wp:term":[{"taxonomy":"category","embeddable":true,"href":"https:\/\/www.bibula.com\/index.php?rest_route=%2Fwp%2Fv2%2Fcategories&post=135438"},{"taxonomy":"post_tag","embeddable":true,"href":"https:\/\/www.bibula.com\/index.php?rest_route=%2Fwp%2Fv2%2Ftags&post=135438"}],"curies":[{"name":"wp","href":"https:\/\/api.w.org\/{rel}","templated":true}]}}