{"id":135405,"date":"2022-07-24T21:17:48","date_gmt":"2022-07-25T01:17:48","guid":{"rendered":"https:\/\/www.bibula.com\/?p=135405"},"modified":"2022-07-24T21:17:48","modified_gmt":"2022-07-25T01:17:48","slug":"polskie-szpitale-%d1%82%d1%96%d0%bb%d1%8c%d0%ba%d0%b8-%d0%b4%d0%bb%d1%8f-%d1%83%d0%ba%d1%80%d0%b0%d1%97%d0%bd%d1%86%d1%96%d0%b2-konrad-rekas","status":"publish","type":"post","link":"https:\/\/www.bibula.com\/?p=135405","title":{"rendered":"Polskie szpitale \u201e\u0422\u0456\u043b\u044c\u043a\u0438 \u0434\u043b\u044f \u0443\u043a\u0440\u0430\u0457\u043d\u0446\u0456\u0432\u201d? &#8211; <em>Konrad R\u0119kas<\/em>"},"content":{"rendered":"<div class=\"p_underline\">\r\n<p class=\"has-drop-cap\">Sama tylko opieka medyczna, w tym szpitalna, dla obywateli Ukrainy przesiedlonych do Polski \u2013 mia\u0142a w 2022 r. kosztowa\u0107 bud\u017cet pa\u0144stwa 1.034.310.000 z\u0142. Mia\u0142a, bo ju\u017c dzi\u015b wiadomo, \u017ce kwota ta zostanie zwielokrotniona, tak\u017ce w zwi\u0105zku z faktem, \u017ce na naszym terytorium leczeni s\u0105 i poddawani rehabilitacji ranni w walkach ukrai\u0144scy \u017co\u0142nierze i boj\u00f3wkarze zbrojnych batalion\u00f3w banderowskich. Spodziewaj\u0105c si\u0119 zwi\u0119kszenia ich liczby \u2013 zw\u0142aszcza w wojew\u00f3dztwach przygranicznych opr\u00f3\u017cniane s\u0105 po\u015bpiesznie z polskich pacjent\u00f3w w szczeg\u00f3lno\u015bci oddzia\u0142y chirurgii i ortopedii. Cho\u0107 ministerstwo zdrowia zaprzecza istnieniu wydzielonych \u0142\u00f3\u017cek tylko dla Ukrai\u0144c\u00f3w \u2013 nasi informatorzy potwierdzaj\u0105, \u017ce obowi\u0105zuj\u0105 zakazy przyjmowania Polak\u00f3w, nawet na terminowe zabiegi, je\u015bli mieliby zosta\u0107 po\u0142o\u017ceni na miejscach czekaj\u0105cych na przesiedle\u0144c\u00f3w b\u0105d\u017a rannych. W ca\u0142ym kraju nawet ok. 12.000 \u0142\u00f3\u017cek mia\u0142oby zosta\u0107 wy\u0142\u0105czonych jako \u201e<em>\u0422\u0456\u043b\u044c\u043a\u0438 \u0434\u043b\u044f \u0443\u043a\u0440\u0430\u0457\u043d\u0446\u0456\u0432<\/em>\u201d.<\/p>\r\n<p>&nbsp;<\/p>\r\n<h4>Co najmniej 50 miliard\u00f3w z\u0142otych<\/h4>\r\n<p>Teoretycznie takie sprawy powinna regulowa\u0107 ustawy z dnia 12 marca 2022 r. o pomocy obywatelom Ukrainy w zwi\u0105zku z konfliktem zbrojnym na terytorium tego pa\u0144stwa (Dz. U. z 2022 r. poz. 583, z p\u00f3\u017an. zm.). Faktycznie jednak szczeg\u00f3\u0142y, w tym sam\u0105 wysoko\u015b\u0107 \u015bwiadcze\u0144, przeniesiono do umowy mi\u0119dzy ministrem zdrowia, a Narodowym Funduszem Zdrowia, zatem manipulowa\u0107 kwotami mo\u017cna ju\u017c w praktyce poza bezpo\u015bredni\u0105 kontrol\u0105 i wiedz\u0105 Sejmu. Sama ustawa zreszt\u0105, jak to w pa\u0144stwie PiS-u \u2013 napisana jest brudno, chaotycznie, niesp\u00f3jnie i z licznymi furtkami, oczywi\u015bcie s\u0142u\u017c\u0105cymi u\u0142atwieniom w wyprowadzaniu pieni\u0119dzy bud\u017cetowych przez fundusze celowe, w tym przypadku na rzecz ludno\u015bci ukrai\u0144skiej w Polsce.<\/p>\r\n<p>To dlatego w\u0142a\u015bnie nie zgadzaj\u0105 si\u0119 i wci\u0105\u017c zmieniane s\u0105 kwoty, co do kt\u00f3rych udaje si\u0119 uzyskiwa\u0107 niech\u0119tne potwierdzenia rozdysponowania na rzecz przesiedle\u0144c\u00f3w. I tak do wspomnianego 1 miliarda na ochron\u0119 zdrowia (ju\u017c nieomal wydanego, cho\u0107 mia\u0142 starczy\u0107 na rok) doliczy\u0107 nale\u017cy bezpo\u015brednie zasi\u0142ki, dalej za\u015b ksi\u0119gowane osobno \u015bwiadczenia z PFRON i Funduszu Solidarno\u015bciowego. Ile \u0142\u0105cznie i ile trzeba b\u0119dzie jeszcze do\u0142o\u017cy\u0107 \u2013 nikt oczywi\u015bcie przyzna\u0107 nie chce, jednak podawana na pocz\u0105tku wojny wst\u0119pna kalkulacja ok 24 miliard\u00f3w z\u0142 ju\u017c musia\u0142a zosta\u0107 podwojona, ze wzgl\u0119du na znacznie wi\u0119kszy ni\u017c pierwotnie podawano nap\u0142yw przesiedle\u0144c\u00f3w. <strong>Na dzi\u015b mowa wi\u0119c co najmniej o 50 miliardach \u2013 i o konieczno\u015bci dofinansowania samej opieki zdrowotnej \u201e\u0422\u0456\u043b\u044c\u043a\u0438 \u0434\u043b\u044f \u0443\u043a\u0440\u0430\u0457\u043d\u0446\u0456\u0432\u201d kwot\u0105 co najmniej kolejnych 3 miliard\u00f3w z\u0142. <\/strong><\/p>\r\n<h4>&nbsp;<\/h4>\r\n<h4>Tajemnice wojskowe pa\u0144stwa niewojuj\u0105cego<\/h4>\r\n<p>Powt\u00f3rzmy, to wszystko s\u0105 wydatki formalnie cywilne, bez wliczania w to miliard\u00f3w pomocy wojskowej i prezent\u00f3w w postaci sprz\u0119tu i uzbrojenia oraz s\u0142u\u017cby polskich \u201e<em>ochotnik\u00f3w<\/em>\u201d. &nbsp;Ile wydaje si\u0119 na leczenie samych rannych, w tym m.in. na opiek\u0119 psychologiczn\u0105 i rehabilitacj\u0119 nazist\u00f3w z AZOWA, wci\u0105\u017c pewnie w traumie po poddaniu si\u0119 ich koleg\u00f3w z Mariupola \u2013 to ju\u017c tajemnica wojskowa! Tajemnic\u0105 wojskow\u0105, cho\u0107 przecie\u017c Polska nie jest z nikim w stanie wojny pr\u00f3buje si\u0119 cenzurowa\u0107 informacje o przyje\u017cd\u017caj\u0105cych do nas transportach z rannymi. &nbsp;Tak by\u0142o kilka dni temu z wyciemnionym poci\u0105giem, kt\u00f3rym dostarczono m.in. do lubelskiego SPSK-4 32 ukrai\u0144skich \u017co\u0142nierzy i boj\u00f3wkarzy. \u2013 Moj\u0105 ciotk\u0119 po amputacji nogi na si\u0142\u0119 wyrzucili z oddzia\u0142u naczyniowego do domu w pi\u0105tej dobie. Osob\u0119 tak s\u0142ab\u0105, \u017ce nie by\u0142a w stanie samodzielnie poprawi\u0107 sobie u\u0142o\u017cenia g\u0142owy. Z krwawi\u0105c\u0105 ran\u0105 pooperacyjn\u0105, wypis w dob\u0119 po przetaczaniu krwi ratuj\u0105cej jej \u017cycie. To w temacie leczenia Polak\u00f3w \u2013 komentowa\u0142a w jednej z dyskusji przera\u017cona lublinianka jednak takich historii pr\u00f3\u017cno szuka\u0107 w lokalnych mediach. Pod wzgl\u0119dem kolportowania k\u0142amstw i manipulacji w niczym nie ust\u0119puj\u0105 one tym og\u00f3lnokrajowym, te za\u015b dzia\u0142aj\u0105 pod dyktando k\u0142amc\u00f3w rz\u0105dowych.<\/p>\r\n<h4>&nbsp;<\/h4>\r\n<h4>Lista ukrai\u0144skich k\u0142amstw III RP<\/h4>\r\n<p>\u201e<em>32 rannych \u017co\u0142nierzy ukrai\u0144skich przyjecha\u0142o do Polski specjalnym poci\u0105giem sanitarnym. To pierwszy taki transport, a ranni \u017co\u0142nierze zostali umieszczeni w trzech szpitalach: w \u0141odzi, w Warszawie i w Lublinie<\/em>\u201d \u2013 <a href=\"https:\/\/wiadomosci.radiozet.pl\/Swiat\/Ranni-ukrainscy-zolnierze-w-polskich-szpitalach.-To-nie-ostatni-taki-transport\">powiedzia\u0142 w Radiu Zet szef kancelarii premiera, minister <strong>Micha\u0142 Dworczyk<\/strong><\/a>. Pierwszy? Doprawdy? To pierwsi nie byli ci leczeni w Polsce ukrai\u0144scy \u017co\u0142nierze, o kt\u00f3rych <a href=\"https:\/\/www.onet.pl\/informacje\/onetwiadomosci\/wojna-rosja-ukraina-ranni-zolnierze-trafia-do-polski-i-niemiec\/lbzbvpx,79cfc278\">na \u0142amach Wall Street Journal ju\u017c 6. marca informowa\u0142 rzecznik rz\u0105du, <strong>Piotr M\u00fcller<\/strong><\/a>? A mo\u017ce tych kilkudziesi\u0119ciu, kt\u00f3rymi <a href=\"https:\/\/www.rmf24.pl\/raporty\/raport-wojna-z-rosja\/news-ranni-ukrainscy-zolnierze-leczeni-w-szpitalach-w-polsce,nId,5969780#crp_state=1\">15. kwietnia chwali\u0142 si\u0119 we Lwowie sam premier <strong>Mateusz Morawiecki<\/strong><\/a>, zapowiadaj\u0105c miejsca nawet dla 10.000 rannych? A co z t\u0105 <a href=\"https:\/\/www.polsatnews.pl\/wiadomosc\/2022-05-02\/wojna-w-ukrainie-ranni-zolnierze-leczeni-w-polsce-wsrod-nich-lekarz-ktory-uratowal-innych\/\">grup\u0105 z maja, z Ostrowa Wielkopolskiego<\/a>, pan minister ich przeoczy\u0142?<\/p>\r\n<p>K\u0142ami\u0105. K\u0142ami\u0105 bezczelnie i bez przerw! Ka\u017cdy kolejny transport ma by\u0107 pierwszy, ka\u017cde wyrzucenie Polak\u00f3w z \u0142\u00f3\u017cek zupe\u0142nie wyj\u0105tkowe i nadzwyczajne, a tymczasem planowali to od dawna. \u201e<em>Od wielu tygodni przygotowywali\u015bmy si\u0119 do zapewnienia pomocy naszym s\u0105siadom z Ukrainy. Ka\u017cdemu przybywaj\u0105cemu do naszego kraju musimy zapewni\u0107 bezproblemowy, bie\u017c\u0105cy dost\u0119p do opieki medycznej, w tym r\u00f3wnie\u017c do hospitalizacji<\/em>\u201d \u2013 powiedzia\u0142 ju\u017c 25. LUTEGO rzecznik ministerstwa zdrowia, <strong>Wojciech Andrusiew<\/strong>icz (prywatnie przesympatyczny).&nbsp; Na wiele tygodni przed rosyjskim atakiem szykowali \u0142\u00f3\u017cka dla ukrai\u0144skich \u017co\u0142nierzy i przesiedle\u0144c\u00f3w?! I nadal \u015bmi\u0105 twierdzi\u0107, \u017ce III RP nie by\u0142a zaanga\u017cowana w ukrai\u0144sko-NATOwskie plany wojny przeciw Rosji? Naprawd\u0119 maj\u0105 Polak\u00f3w za takich idiot\u00f3w, kt\u00f3rzy nie pami\u0119taj\u0105 propagandy sprzed miesi\u0105ca i nie umiej\u0105 jej por\u00f3wna\u0107 z t\u0105 obecn\u0105?<\/p>\r\n<p>Ha, wida\u0107 nie pami\u0119tamy i nie umiemy dodawa\u0107 miliard\u00f3w. Tych miliard\u00f3w, kt\u00f3rych brakuje na leczenie Polak\u00f3w.<\/p>\r\n<p><em><strong> Konrad R\u0119kas<\/strong><\/em><\/p>\r\n<\/div>","protected":false},"excerpt":{"rendered":"Sama tylko opieka medyczna, w tym szpitalna, dla obywateli Ukrainy przesiedlonych do Polski \u2013 mia\u0142a w 2022 r. kosztowa\u0107 bud\u017cet pa\u0144stwa 1.034.310.000 z\u0142. Mia\u0142a, bo ju\u017c dzi\u015b wiadomo, \u017ce kwota ta zostanie zwielokrotniona, tak\u017ce w zwi\u0105zku z faktem, \u017ce na naszym terytorium leczeni s\u0105 i poddawani rehabilitacji ranni w walkach ukrai\u0144scy \u017co\u0142nierze i boj\u00f3wkarze zbrojnych [&hellip;]","protected":false},"author":1,"featured_media":0,"comment_status":"closed","ping_status":"closed","sticky":false,"template":"","format":"standard","meta":{"_acf_changed":false,"_monsterinsights_skip_tracking":false,"_monsterinsights_sitenote_active":false,"_monsterinsights_sitenote_note":"","_monsterinsights_sitenote_category":0,"ngg_post_thumbnail":0,"footnotes":"","_wp_rev_ctl_limit":""},"categories":[13,9],"tags":[105,98,167],"acf":[],"_links":{"self":[{"href":"https:\/\/www.bibula.com\/index.php?rest_route=\/wp\/v2\/posts\/135405"}],"collection":[{"href":"https:\/\/www.bibula.com\/index.php?rest_route=\/wp\/v2\/posts"}],"about":[{"href":"https:\/\/www.bibula.com\/index.php?rest_route=\/wp\/v2\/types\/post"}],"author":[{"embeddable":true,"href":"https:\/\/www.bibula.com\/index.php?rest_route=\/wp\/v2\/users\/1"}],"replies":[{"embeddable":true,"href":"https:\/\/www.bibula.com\/index.php?rest_route=%2Fwp%2Fv2%2Fcomments&post=135405"}],"version-history":[{"count":2,"href":"https:\/\/www.bibula.com\/index.php?rest_route=\/wp\/v2\/posts\/135405\/revisions"}],"predecessor-version":[{"id":135407,"href":"https:\/\/www.bibula.com\/index.php?rest_route=\/wp\/v2\/posts\/135405\/revisions\/135407"}],"wp:attachment":[{"href":"https:\/\/www.bibula.com\/index.php?rest_route=%2Fwp%2Fv2%2Fmedia&parent=135405"}],"wp:term":[{"taxonomy":"category","embeddable":true,"href":"https:\/\/www.bibula.com\/index.php?rest_route=%2Fwp%2Fv2%2Fcategories&post=135405"},{"taxonomy":"post_tag","embeddable":true,"href":"https:\/\/www.bibula.com\/index.php?rest_route=%2Fwp%2Fv2%2Ftags&post=135405"}],"curies":[{"name":"wp","href":"https:\/\/api.w.org\/{rel}","templated":true}]}}