{"id":135353,"date":"2022-07-21T14:40:46","date_gmt":"2022-07-21T18:40:46","guid":{"rendered":"https:\/\/www.bibula.com\/?p=135353"},"modified":"2022-07-21T14:40:46","modified_gmt":"2022-07-21T18:40:46","slug":"prezydent-duda-obraza-kresowian-konrad-rekas","status":"publish","type":"post","link":"https:\/\/www.bibula.com\/?p=135353","title":{"rendered":"Prezydent Duda obra\u017ca Kresowian &#8211; <em>Konrad R\u0119kas<\/em>"},"content":{"rendered":"<p>Prezydent Rzeczypospolitej rugaj\u0105cy duchownego za kap\u0142a\u0144skie napomnienie, niezale\u017cnie od kontekstu dawa\u0142by przyk\u0142ad arogancji i rosn\u0105cego poczucia dominacji partii rz\u0105dz\u0105cej nad Ko\u015bcio\u0142em katolickim, jeszcze umocnionego w okresie COVIDa. Fakt, \u017ce to <strong>Andrzej Duda<\/strong> kaza\u0142 zamilkn\u0105\u0107 samemu ks. <strong>Tadeuszowi Isakowiczowi-Zaleskiemu<\/strong>, duszpasterzowi ubogich i chorych, a w\u015bciek\u0142o\u015b\u0107 polityka wywo\u0142a\u0142o jak najbardziej zgodne z prawd\u0105 wypomnienie grzechu zaniechania i porzucenia polskich ofiar Rzezi Wo\u0142y\u0144skiej \u2013 czyni ca\u0142e zdarzenie tym bardziej skandalicznym.<\/p>\r\n<p>&nbsp;<\/p>\r\n<h4>PiS jako partia anty-kresowa<\/h4>\r\n<p>Pami\u0119tam, gdy po pierwszym zwyci\u0119stwie wyborczym <strong>A. Dudy<\/strong> podczas kolejnych obchod\u00f3w kresowych w Lublinie miejscowi spo\u0142ecznicy ciesz\u0105c si\u0119 rezultatem kandydata PiS g\u0142o\u015bno wyra\u017cali nadziej\u0119 na powt\u00f3rzenie tego wyniku w wyborach parlamentarnych 2015 r. Towarzysz\u0105cy mi w\u00f3wczas jeden z moich syn\u00f3w szepn\u0105\u0142: \u201e<em>Czy oni nie wiedz\u0105, \u017ce PiS jest pro-ukrai\u0144skie?<\/em>\u201d. Niestety, odpowiedzia\u0142em, i nie uwierz\u0105, nawet je\u015bli ich uprzedzimy. B\u0119d\u0105 musieli sami si\u0119 przekona\u0107 jaki b\u0142\u0105d pope\u0142niaj\u0105\u2026 Tak si\u0119 te\u017c sta\u0142o. Has\u0142o \u201e<em>PiS oszuka\u0142o Kresowian<\/em>\u201d pojawi\u0142o si\u0119 wraz z pierwszymi deklaracjami kolejnych rz\u0105d\u00f3w, podtrzymuj\u0105cych zapocz\u0105tkowane jeszcze przez PO-PSL \u015blepe i jednoznaczne zaanga\u017cowanie III RP po stronie oligarchiczno-banderowskiej junty kijowskiej.<\/p>\r\n<p>Darowuj\u0105c sobie nieuprzejmie \u201e<em>a nie m\u00f3wili\u015bmy<\/em>\u201d za ka\u017cdym razem s\u0142ysz\u0105c takie sarkania na obecn\u0105 w\u0142adz\u0119 mogli\u015bmy jednak zauwa\u017cy\u0107, \u017ce nie mo\u017cna zdradzi\u0107 czego\u015b, w co nigdy si\u0119 nie wierzy\u0142o i czego \u017cadn\u0105 miar\u0105 nigdy nie chciano naprawd\u0119 wspiera\u0107. <strong>PiS nie mog\u0142o zdradzi\u0107 Kresowian, bo zupe\u0142nie jawnie g\u0142osi i realizuje program skrajnie anty-kresowy<\/strong>, przeciwny obronie polsko\u015bci na Ukrainie i na Litwie, niezainteresowany przywracaniem polskiej w\u0142asno\u015bci, zdeterminowany popiera\u0107 tamtejszy etno-nacjonalizm, odpowiednio banderowski i szaulisowski. Jedynie na Bia\u0142orusi, realizuj\u0105c zlecenia zagraniczne \u2013 PiS (podobnie jak PO, PSL czy nawet Ruch Narodowy) ch\u0119tnie wykorzysta\u0142oby mniejszo\u015b\u0107 polsk\u0105 do akcji maj\u0105cej zdestabilizowa\u0107 ten kraj, wci\u0105gaj\u0105c go docelowo do zachodniej strefy wp\u0142yw\u00f3w. Nie trzeba dodawa\u0107, \u017ce r\u00f3wnie\u017c i to jest <strong>dzia\u0142alno\u015b\u0107 wr\u0119cz os\u0142abiaj\u0105ca polsko\u015b\u0107 na Kresach<\/strong>, ukierunkowana na prowokowanie konflikt\u00f3w z jej udzia\u0142em i wprost kibicuj\u0105ca wszelkim ubytkom w naszym stanie posiadania kulturalnego czy o\u015bwiatowego na tych terenach. PiS jest zatem zdecydowanie parti\u0105 anty-kresow\u0105 i to sami Kresowianie, wcze\u015bniej pok\u0142adaj\u0105cy jakie\u015b nadzieje w <strong>Jaros\u0142awie Kaczy\u0144skim<\/strong> i jego pseudo-patriotycznym cyrku \u2013 oszukali samych siebie.<\/p>\r\n<p>&nbsp;<\/p>\r\n<h4>Banderowska kolonizacja Polski<\/h4>\r\n<p>Dzi\u015b oczywi\u015bcie, gdy maski opad\u0142y \u2013 ulegaj\u0105cych z\u0142udzeniom jest odpowiednio mniej. Zw\u0142aszcza, \u017ce im bardziej w\u0142adze III RP anga\u017cuj\u0105 si\u0119 po stronie Kijowa \u2013 tym bardziej sprawa kresowa staje si\u0119 irytuj\u0105cym przypomnieniem prawdziwej historii, niepotrzebnym, a wr\u0119cz przeszkadzaj\u0105cym przywo\u0142aniem prawdziwego interesu narodowego polskiego, gdyby rzecz jasna mia\u0142 by\u0107 na powr\u00f3t realizowany. St\u0105d w\u0142a\u015bnie rosn\u0105ca agresja polityk\u00f3w g\u0142\u00f3wnonurtowych wobec pami\u0119taj\u0105cych zbrodnie UPA, st\u0105d ponaglenia do zapomnienia, \u201e<em>pojedania<\/em>\u201d i jednostronnego przebaczenia, w oparciu o <strong>kijowski brak skruchy, ahistoryczne k\u0142amstwa i obwinianie ofiar<\/strong>. Warto zauwa\u017cy\u0107, \u017ce zachowania takie by\u0142y i s\u0105 udzia\u0142em nie tylko g\u0142\u00f3wnonurtowych PiS i PO. Wszak r\u00f3wnie\u017c lider Ruchu Narodowego, pos. <strong>Robert Winnicki<\/strong>, dzi\u015b ob\u0142udnie pr\u00f3buj\u0105cy podwiesza\u0107 si\u0119 pod obchody kresowe \u2013 w lutym pisa\u0142, \u017ce \u201e<em>Kto wymachuje dzi\u015b Wo\u0142yniem by nie pomaga\u0107 kobietom, dzieciom, starszym i chorym uciekaj\u0105cym przed barbarzy\u0144stwem Moskwy, ten jest skurwysynem<\/em>\u201d. Jak wiemy, m.in. <strong>dzi\u0119ki g\u0142osz\u0105cym takie slogany u\u017cytecznym idiotom mamy dzi\u015b w Polsce blisko 4 miliony ukrai\u0144skich przesiedle\u0144c\u00f3w<\/strong>, w tym byk\u00f3w-wa\u0142koni\u00f3w w luksusowych brykach i jawnych banderowc\u00f3w, a nie \u017cadnych \u201e<em>biednych uciekinier\u00f3w<\/em>\u201d. Niestety, na Kresowian pokrzykiwa\u0107 jest \u0142atwo i przyjemnie, politycy dzia\u0142aj\u0105 bowiem w realiach monopolu medialnego i oligopolu partyjnego, za\u015b ruch kresowy pozostaje inicjatyw\u0105 czysto spo\u0142eczn\u0105, oddoln\u0105 i poddan\u0105 \u015bcis\u0142e medialnej blokadzie i cenzurze.<\/p>\r\n<p>&nbsp;<\/p>\r\n<h4>Cudza wojna nie mo\u017ce by\u0107 pretekstem<\/h4>\r\n<p>&#8211; <em>By\u0142o siedem lat, \u017ceby zaj\u0105\u0107 si\u0119 t\u0105 spraw\u0105<\/em> [grob\u00f3w Polak\u00f3w pomordowanych na Kresach przez ukrai\u0144skich szowinist\u00f3w] \u2013 to te s\u0142owa ks. Tadeusza Isakowicz-Zaleskiego i wywo\u0142a\u0142y gniew osoby pe\u0142ni\u0105cej urz\u0105d prezydenta RP. \u2013 \u017beby si\u0119 ksi\u0105dz miarkowa\u0142 w s\u0142owach! \u2013 warkn\u0105\u0142 A. Duda i trudno takie jego agresywne zachowanie odbiera\u0107 inaczej ni\u017c jako gro\u017ab\u0119 wobec Kresowian ich prostych, spokojnych i naprawd\u0119 zupe\u0142nie elementarnych postulat\u00f3w. \u2013 <em>Od 30 lat s\u0142yszymy to samo<\/em>\u2026 &#8211; smutno podsumowa\u0142 ks. Tadeusz wieczne wykr\u0119ty, dodatkowo wzmacniane ostatnio opowie\u015bciami jak to upominanie si\u0119 o polskich pomordowanych \u201e<em>s\u0142u\u017cy wiadomo kt\u00f3rej stronie!<\/em>\u201d. Tymczasem nawet zachowuj\u0105c najwi\u0119kszy krytycyzm wobec rosyjskiej interwencji na Ukrainie \u2013 nie spos\u00f3b wskaza\u0107 w czym niby te tak r\u00f3\u017cne sprawy mia\u0142yby si\u0119 \u0142\u0105czy\u0107. <strong>Co do wznowienia ekshumacji i budowy polskich cmentarzy na Wo\u0142yniu i w Ma\u0142opolsce Wschodniej ma, \u017ce Ukrai\u0144cy i Rosjanie strzelaj\u0105 do siebie kilkaset kilometr\u00f3w dalej na wsch\u00f3d?<\/strong><\/p>\r\n<p>Wojna, w dodatku CUDZA nie mo\u017ce by\u0107 wygodnym pretekstem, pozwalaj\u0105cym rz\u0105dz\u0105cym swobodnie manipulowa\u0107 \u015bwiadomo\u015bci\u0105 spo\u0142eczn\u0105 i pami\u0119ci\u0105 historyczn\u0105 w kierunkach wygodnych dla geopolitycznych zleceniodawc\u00f3w tych proces\u00f3w. Zachowanie prezydenta Dudy to bodaj ostatnie ostrze\u017cenie, za kt\u00f3rym czeka zapewne bezpo\u015brednia pr\u00f3ba dopuszczenia banderyzmu jako ideologii akceptowanej, a nawet afirmowanej w ramach planowanej \u201e<em>unii polsko-ukrai\u0144skiej<\/em>\u201d. Najpierw nas strasz\u0105, potem krzycz\u0105, w mi\u0119dzyczasie otwieraj\u0105 drzwi dla kolejnych siekiernik\u00f3w. A\u017c wreszcie sami wywiesz\u0105 czarno-czerwone szmaty, wrzeszcz\u0105c \u201e<em>S\u0142awa\u2026!<\/em>\u201d.<\/p>\r\n<p>I zostanie nam tylko wspomnienie, \u017ce nie zareagowali\u015bmy, gdy jeszcze nie by\u0142o za p\u00f3\u017ano.<\/p>\r\n<p><em><strong>Konrad R\u0119kas<\/strong><\/em><\/p>\r\n<p>&nbsp;<\/p>","protected":false},"excerpt":{"rendered":"Prezydent Rzeczypospolitej rugaj\u0105cy duchownego za kap\u0142a\u0144skie napomnienie, niezale\u017cnie od kontekstu dawa\u0142by przyk\u0142ad arogancji i rosn\u0105cego poczucia dominacji partii rz\u0105dz\u0105cej nad Ko\u015bcio\u0142em katolickim, jeszcze umocnionego w okresie COVIDa. Fakt, \u017ce to Andrzej Duda kaza\u0142 zamilkn\u0105\u0107 samemu ks. Tadeuszowi Isakowiczowi-Zaleskiemu, duszpasterzowi ubogich i chorych, a w\u015bciek\u0142o\u015b\u0107 polityka wywo\u0142a\u0142o jak najbardziej zgodne z prawd\u0105 wypomnienie grzechu zaniechania i [&hellip;]","protected":false},"author":1,"featured_media":0,"comment_status":"closed","ping_status":"closed","sticky":false,"template":"","format":"standard","meta":{"_acf_changed":false,"_monsterinsights_skip_tracking":false,"_monsterinsights_sitenote_active":false,"_monsterinsights_sitenote_note":"","_monsterinsights_sitenote_category":0,"ngg_post_thumbnail":0,"footnotes":"","_wp_rev_ctl_limit":""},"categories":[13,8],"tags":[349,65,188,167,17],"acf":[],"_links":{"self":[{"href":"https:\/\/www.bibula.com\/index.php?rest_route=\/wp\/v2\/posts\/135353"}],"collection":[{"href":"https:\/\/www.bibula.com\/index.php?rest_route=\/wp\/v2\/posts"}],"about":[{"href":"https:\/\/www.bibula.com\/index.php?rest_route=\/wp\/v2\/types\/post"}],"author":[{"embeddable":true,"href":"https:\/\/www.bibula.com\/index.php?rest_route=\/wp\/v2\/users\/1"}],"replies":[{"embeddable":true,"href":"https:\/\/www.bibula.com\/index.php?rest_route=%2Fwp%2Fv2%2Fcomments&post=135353"}],"version-history":[{"count":1,"href":"https:\/\/www.bibula.com\/index.php?rest_route=\/wp\/v2\/posts\/135353\/revisions"}],"predecessor-version":[{"id":135354,"href":"https:\/\/www.bibula.com\/index.php?rest_route=\/wp\/v2\/posts\/135353\/revisions\/135354"}],"wp:attachment":[{"href":"https:\/\/www.bibula.com\/index.php?rest_route=%2Fwp%2Fv2%2Fmedia&parent=135353"}],"wp:term":[{"taxonomy":"category","embeddable":true,"href":"https:\/\/www.bibula.com\/index.php?rest_route=%2Fwp%2Fv2%2Fcategories&post=135353"},{"taxonomy":"post_tag","embeddable":true,"href":"https:\/\/www.bibula.com\/index.php?rest_route=%2Fwp%2Fv2%2Ftags&post=135353"}],"curies":[{"name":"wp","href":"https:\/\/api.w.org\/{rel}","templated":true}]}}