{"id":135330,"date":"2022-07-21T14:40:37","date_gmt":"2022-07-21T18:40:37","guid":{"rendered":"https:\/\/www.bibula.com\/?p=135330"},"modified":"2022-07-21T14:40:37","modified_gmt":"2022-07-21T18:40:37","slug":"dodatnie-plusy-gazowania-stanislaw-michalkiewicz","status":"publish","type":"post","link":"https:\/\/www.bibula.com\/?p=135330","title":{"rendered":"Dodatnie plusy gazowania &#8211; <em>Stanis\u0142aw Michalkiewicz<\/em>"},"content":{"rendered":"<p class=\"has-drop-cap\">Prawo Murphy\u2019ego g\u0142osi, \u017ce jak co\u015b z\u0142ego mo\u017ce si\u0119 sta\u0107, to na pewno si\u0119 stanie. Jest w tym sporo racji, a mo\u017ce nawet racja ca\u0142kowita. Oto w grudniu 2000 roku na szczycie Rady Europejskiej w Nicei, zosta\u0142a przyj\u0119ta Karta Praw Podstawowych Unii Europejskiej. Zosta\u0142y tam przedstawiony katalog praw, to znaczy \u2013 uprawnie\u0144, jakie przys\u0142uguj\u0105 ludziom. Z pozoru wszystko sprawia\u0142o wra\u017cenie, \u017ce jest w jak najlepszym porz\u0105dku, ale akurat wtedy promotorzy komunistycznej rewolucji zintensyfikowali wysi\u0142ki w celu uzyskania panowania nad j\u0119zykiem m\u00f3wionym \u2013 co objawia\u0142o si\u0119 m.in. w postaci wpisywania do rozmaitych dokument\u00f3w sformu\u0142owa\u0144 dwuznacznych, albo nawet wieloznacznych, stwarzaj\u0105cych ryzyko bardzo dowolnej interpretacji. Warto bowiem zwr\u00f3ci\u0107 uwag\u0119, \u017ce promotorzy komuny nigdy nie m\u00f3wi\u0105 wprost, \u017ceby nie p\u0142oszy\u0107 przedwcze\u015bnie potencjalnych ofiar, tylko kamufluj\u0105 swoje prawdziwe zamiary za parawanem sformu\u0142owa\u0144 budz\u0105cych skojarzenia pozytywne. Na przyk\u0142ad \u2013 prawo do \u017cycia. Jaki\u017c normalny cz\u0142owiek m\u00f3g\u0142by przeciwko temu wyst\u0119powa\u0107? A jednak prawo do \u017cycia z jakich\u015b zagadkowych powod\u00f3w zosta\u0142o ograniczone do os\u00f3b ju\u017c urodzonych &#8211; chocia\u017c urodzenie nie jest momentem merytorycznym, a raczej administracyjnym, bo przecie\u017c na minut\u0119 przed urodzeniem cz\u0142owiek niczym nie r\u00f3\u017cni si\u0119 od tego kt\u00f3ry urodzi\u0142 si\u0119 minut\u0119 wcze\u015bniej &#8211; pozostawiaj\u0105c ludzi jeszcze nie narodzonych poza ochron\u0105 prawa. Korespondowa\u0142o z tym \u201e<i>prawo do integralno\u015bci cielesnej<\/i>\u201d, kt\u00f3re mo\u017cna by\u0142o interpretowa\u0107 jako na przyk\u0142ad zakaz podst\u0119pnego przeprowadzania eksperyment\u00f3w \u2013 ale r\u00f3wnie\u017c, jako wyposa\u017cenie kobiet w prawo decydowania, czy chc\u0105 urodzi\u0107 dziecko, czy te\u017c je po\u0107wiartowa\u0107 w dodatku \u2013 bez znieczulania. Zosta\u0142y tam wpisane tak\u017ce dyrdyma\u0142y o \u201e<i>wolno\u015bci wyra\u017cania opinii<\/i>\u201d, ale proklamowano to w kontek\u015bcie zwalczania \u201e<i>opinii antysemickich<\/i>\u201d, a wi\u0119c takich, kt\u00f3rych wyra\u017cania nie \u017cyczy sobie \u017cydowska Liga Antydefamacyjna w Nowym Jorku. Zatem \u2013 mo\u017cna kupi\u0107 samoch\u00f3d w dowolnym kolorze pod warunkiem, \u017ce b\u0119dzie to kolor czarny. I tak dalej.<\/p>\r\n<p>Moc prawn\u0105 Karcie Praw podstawowych nada\u0142 traktat lizbo\u0144ski, ratyfikowany przez prezydenta Lecha Kaczy\u0144skiego na podstawie ustawy z 1 kwietnia 2008 roku, za przyj\u0119ciem kt\u00f3rej, ponad podzia\u0142ami, g\u0142osowa\u0142 zar\u00f3wno ob\u00f3z p\u0142omiennych dzier\u017cawc\u00f3w monopolu na patriotyzm, jak i ob\u00f3z zdrady i zaprza\u0144stwa. Ale Polska Karty pocz\u0105tkowo nie podpisa\u0142a, w\u0142a\u015bnie z obawy przed nadaniem jej interpretacji, kt\u00f3ra otworzy drog\u0119 np. do rozwodnienia prawnego poj\u0119cia rodziny przez postawienie znaku r\u00f3wno\u015bci mi\u0119dzy ma\u0142\u017ce\u0144stwem, a umowami o wzajemnym bzykaniu, zawieranymi przez osoby tej samej p\u0142ci. Nie ma jednak takiej bramy, kt\u00f3rej nie przeszed\u0142by osio\u0142 ob\u0142adowany z\u0142otem, wi\u0119c wprawdzie obawy nie usta\u0142y, ale pokusa dorwania si\u0119 do szmalcu z Unii by\u0142a w\u015br\u00f3d naszych Umi\u0142owanych Przyw\u00f3dc\u00f3w tak du\u017ca, \u017ce Polska przy\u0142\u0105czy\u0142a si\u0119 jednak do brytyjskiego protoko\u0142u, stwierdzaj\u0105cego m.in, \u017ce Karta nie rozszerza kompetencji Europejskiego Trybuna\u0142u Sprawiedliwo\u015bci do uznania, \u017ce np. polskie czy brytyjskie przepisy ustawowe lub administracyjne s\u0105 niezgodne z jej postanowieniami. Ale \u2013 jak jeszcze w XVIII wieku m\u00f3wi\u0142 wile\u0144ski bazylianin Atanazy Nowochacki, co prawda odnosz\u0105c swoj\u0105 przestrog\u0119 nie do Jaros\u0142awa Kaczy\u0144skiego, tylko do duchowie\u0144stwa, kt\u00f3re \u201e<i>sprzedaje dary Ducha \u015awi\u0119tego za pieni\u0105dze<\/i>\u201d \u2013 \u017ce sko\u0144czy si\u0119 na tym, \u017ce ani dar\u00f3w Ducha \u015awi\u0119tego, ani pieni\u0119dzy mie\u0107 nie b\u0119dzie, bo Pan B\u00f3g swoje, a diabe\u0142 swoje odbierze. No to w\u0142a\u015bnie odbiera. Za przyj\u0119ciem Karty w ca\u0142o\u015bci opowiedzia\u0142a si\u0119 \u201e<i>Solidarno\u015b\u0107<\/i>\u201d a tak\u017ce \u201e<i>drogi Bronis\u0142aw<\/i>\u201d, kt\u00f3ry \u2013 jak pami\u0119tamy \u2013 \u201e<i>by\u0142 szcz\u0119\u015bliwy a\u017c do ostatniej chwili \u017cycia<\/i>\u201d, nie m\u00f3wi\u0105c ju\u017c o Donaldu Tusku, kt\u00f3ry dla pieni\u0119dzy got\u00f3w jest chyba na wszystko, a tak\u017ce utytu\u0142owanych ekspertach i futrowanej przez starego \u017cydowskiego grandziarza Fundacji Helsi\u0144skiej, kt\u00f3ra pod pretekstem ochrony praw cz\u0142owiek\u00f3w prowadzi komunistyczn\u0105 robot\u0119. W rezultacie 13 grudnia 2007 roku, w rocznic\u0119 wprowadzenia w Polsce stanu wojennego, traktat lizbo\u0144ski zosta\u0142 podpisany przez Donalda Tuska i Ksi\u0119cia-Ma\u0142\u017conka, w obecno\u015bci prezydenta Kaczy\u0144skiego, kt\u00f3ry te\u017c by go podpisa\u0142, gdyby m\u00f3g\u0142 \u2013 ale nie m\u00f3g\u0142 z powodu ogranicze\u0144 uprawnie\u0144 prezydenta przez konstytucj\u0119. Ale \u2013 jak zauwa\u017cyli bolszewicy \u2013 rewolucyjna teoria, to jedno, a rewolucyjna praktyka, to rzecz druga, wi\u0119c teraz \u017cydokomuna i Niemcy podkr\u0119cili biurokrat\u00f3w, jacy oble\u017ali instytucje Unii Europejskiej, \u017ceby plun\u0119li na teori\u0119, m.in. &#8211; na protok\u00f3\u0142 brytyjski \u2013 i przeszli do rewolucyjnej praktyki. Etap umizg\u00f3w sko\u0144czy\u0142 si\u0119 bowiem definitywnie i teraz wchodzimy w etap surowo\u015bci, co do kt\u00f3rego jeszcze nie wiemy, ani dok\u0105d nas zaprowadzi, ani \u2013 ilu i jakich paroksyzm\u00f3w nam dostarczy.<\/p>\r\n<p>Czego\u015b tam jednak mo\u017cemy si\u0119 domy\u015bla\u0107, jako \u017ce w dniach ostatnich Parlament Europejski, w kt\u00f3rym odsetek wariat\u00f3w i szubrawc\u00f3w jest chyba znacznie wi\u0119kszy, ni\u017c w innych instytucjach Unii Europejskiej, wi\u0119kszo\u015bci\u0105 g\u0142os\u00f3w przyj\u0105\u0142 rezolucj\u0119, by do Karty Praw Podstawowych wpisa\u0107 \u201e<i>prawo do aborcji<\/i>\u201d. Chodzi o to, by zapewni\u0107 dobrostan kobietom, kt\u00f3re \u2013 jak ju\u017c si\u0119 ze swoimi dobiegaczami od przodu i od ty\u0142u wybzykaj\u0105 \u2013 nie powinny ponosi\u0107 z tego tytu\u0142u \u017cadnych konsekwencji, a to w imi\u0119 \u201e<i>zdrowia reprodukcyjnego<\/i>\u201d, kt\u00f3ry to termin, w j\u0119zyku rewolucjonist\u00f3w, oznacza w\u0142a\u015bnie \u0107wiartowanie ludzi bardzo ma\u0142ych. \u201e<i>Ka\u017cdy ma prawo do bezpiecznej i legalnej aborcji<\/i>\u201d &#8211; takie postanowienie ma zosta\u0107 do Karty wpisane. Wymaga\u0107 to b\u0119dzie \u201e<i>rewizji traktat\u00f3w<\/i>\u201d &#8211; \u017ceby rewolucyjna teoria, przynajmniej na pocz\u0105tku, zgadza\u0142a si\u0119 z rewolucyjn\u0105 praktyk\u0105. Mo\u017cna w zwi\u0105zku z tym dopatrze\u0107 si\u0119 tu plusa dodatniego, bo skoro traktaty maj\u0105 by\u0107 zrewidowane, to jest pretekst, by ich w nowym brzmieniu w og\u00f3le nie ratyfikowa\u0107, a skoro np. Polska, czy W\u0119gry odm\u00f3wi\u0142yby ratyfikacji, to albo traktaty nie wesz\u0142yby w \u017cycie \u2013 jak to by\u0142o w przypadku traktatu konstytucyjnego UE \u2013 albo trzeba by z Unii Europejskiej wyst\u0105pi\u0107. Ma\u0142a szkoda \u2013 kr\u00f3tki \u017cal, bo \u2013 jak powtarza\u0142 pan Jacek \u201e<i>Vincent<\/i>\u201d Rostowski &#8211; \u201e<i>pieni\u0119dzy nie ma i nie b\u0119dzie<\/i>\u201d, bo diabe\u0142 w\u0142a\u015bnie swoje odbiera, wi\u0119c mo\u017cna by si\u0119 wypi\u0105\u0107 na wszystkie wyroki luksemburskich przebiera\u0144c\u00f3w \u2013 i tyle. O proweniencji tej inicjatywy \u015bwiadczy postulat, by aborcja by\u0142a \u201e<i>bezp\u0142atna<\/i>\u201d, to znaczy \u2013 by jej kosztami obarcza\u0107 nie dobiegaczy \u2013 sprawc\u00f3w ambarasu \u2013 tylko wszystkich podatnik\u00f3w, jak leci, r\u00f3wnie\u017c tych, kt\u00f3rzy \u0107wiartowaniu ludzi bardzo ma\u0142ych wprawdzie si\u0119 sprzeciwiaj\u0105, ale p\u0142aci\u0107 musz\u0105 ju\u017c bez gadania nie tylko na skrobanki, ale r\u00f3wnie\u017c \u2013 na utrzymanie naganiaczy, kt\u00f3rych rezolucja PE patetycznie nazywa \u201e<i>obro\u0144cami praw cz\u0142owieka<\/i>\u201d. Trzeba przyzna\u0107, \u017ce \u017cydokomuna ma tupet, skoro propagator\u00f3w \u0107wiartowania bez znieczulenia ludzi bardzo ma\u0142ych nazywa \u201e<i>obro\u0144cami praw cz\u0142owieka<\/i>\u201d. Wida\u0107, \u017ce bitwa o panowanie nad j\u0119zykiem m\u00f3wionym w Parlamencie Europejskim zosta\u0142a wygrana.<\/p>\r\n<p>Zgodnie z prawem Murphy\u2019ego, tak pewnie si\u0119 stanie, wi\u0119c spr\u00f3bujmy si\u0119 zastanowi\u0107, czy ta sytuacja mo\u017ce mie\u0107 jakie\u015b dodatkowe plusy dodatnie? My\u015bl\u0119, \u017ce tak, \u017ce w ten spos\u00f3b otwarta zostanie droga do legalizacji, w charakterze podstawowego prawa cz\u0142owieka, \u201e<i>aborcji op\u00f3\u017anionej<\/i>\u201d, czyli \u0107wiartowania, albo np. gazowania cz\u0142owiek\u00f3w metrykalnie doros\u0142ych. Wprawdzie mo\u017ce to u\u0142atwi\u0107 komunistyczn\u0105 rewolucj\u0119, ale mo\u017ce te\u017c u\u0142atwi\u0107 kontrrewolucj\u0119 \u2013 gdyby\u015bmy zdecydowali si\u0119 p\u00f3j\u015b\u0107 na skr\u00f3ty.<\/p>\r\n<p class=\"podpis_tekst\"><strong><em>Stanis\u0142aw Michalkiewicz<\/em><\/strong><\/p>\r\n<p>Felieton &nbsp;<b>\u2022<\/b>&nbsp; serwis \u201ePrawy.pl\u201d (prawy.pl) &nbsp;<b>\u2022<\/b>&nbsp; 19 lipca 2022<\/p>","protected":false},"excerpt":{"rendered":"Prawo Murphy\u2019ego g\u0142osi, \u017ce jak co\u015b z\u0142ego mo\u017ce si\u0119 sta\u0107, to na pewno si\u0119 stanie. Jest w tym sporo racji, a mo\u017ce nawet racja ca\u0142kowita. Oto w grudniu 2000 roku na szczycie Rady Europejskiej w Nicei, zosta\u0142a przyj\u0119ta Karta Praw Podstawowych Unii Europejskiej. Zosta\u0142y tam przedstawiony katalog praw, to znaczy \u2013 uprawnie\u0144, jakie przys\u0142uguj\u0105 ludziom. [&hellip;]","protected":false},"author":1,"featured_media":0,"comment_status":"closed","ping_status":"closed","sticky":false,"template":"","format":"standard","meta":{"_acf_changed":false,"_monsterinsights_skip_tracking":false,"_monsterinsights_sitenote_active":false,"_monsterinsights_sitenote_note":"","_monsterinsights_sitenote_category":0,"ngg_post_thumbnail":0,"footnotes":"","_wp_rev_ctl_limit":""},"categories":[13,9],"tags":[23,37,34],"acf":[],"_links":{"self":[{"href":"https:\/\/www.bibula.com\/index.php?rest_route=\/wp\/v2\/posts\/135330"}],"collection":[{"href":"https:\/\/www.bibula.com\/index.php?rest_route=\/wp\/v2\/posts"}],"about":[{"href":"https:\/\/www.bibula.com\/index.php?rest_route=\/wp\/v2\/types\/post"}],"author":[{"embeddable":true,"href":"https:\/\/www.bibula.com\/index.php?rest_route=\/wp\/v2\/users\/1"}],"replies":[{"embeddable":true,"href":"https:\/\/www.bibula.com\/index.php?rest_route=%2Fwp%2Fv2%2Fcomments&post=135330"}],"version-history":[{"count":1,"href":"https:\/\/www.bibula.com\/index.php?rest_route=\/wp\/v2\/posts\/135330\/revisions"}],"predecessor-version":[{"id":135331,"href":"https:\/\/www.bibula.com\/index.php?rest_route=\/wp\/v2\/posts\/135330\/revisions\/135331"}],"wp:attachment":[{"href":"https:\/\/www.bibula.com\/index.php?rest_route=%2Fwp%2Fv2%2Fmedia&parent=135330"}],"wp:term":[{"taxonomy":"category","embeddable":true,"href":"https:\/\/www.bibula.com\/index.php?rest_route=%2Fwp%2Fv2%2Fcategories&post=135330"},{"taxonomy":"post_tag","embeddable":true,"href":"https:\/\/www.bibula.com\/index.php?rest_route=%2Fwp%2Fv2%2Ftags&post=135330"}],"curies":[{"name":"wp","href":"https:\/\/api.w.org\/{rel}","templated":true}]}}