{"id":135307,"date":"2022-07-18T21:45:39","date_gmt":"2022-07-19T01:45:39","guid":{"rendered":"https:\/\/www.bibula.com\/?p=135307"},"modified":"2022-07-24T10:46:10","modified_gmt":"2022-07-24T14:46:10","slug":"pap-nabrala-sie-na-fejk-o-otylym-generale-putina","status":"publish","type":"post","link":"https:\/\/www.bibula.com\/?p=135307","title":{"rendered":"PAP nabra\u0142a si\u0119 na fejk o \u201eoty\u0142ym generale\u201d Putina"},"content":{"rendered":"<p class=\"has-drop-cap\">Dziennikarze z Belgii negatywnie zweryfikowali doniesienia brytyjskiego tabloidu na temat rzekomego \u201eoty\u0142ego genera\u0142a\u201d, kt\u00f3rego Putin rzuci\u0142 do walki na Ukrainie. Fejk o nim rozpowszechnia\u0142a w Polsce m.in. Polska Agencja Prasowa.<\/p>\r\n<p>&nbsp;<\/p>\r\n<p><img fetchpriority=\"high\" decoding=\"async\" class=\"aligncenter\" src=\"https:\/\/kresy.pl\/wp-content\/uploads\/2022\/07\/FXNPOpgWQAAWQ7i-970x542.jpg\" width=\"786\" height=\"439\"><\/p>\r\n<p>&nbsp;<\/p>\r\n<p>25 czerwca brytyjski tabloid Daily Star powo\u0142uj\u0105c si\u0119 na anonimowe, wysoko postawione \u017ar\u00f3d\u0142a wywiadowcze, opublikowa\u0142 artyku\u0142 o emerytowanym generale rosyjskiej armii o imieniu Pawie\u0142 (dos\u0142ownie: Pavel), kt\u00f3rego W\u0142adimir Putin mia\u0142 wezwa\u0107 z emerytury i wys\u0142a\u0107 na wojn\u0119 na Ukrainie na miejsce jednego z dow\u00f3dc\u00f3w jednostek specjalnych, kt\u00f3ry zosta\u0142 ranny od ukrai\u0144skiego ostrza\u0142u. 67-letni wojskowy wys\u0142any do walki na Ukrain\u0119 mia\u0142 wa\u017cy\u0107 130 kilogram\u00f3w, mieszka\u0107 na przedmie\u015bciach Moskwy, zjada\u0107 pi\u0119\u0107 posi\u0142k\u00f3w dziennie i popija\u0107 je co najmniej litrem w\u00f3dki. Genera\u0142 Pawie\u0142 mia\u0142 by\u0107 tak gruby, \u017ce potrzebowa\u0142 dw\u00f3ch kamizelek kuloodpornych, by okry\u0107 swoje cia\u0142o. Tabloid zilustrowa\u0142 artyku\u0142 zdj\u0119ciem, na kt\u00f3rym rzeczywi\u015bcie wida\u0107 oty\u0142ego wojskowego.[&#8230;]<\/p>\r\n<blockquote>\r\n<p style=\"text-align: center;\"><strong><a href=\"https:\/\/kresy.pl\/przekaz-darowizne\/\"><span class=\"post-meta-infos\"><time class=\"date-container minor-meta updated\">Wspieraj Kresy.pl<\/time><\/span><\/a><\/strong><\/p>\r\n<\/blockquote>\r\n<p class=\"zrodlo\">Ca\u0142o\u015b\u0107: <a href=\"https:\/\/kresy.pl\/wydarzenia\/regiony\/rosja\/pap-nabrala-sie-na-fejk-o-otylym-generale-putina\/\">Kresy.pl (18 lipca 2022)<\/a><\/p>\r\n<p>&nbsp;<\/p>\r\n<h4>&nbsp;<\/h4>\r\n<hr style=\"background-color: #000000; border-width: 0; color: #000000; height: 2px; line-height: 0; text-align: center; width: 100%;\">\r\n<h4>&nbsp;<\/h4>\r\n<blockquote>\r\n<p><strong>KOMENTARZ <em>BIBU\u0141Y<\/em><\/strong>: PAP &#8222;nabiera&#8221; si\u0119 na wi\u0119kszo\u015b\u0107 fa\u0142sz-informacji przedrukowuj\u0105c bez refleksji tre\u015bci zamieszczone w AP, Reuters, UPI, AFP czy samemu tworz\u0105c fantazjyjne niusy. <em>Vide<\/em> prowadzona przez PAP kampania dezinformacyjna na temat tzw. pandemii, tzw. szczepionek, teraz na temat Rosji, Ukrainy oraz &#8211; zawsze mi\u0142uj\u0105cych pok\u00f3j &#8211; Stan\u00f3w Zjednoczonych (kt\u00f3re de facto doprowadzi\u0142y do najwi\u0119kszej ilo\u015bci wojen i przeprowadza\u0142y zamachy terrorystyczne w r\u00f3\u017cnych krajach \u015bwiata), jak r\u00f3wnie\u017c na setki innych temat\u00f3w.<\/p>\r\n<p>PAP jest godn\u0105 kontynuatork\u0105 funkcjonuj\u0105cej jako podstawowe narz\u0119dzie propagandy komunistycznej Polskiej Agencji Prasowej Polpress, wszak utworzonej w Moskwie przez Zwi\u0105zek Patriot\u00f3w Polskich. Nic nie zmieni\u0142o si\u0119.<\/p>\r\n<\/blockquote>\r\n<h4>&nbsp;<\/h4>\r\n<hr style=\"background-color: #000000; border-width: 0; color: #000000; height: 2px; line-height: 0; text-align: center; width: 100%;\">\r\n<h4>&nbsp;<\/h4>","protected":false},"excerpt":{"rendered":"Dziennikarze z Belgii negatywnie zweryfikowali doniesienia brytyjskiego tabloidu na temat rzekomego \u201eoty\u0142ego genera\u0142a\u201d, kt\u00f3rego Putin rzuci\u0142 do walki na Ukrainie. Fejk o nim rozpowszechnia\u0142a w Polsce m.in. Polska Agencja Prasowa. &nbsp; &nbsp; 25 czerwca brytyjski tabloid Daily Star powo\u0142uj\u0105c si\u0119 na anonimowe, wysoko postawione \u017ar\u00f3d\u0142a wywiadowcze, opublikowa\u0142 artyku\u0142 o emerytowanym generale rosyjskiej armii o imieniu [&hellip;]","protected":false},"author":1,"featured_media":0,"comment_status":"closed","ping_status":"closed","sticky":false,"template":"","format":"standard","meta":{"_acf_changed":false,"_monsterinsights_skip_tracking":false,"_monsterinsights_sitenote_active":false,"_monsterinsights_sitenote_note":"","_monsterinsights_sitenote_category":0,"ngg_post_thumbnail":0,"footnotes":"","_wp_rev_ctl_limit":""},"categories":[13,8],"tags":[98,159],"acf":[],"_links":{"self":[{"href":"https:\/\/www.bibula.com\/index.php?rest_route=\/wp\/v2\/posts\/135307"}],"collection":[{"href":"https:\/\/www.bibula.com\/index.php?rest_route=\/wp\/v2\/posts"}],"about":[{"href":"https:\/\/www.bibula.com\/index.php?rest_route=\/wp\/v2\/types\/post"}],"author":[{"embeddable":true,"href":"https:\/\/www.bibula.com\/index.php?rest_route=\/wp\/v2\/users\/1"}],"replies":[{"embeddable":true,"href":"https:\/\/www.bibula.com\/index.php?rest_route=%2Fwp%2Fv2%2Fcomments&post=135307"}],"version-history":[{"count":6,"href":"https:\/\/www.bibula.com\/index.php?rest_route=\/wp\/v2\/posts\/135307\/revisions"}],"predecessor-version":[{"id":135392,"href":"https:\/\/www.bibula.com\/index.php?rest_route=\/wp\/v2\/posts\/135307\/revisions\/135392"}],"wp:attachment":[{"href":"https:\/\/www.bibula.com\/index.php?rest_route=%2Fwp%2Fv2%2Fmedia&parent=135307"}],"wp:term":[{"taxonomy":"category","embeddable":true,"href":"https:\/\/www.bibula.com\/index.php?rest_route=%2Fwp%2Fv2%2Fcategories&post=135307"},{"taxonomy":"post_tag","embeddable":true,"href":"https:\/\/www.bibula.com\/index.php?rest_route=%2Fwp%2Fv2%2Ftags&post=135307"}],"curies":[{"name":"wp","href":"https:\/\/api.w.org\/{rel}","templated":true}]}}