{"id":135256,"date":"2022-07-18T11:12:30","date_gmt":"2022-07-18T15:12:30","guid":{"rendered":"https:\/\/www.bibula.com\/?p=135256"},"modified":"2022-07-18T11:12:30","modified_gmt":"2022-07-18T15:12:30","slug":"no-wiec-jak-pomozecie-premier-morawiecki-poprosil-gornikow-o-prace-ponadnormatywna-aby-wegla-nie-zabraklo","status":"publish","type":"post","link":"https:\/\/www.bibula.com\/?p=135256","title":{"rendered":"No wi\u0119c jak \u2013 pomo\u017cecie? Premier Morawiecki poprosi\u0142 g\u00f3rnik\u00f3w o \u201eprac\u0119 ponadnormatywn\u0105, aby w\u0119gla nie zabrak\u0142o\u201d"},"content":{"rendered":"<p><strong>G\u00f3rnicy zostali poproszeni o prac\u0119 ponadnormatywn\u0105, aby krajowego w\u0119gla, tak\u017ce energetycznego, nie zabrak\u0142o \u2013 powiedzia\u0142 premier Mateusz Morawicki podczas poniedzia\u0142kowej konferencji prasowej na \u015al\u0105sku.<\/strong><\/p>\r\n<p class=\"has-drop-cap\">W pi\u0105tek zarz\u0105d Polskiej Grupy G\u00f3rniczej podpisa\u0142 ze zwi\u0105zkowcami porozumienie, zgodnie z kt\u00f3rym za\u0142oga PGG otrzyma wyp\u0142aty wyr\u00f3wnuj\u0105ce r\u00f3\u017cnice inflacyjne. W poniedzia\u0142ek podczas konferencji prasowej na \u015al\u0105sku premier Mateusz Morawiecki pytany by\u0142, czy nie obawia si\u0119, \u017ce podobne postulaty mog\u0105 wysun\u0105\u0107 r\u00f3wnie\u017c inne grupy zawodowe.<\/p>\r\n<p>\u201eKilka dni temu spotka\u0142em si\u0119 z przedstawicielami g\u00f3rniczych zwi\u0105zk\u00f3w zawodowych. To by\u0142o twarde, momentami cierpkie, ale konstruktywne spotkanie. Moj\u0105 podstawow\u0105 ide\u0105, w szczeg\u00f3lno\u015bci w sferze spo\u0142ecznej, jest kompromis. Jest wypracowanie takiego kompromisu, kt\u00f3ry by\u0142by akceptowalny dla obu stron, i dlatego poleci\u0142em premierowi Sasinowi, aby doprowadzi\u0107 do tego kompromisu. Ciesz\u0119 si\u0119, \u017ce wszystko zmierza w tym kierunku\u201d \u2013 powiedzia\u0142 Morawiecki.[&#8230;]<\/p>\r\n<p class=\"zrodlo\">Ca\u0142o\u015b\u0107: <a href=\"https:\/\/pch24.pl\/no-wiec-jak-pomozecie-premier-morawiecki-poprosil-gornikow-o-prace-ponadnormatywna-aby-wegla-nie-zabraklo\/\">PoloniaChristiana &#8211; pch24.pl (18 lipca 2022)<\/a><\/p>\r\n<h4>&nbsp;<\/h4>\r\n<hr style=\"background-color: #000000; border-width: 0; color: #000000; height: 2px; line-height: 0; text-align: center; width: 100%;\">\r\n<h4>&nbsp;<\/h4>\r\n<h2><strong>Dlaczego brakuje w\u0119gla czyli amnezja premiera<\/strong><\/h2>\r\n<p class=\"has-drop-cap\">Polscy wyborcy maj\u0105 pami\u0119\u0107 r\u00f3wnie doskona\u0142\u0105 co j\u0119tki. Te uskrzydlone owady cechuj\u0105 si\u0119 tym, \u017ce ich doros\u0142e postacie \u017cyj\u0105 niezwykle kr\u00f3tko, czasem tylko jeden dzie\u0144 (st\u0105d: j\u0119tka jednodni\u00f3wka). Zatem dla j\u0119tki, podobnie jak dla naszych rodzimych elektor\u00f3w, dzie\u0144 poprzedni zwyczajnie nie istnieje.<\/p>\r\n<p>Z tego donios\u0142ego faktu rado\u015bnie korzystaj\u0105 politycy rodzimego chowu. Bo skoro wyborca nie pami\u0119ta co polityk pl\u00f3t\u0142 w mediach zaledwie klika dni wcze\u015bniej, to go z tego nie rozliczy. Dlatego dzi\u015b partie zamiast program\u00f3w maj\u0105 co najwy\u017cej przekazy dnia. Jednak pechowo internet nie zapomina\u2026<\/p>\r\n<p>Pan premier Morawiecki wyrazi\u0142 ostatnio trosk\u0119 z powodu braku w\u0119gla, spowodowanego europejskim embargiem. Najwyra\u017aniej nie pami\u0119ta kto o to embargo najg\u0142o\u015bniej zabiega\u0142. Przypominamy zatem kilka z kilkudziesi\u0119ciu wypowiedzi pana Mateusza w inkryminowanym temacie.<\/p>\r\n<p style=\"padding-left: 40px;\">\u201e<strong>Zaapelowa\u0142em o to, \u017ceby w\u0119giel rosyjski nie by\u0142 wwo\u017cony, \u017ceby na\u0142o\u017cy\u0107 embargo na rosyjski w\u0119giel.<\/strong>\u201d (01.03.2022)<\/p>\r\n<p style=\"padding-left: 40px;\">\u201eCz\u0119\u015bci\u0105 unijnych sankcji powinna by\u0107 blokada na rop\u0119, gaz i w\u0119giel z Rosji. <strong>KE powinna zdecydowa\u0107 si\u0119 na embargo na rosyjski w\u0119giel.<\/strong> Rozmawia\u0142em z premierem Australii m.in. o dostawach tego surowca do Polski.\u201d (02.03.2022)<\/p>\r\n<p style=\"padding-left: 40px;\">\u201e<strong>Wraz z podpisem pana prezydenta, na\u0142o\u017cymy ca\u0142kowite embargo na w\u0119giel. Mam nadziej\u0119, \u017ce kwiecie\u0144, najp\u00f3\u017aniej maj, b\u0119dzie to ca\u0142kowite odej\u015bcie od w\u0119gla rosyjskiego<\/strong>\u201d (31.03.2022)<\/p>\r\n<p style=\"padding-left: 40px;\">\u201e<strong>Wyd\u0142u\u017cenie o cztery miesi\u0105ce wprowadzenia embarga na rosyjski w\u0119giel jest czym\u015b dalece rozczarowuj\u0105cym<\/strong>.\u201d (08.04.2022)<\/p>\r\n<p style=\"padding-left: 40px;\">\u201ePlan zrekompensowania rosn\u0105cych cen w\u0119gla zostanie przygotowany przez rz\u0105d i najp\u00f3\u017aniej od sierpnia b\u0119dzie obowi\u0105zywa\u0107.\u201d (13.06.2022)<\/p>\r\n<p style=\"padding-left: 40px;\">\u201eS\u0105 potrzebne og\u00f3lnoeuropejskie rozwi\u0105zania, kt\u00f3re zapobiegn\u0105 skutkom szanta\u017cu energetycznego Rosji. B\u0119dziemy podnosi\u0107 kwesti\u0119 uruchamiania energetyki w\u0119glowej\u201d (24.06.2022)<\/p>\r\n<p style=\"padding-left: 40px;\">\u201e<strong>Brakuje w\u0119gla bo Europa wprowadzi\u0142a embargo na w\u0119giel rosyjski<\/strong>\u201d (09.07.2022)<\/p>\r\n<p>Jak wida\u0107 obecny brak w\u0119gla to nie kryzys. To rezultat. Ci\u0119\u017ckiej pracy pana Morawieckiego i jego koleg\u00f3w. Zatem albo pan premier jest sabota\u017cyst\u0105, albo cierpi na specyficzny rodzaj roztropno\u015bci. Niczym baca ze starego kawa\u0142u. Sz\u0142o to mniej wi\u0119cej tak:<\/p>\r\n<p><em>Siedzi baca na ga\u0142\u0119zi i j\u0105 pi\u0142uje.<\/em><br>\r\n<em>Podchodzi turysta i m\u00f3wi:<\/em><br>\r\n<em>-Baco nie pi\u0142uj bo spadniesz<\/em><br>\r\n<em>\u2013 Nie, nie spadn\u0119<\/em><br>\r\n<em>\u2013 Ale baco naprawd\u0119 nie pi\u0142uj bo spadniesz.<\/em><br>\r\n<em>Turysta poszed\u0142 dalej.<\/em><br>\r\n<em>Za chwile baca spad\u0142.<\/em><br>\r\n<em>Wstaje i m\u00f3wi:<\/em><br>\r\n<em>\u2013 Prorok czy co?<\/em><\/p>\r\n<p><em><strong>Przemys\u0142aw Piasta<\/strong><\/em><\/p>\r\n<p class=\"zrodlo\">Za: <a href=\"https:\/\/myslpolska.info\/2022\/07\/13\/dlaczego-brakuje-wegla-czyli-amnezja-premiera\/\">My\u015bl Polska (13 lipiec 2022)<\/a><\/p>\r\n<h4>&nbsp;<\/h4>\r\n<hr style=\"background-color: #000000; border-width: 0; color: #000000; height: 2px; line-height: 0; text-align: center; width: 100%;\">\r\n<h4>&nbsp;<\/h4>\r\n<h2><strong>Europose\u0142 PiS: Problemem jest, \u017ce wprowadzili\u015bmy embargo na rosyjski w\u0119giel wcze\u015bniej ni\u017c UE<\/strong><\/h2>\r\n<p class=\"has-drop-cap\">Problemem jest fakt, \u017ce zdecydowali\u015bmy si\u0119 na embargo na rosyjski w\u0119giel troch\u0119 wcze\u015bniej ni\u017c wprowadzi\u0142a je Unia Europejska \u2013 o\u015bwiadczy\u0142 w poniedzia\u0142ek europose\u0142 PiS Zbigniew Ku\u017amiuk.<\/p>\r\n<p>Europose\u0142 PiS Zbigniew Ku\u017amiuk by\u0142 w poniedzia\u0142ek go\u015bciem Radia WNET. \u201eWydobywamy sporo w\u0119gla, ale oczywi\u015bcie mniej ni\u017c zu\u017cywamy. W zwi\u0105zku z tym konieczny jest import. Zak\u0142adam, \u017ce do tego sezonu grzewczego jesienno-zimowego ten import b\u0119dzie wystarczaj\u0105cy, \u017ceby zrealizowa\u0107 nasze publiczne zobowi\u0105zanie, \u017ce b\u0119dziemy dostarcza\u0107 przynajmniej cz\u0119\u015b\u0107 w\u0119gla po cenach poni\u017cej 100 z\u0142\u201d \u2013 powiedzia\u0142 europose\u0142, cytowany przez portal Do Rzeczy. Nawi\u0105za\u0142 w ten spos\u00f3b do ustawy o maksymalnych cenach w\u0119gla.[&#8230;]<\/p>\r\n<p class=\"zrodlo\">Ca\u0142o\u015b\u0107: <a href=\"https:\/\/kresy.pl\/wydarzenia\/europosel-pis-problemem-jest-ze-wprowadzilismy-embargo-na-rosyjski-wegiel-wczesniej-niz-ue\/\">Kresy.pl (18 lipca 2022)<\/a><\/p>\r\n<h4>&nbsp;<\/h4>\r\n<hr style=\"background-color: #000000; border-width: 0; color: #000000; height: 2px; line-height: 0; text-align: center; width: 100%;\">\r\n<h4>&nbsp;<\/h4>\r\n<h2><strong>W\u0119giel, czyli gospodarka&nbsp;niedoboru<\/strong><\/h2>\r\n<p class=\"has-drop-cap\"><strong>Polski rynek w\u0119gla na skutek wojny na Ukrainie zaczyna si\u0119 gwa\u0142townie sypa\u0107. Gdy Unia uchwali\u0142a bez wi\u0119kszych dyskusji, embargo na import rosyjskiego w\u0119gla, przyj\u0119\u0142a termin 1 sierpnia. Bruksela da\u0142a czas na uzupe\u0142nienie zapas\u00f3w na zim\u0119. Polska zastosowa\u0142a wariant radykalny. Ju\u017c w kwietniu decyzj\u0105 Sejmu w\u0119giel z Rosji zosta\u0142 zakazany. To zdestabilizowa\u0142o sytuacj\u0119.<\/strong><\/p>\r\n<p>Rynek si\u0119 podzieli\u0142 na dwa segmenty. Jeden to pa\u0144stwowe kopalnie, sprzedaj\u0105ce gospodarstwom domowym po cenie producenta, bez znacz\u0105cej mar\u017cy. W efekcie ceny tam s\u0105 2- lub 3-krotnie ni\u017csze ni\u017c w pozosta\u0142ej cz\u0119\u015bci rynku. Dlatego do pa\u0144stwowych kopal\u0144 tworz\u0105 si\u0119 kolejki, wi\u0119c oczywi\u015bcie wprowadzono limity sprzeda\u017cy. Wszyscy bowiem boj\u0105 si\u0119, \u017ce w\u0119gla na jesie\u0144 zabraknie, wi\u0119c panika powoduje wykupywanie zasob\u00f3w, co jeszcze podbija ceny.<\/p>\r\n<p>Post\u0119p od PRL polega na tym, \u017ce s\u0105 to kolejki w sklepie internetowym. Ale cecha charakterystyczna tamtej gospodarki zawita\u0142a do nas w w\u0119glu ponownie \u2013 to gospodarka niedoboru. Zarz\u0105dzanie brakami stanie si\u0119 teraz podstawowym wyzwaniem. O absurdzie, w pa\u0144stwie, kt\u00f3re jest europejsk\u0105 pot\u0119g\u0105 w\u0119glow\u0105, takim w\u0119glowym Kuwejtem.<\/p>\r\n<p>Drugi paradoks: nie mo\u017cemy na to zareagowa\u0107, czyli zwi\u0119kszy\u0107 wydobycie. Produkcja kopal\u0144 nadal spada. W pierwszych pi\u0119ciu miesi\u0105cach 2022 r. wydobycie wynios\u0142o 23,5 mln ton. To tylko drobin\u0119 wi\u0119cej ni\u017c rok temu (23,3), za to znacznie mniej (o 10%) ni\u017c w 2019 (26,1 mln t). Dla przypomnienia \u2013 10 lat temu by\u0142o to 32,5 mln ton, prawie 40% wi\u0119cej. Dlaczego? Bo jeste\u015bmy w trakcie procesu likwidowania g\u00f3rnictwa w\u0119glowego i zaraz za nim \u2013 energetyki, na nim pracuj\u0105cej. Bruksela nam za to zap\u0142aci\u0142a, wr\u0119cz szanta\u017cuj\u0105c Polsk\u0119 odebraniem pieni\u0119dzy na KPO, stawiaj\u0105c bardzo ci\u0119\u017ckie warunki, dok\u0142adnie zapisane w porozumieniu nt. tego kosmicznego kredytu. To dla kraju, kt\u00f3rego gospodarka i pa\u0144stwo musi by\u0107 subsydiowane z Brukseli, to argument nie do odrzucenia.<\/p>\r\n<p>I wydobycie nie wzro\u015bnie. Teraz mo\u017cna g\u00f3rnik\u00f3w pogoni\u0107 na soboty a nawet niedziele, ale to nie czasy, kiedy \u0142opat\u0105 si\u0119 szybciej macha\u0142o i urobek by\u0142 wi\u0119kszy. Inwestycje w polskim g\u00f3rnictwie zako\u0144czy\u0142y si\u0119 ju\u017c lata temu, jedyne pieni\u0105dze, jakie si\u0119 wydaje id\u0105 na likwidacj\u0119 kopal\u0144, dop\u0142aty do strat sp\u00f3\u0142ek w\u0119glowych i dla uspokojenia spo\u0142ecznych nastroj\u00f3w. A przygotowanie \u015bciany w\u0119gla (tak z 800 tysi\u0119cy ton) to p\u00f3\u0142tora roku pracy i jest to inwestycja rz\u0119du 200 mln z\u0142 (w\u015bciek\u0142e ceny stali wywindowa\u0142y te koszty pod niebiosa). Ale co wa\u017cniejsze, Bruksela trzyma w r\u0119ku decyzje o powa\u017cniejszych krokach w polskim g\u00f3rnictwie. Zagwarantowa\u0142o to sobie, p\u0142ac\u0105c za to. Taka klimatyczna gospodarka nakazowo-rozdzielcza.<\/p>\r\n<p>Je\u015bli Tauron zmniejsza zdolno\u015bci produkcyjne na 2022 rok, dostaje na to 1,15 mld z\u0142 z bud\u017cetu pa\u0144stwa. A decyzja musi by\u0107 jeszcze zatwierdzona w Brukseli. To ona wymog\u0142a na nas takie kroki, jak zablokowanie od 2022 r. mo\u017cliwo\u015bci dofinansowania kot\u0142\u00f3w na w\u0119giel. Tylko zielone \u017ar\u00f3d\u0142a, w tym wypadku \u2013 pompy ciep\u0142a.<\/p>\r\n<p>Ofiar\u0105 tej decyzji w pierwszej kolejno\u015bci pad\u0142y polskie przedsi\u0119biorstwa, g\u0142\u00f3wnie prywatne. To oni dominowali na rynku w\u0119gla dla indywidualnych odbiorc\u00f3w i mniejszych przedsi\u0119biorstw czy ciep\u0142owni. Odci\u0119to ich w ten spos\u00f3b od importu ze wschodu, dostarczanego kolej\u0105, wi\u0119c na skal\u0119 ich mo\u017cliwo\u015bci. Dostawy wielkimi statkami s\u0105 poza ich zasi\u0119giem.<\/p>\r\n<p>Wszystko to jest efektem wielu lat polskiej polityki energetycznej, z nieustannie powtarzanym has\u0142em bezpiecze\u0144stwa energetycznego. Ta polityka tak w\u0142a\u015bnie si\u0119 ko\u0144czy \u2013 zagro\u017ceniem dla podstawowej potrzeby ka\u017cdego cz\u0142owieka \u2013 zapewnienia mu ciep\u0142a. W europejskim Kuwejcie w\u0119glowym mamy w\u0119glowy kryzys. A to dopiero lipiec.<\/p>\r\n<p><strong><em>Andrzej Szcz\u0119\u015bniak<\/em><\/strong><br>\r\n<em><a href=\"https:\/\/myslpolska.info\/2022\/07\/15\/szczesniak-wegiel-czyli-gospodarka-niedoboru\/\" target=\"_blank\" rel=\"noopener\">https:\/\/myslpolska.info<\/a><\/em><\/p>\r\n<p class=\"zrodlo\">Za: <a href=\"https:\/\/marucha.wordpress.com\/2022\/07\/15\/wegiel-czyli-gospodarka-niedoboru\/\">Dziennik gajowego Maruchy (2022-07-15)<\/a><\/p>\r\n<h4>&nbsp;<\/h4>\r\n<hr style=\"background-color: #000000; border-width: 0; color: #000000; height: 2px; line-height: 0; text-align: center; width: 100%;\">\r\n<h4>&nbsp;<\/h4>\r\n<h2><strong>Wbrew wcze\u015bniejszym zapewnieniom, w\u0119gla mo\u017ce zabrakn\u0105\u0107<\/strong><\/h2>\r\n<p class=\"has-drop-cap\">Jeszcze pod koniec ubieg\u0142ego miesi\u0105ca rz\u0105dz\u0105cy zapewniali, \u017ce w\u0119gla do ogrzewania dom\u00f3w jesieni\u0105 i w zim\u0119 nie zabraknie. Teraz premier Mateusz Morawiecki m\u00f3wi jednak wprost o problemach z dost\u0119pem do surowca, zrzucaj\u0105c cz\u0119\u015b\u0107 winy na sk\u0142ady maj\u0105ce nie wykazywa\u0107 w tej sprawie \u201ewoli wsp\u00f3\u0142pracy\u201d.<\/p>\r\n<p>Jeszcze w drugiej po\u0142owie czerwca wiceminister klimatu i \u015brodowiska Piotr Dziadzio m\u00f3wi\u0142 o zakontraktowaniu dostaw w\u0119gla przez Sp\u00f3\u0142ki Skarbu Pa\u0144stwa. Mia\u0142y one naby\u0107 oko\u0142o 7 mln ton w\u0119gla, natomiast firmy prywatne dodatkowo 2 mln ton. Rz\u0105dowa Agencja Rezerw Strategicznych do ko\u0144ca roku zobowi\u0105za\u0142a si\u0119 za\u015b do zakupu kolejnych 3 mln ton wspomnianego surowca.<\/p>\r\n<p>Minister klimatu i \u015brodowiska Anna Moskwa zapewnia\u0142a wi\u0119c, \u017ce nie tylko nie zabraknie w\u0119gla, ale dodatkowo b\u0119dzie on dost\u0119pny po \u201eakceptowalnej cenie\u201d. W tym celu przyj\u0119to nawet specjalne przepisy, dzi\u0119ki kt\u00f3rym odbiorcy maj\u0105 otrzyma\u0107 go w cenie nie wy\u017cszej ni\u017c 996,60 z\u0142 za ton\u0119.<\/p>\r\n<p>Okazuje si\u0119 jednak, \u017ce nie b\u0119dzie tak r\u00f3\u017cowo, jak zapowiadali to wcze\u015bniej rz\u0105dz\u0105cy. Premier podczas spotkania z wyborcami w Turowie by\u0142 mi\u0119dzy innymi pytany o problem z zakupem w\u0119gla po wspomnianej wy\u017cej cenie okre\u015blonej przez rz\u0105d.<\/p>\r\n<p>Morawiecki odpowiadaj\u0105c na pytanie przyzna\u0142, \u017ce docieraj\u0105 do niego podobne g\u0142osy z ca\u0142ego kraju. Zrzuci\u0142 w du\u017cej mierze win\u0119 na sk\u0142ady sprzedaj\u0105ce w\u0119giel, kt\u00f3re maj\u0105 nie wykazywa\u0107 odpowiedniej \u201ewoli wsp\u00f3\u0142pracy\u201d. Ma bowiem istnie\u0107 sp\u00f3r na \u201estyku pr\u00f3by zbudowania systemu\u201d, zwi\u0105zany z obrotem wolnorynkowym.<\/p>\r\n<p>Poza tym szef rz\u0105du zapowiada dalsze problemy z dost\u0119pno\u015bci\u0105 w\u0119gla w kolejnych miesi\u0105cach. Przyzna\u0142 r\u00f3wnie\u017c, \u017ce jest to efekt sankcji wobec Rosji, bo w ostatnich latach polskie sp\u00f3\u0142ki masowo importowa\u0142y surowiec w\u0142a\u015bnie z tego kraju.<\/p>\r\n<p>Na podstawie: dorzeczy.pl, rp.pl, money.pl.<\/p>\r\n<p class=\"zrodlo\">Za: <a href=\"http:\/\/www.autonom.pl\/wbrew-wczesniejszym-zapewnieniom-wegla-moze-zabraknac\/\">autonom.pl (2022-07-17)<\/a><\/p>\r\n<h4>&nbsp;<\/h4>\r\n<hr style=\"background-color: #000000; border-width: 0; color: #000000; height: 2px; line-height: 0; text-align: center; width: 100%;\">\r\n<h4>&nbsp;<\/h4>\r\n<h2><strong>W zimie b\u0119dziemy marzn\u0105\u0107? DGP: Brakuje znacznej ilo\u015bci w\u0119gla dla u\u017cytkownik\u00f3w indywidualnych<\/strong><\/h2>\r\n<p class=\"has-drop-cap\">Jak przekaza\u0142o \u017ar\u00f3d\u0142o Dziennika Gazety Prawnej z kancelarii premiera, ju\u017c tej zimy mo\u017ce zabrakn\u0105\u0107 polskim odbiorcom kilku milion\u00f3w ton w\u0119gla. Rozm\u00f3wca przekaza\u0142 medium, \u017ce w rz\u0105dzie trwaj\u0105 obecnie \u201ew\u015bciek\u0142e\u201d poszukiwanie dodatkowych \u017ar\u00f3de\u0142 surowca. \u2013 Sytuacja jest fatalna \u2013 powiedzia\u0142 informator DGP.<\/p>\r\n<p>Jak poda\u0142a gazeta, powo\u0142uj\u0105c si\u0119 na pracownika Kancelarii Prezesa Rady Ministr\u00f3w, zar\u00f3wno administracja Mateusza Morawieckiego, jak i Ministra Aktyw\u00f3w Pa\u0144stwowych, Jacka Sasina, zaniepokojona jest mo\u017cliwymi brakami w\u0119gla w nast\u0119pnym sezonie grzewczym. Mowa nie o niewielkich niedoborach, a o ilo\u015bci pomi\u0119dzy trzema a czterema milionami ton surowca. To po\u0142owa zapotrzebowania w\u015br\u00f3d odbiorc\u00f3w indywidualnych.<\/p>\r\n<p>Rz\u0105dz\u0105cy, jak przekaza\u0142 informator, planuj\u0105 ratowa\u0107 sytuacj\u0119 przez wykorzystanie sp\u00f3\u0142ek skarbu pa\u0144stwa. Firmy podlegaj\u0105ce tym rz\u0105dowym podmiotom mia\u0142yby zakupi\u0107 du\u017ce ilo\u015bci w\u0119gla, a nast\u0119pnie sprzedawa\u0107 je w niskich cenach klientom indywidualnym.[&#8230;]<\/p>\r\n<p class=\"zrodlo\">Ca\u0142o\u015b\u0107: <a href=\"https:\/\/pch24.pl\/w-zimie-bedziemy-marznac-dgp-brakuje-znacznej-ilosci-wegla-dla-uzytkownikow-indywidualnych\/\">PoloniaChristiana &#8211; pch24.pl (15 lipca 2022)<\/a><\/p>\r\n<h4>&nbsp;<\/h4>\r\n<hr style=\"background-color: #000000; border-width: 0; color: #000000; height: 2px; line-height: 0; text-align: center; width: 100%;\">\r\n<h4>&nbsp;<\/h4>","protected":false},"excerpt":{"rendered":"G\u00f3rnicy zostali poproszeni o prac\u0119 ponadnormatywn\u0105, aby krajowego w\u0119gla, tak\u017ce energetycznego, nie zabrak\u0142o \u2013 powiedzia\u0142 premier Mateusz Morawicki podczas poniedzia\u0142kowej konferencji prasowej na \u015al\u0105sku. W pi\u0105tek zarz\u0105d Polskiej Grupy G\u00f3rniczej podpisa\u0142 ze zwi\u0105zkowcami porozumienie, zgodnie z kt\u00f3rym za\u0142oga PGG otrzyma wyp\u0142aty wyr\u00f3wnuj\u0105ce r\u00f3\u017cnice inflacyjne. W poniedzia\u0142ek podczas konferencji prasowej na \u015al\u0105sku premier Mateusz Morawiecki pytany [&hellip;]","protected":false},"author":1,"featured_media":0,"comment_status":"closed","ping_status":"closed","sticky":false,"template":"","format":"standard","meta":{"_acf_changed":false,"_monsterinsights_skip_tracking":false,"_monsterinsights_sitenote_active":false,"_monsterinsights_sitenote_note":"","_monsterinsights_sitenote_category":0,"ngg_post_thumbnail":0,"footnotes":"","_wp_rev_ctl_limit":""},"categories":[13,8],"tags":[89,98],"acf":[],"_links":{"self":[{"href":"https:\/\/www.bibula.com\/index.php?rest_route=\/wp\/v2\/posts\/135256"}],"collection":[{"href":"https:\/\/www.bibula.com\/index.php?rest_route=\/wp\/v2\/posts"}],"about":[{"href":"https:\/\/www.bibula.com\/index.php?rest_route=\/wp\/v2\/types\/post"}],"author":[{"embeddable":true,"href":"https:\/\/www.bibula.com\/index.php?rest_route=\/wp\/v2\/users\/1"}],"replies":[{"embeddable":true,"href":"https:\/\/www.bibula.com\/index.php?rest_route=%2Fwp%2Fv2%2Fcomments&post=135256"}],"version-history":[{"count":7,"href":"https:\/\/www.bibula.com\/index.php?rest_route=\/wp\/v2\/posts\/135256\/revisions"}],"predecessor-version":[{"id":135263,"href":"https:\/\/www.bibula.com\/index.php?rest_route=\/wp\/v2\/posts\/135256\/revisions\/135263"}],"wp:attachment":[{"href":"https:\/\/www.bibula.com\/index.php?rest_route=%2Fwp%2Fv2%2Fmedia&parent=135256"}],"wp:term":[{"taxonomy":"category","embeddable":true,"href":"https:\/\/www.bibula.com\/index.php?rest_route=%2Fwp%2Fv2%2Fcategories&post=135256"},{"taxonomy":"post_tag","embeddable":true,"href":"https:\/\/www.bibula.com\/index.php?rest_route=%2Fwp%2Fv2%2Ftags&post=135256"}],"curies":[{"name":"wp","href":"https:\/\/api.w.org\/{rel}","templated":true}]}}