{"id":13525,"date":"2009-08-31T19:15:09","date_gmt":"2009-09-01T00:15:09","guid":{"rendered":"http:\/\/www.bibula.com\/?p=13525"},"modified":"2010-06-02T21:09:24","modified_gmt":"2010-06-03T02:09:24","slug":"pakt-ribbentrop-molotow-zjednoczyl-ukraine","status":"publish","type":"post","link":"https:\/\/www.bibula.com\/?p=13525","title":{"rendered":"&#8222;Pakt Ribbentrop-Mo\u0142otow zjednoczy\u0142 Ukrain\u0119&#8221;"},"content":{"rendered":"<p><strong>\u201ePakt Ribbentrop &#8211; Mo\u0142otow zjednoczy\u0142 Ukrain\u0119\u201d &#8211; o\u015bwiadczy\u0142a na konferencji prasowej w Kijowie po\u015bwi\u0119conej powstaniu ukrai\u0144skiego filmu dokumentalnego &#8222;Syndrom pami\u0119ci&#8221; pose\u0142 Partii Region\u00f3w Hanna Herman.<\/strong><br style=\"clear: left;\" \/><\/p>\r\n\r\n<p>Jak informuje &#8222;Nasz Dziennik&#8221;, pose\u0142 Partii Region\u00f3w o\u015bwiadczy\u0142a, \u017ce Ukrai\u0144cy powinni pozytywnie ocenia\u0107 uk\u0142ad zawarty przez dwa totalitarne pa\u0144stwa. &#8222;Gdyby nie pakt Ribbentrop &#8211; Mo\u0142otow, to Ukraina zachodnia i wschodnia mo\u017ce jeszcze d\u0142ugo nie zjednoczy\u0142yby si\u0119 w jedno pa\u0144stwo. I jakby\u015bmy tego paktu nie oceniali, powinni\u015bmy fakty historyczne ocenia\u0107 z pozycji ukrai\u0144skich interes\u00f3w narodowych&#8221; &#8211; doda\u0142a Herman.<\/p>\r\n\r\n<p>Wypowied\u017a deputowanej wywo\u0142a\u0142a ostry protest Stanis\u0142awa Kosteckiego, prezesa Zwi\u0105zku Polak\u00f3w na Ukrainie. Wed\u0142ug korespondenta &#8222;Naszego Dziennika&#8221; powiedzia\u0142 on: &#8222;Nie b\u0119d\u0119 bra\u0142 udzia\u0142 w tym zbiorowisku. Przepraszam. Do widzenia&#8221; i opu\u015bci\u0142 sal\u0119.<\/p>\r\n\r\n<p>Pochodz\u0105ca z Kijowa Hanna Herman jest wiceprzewodnicz\u0105c\u0105 grupy parlamentarnej Partii Region\u00f3w w Radzie Najwy\u017cszej Ukrainy.<\/p>\r\n\r\n<p>tr\/Kresy.pl<\/p>\r\n\r\n<blockquote><p><strong>KOMENTARZ <em>BIBU\u0141Y<\/em><\/strong>: Wed\u0142ug informacji jednego z Czytelnik\u00f3w, nale\u017cy si\u0119 sprostowanie do powy\u017cszej informacji pochodz\u0105cej z portalu Kresy.pl: Hanna Herman nie pochodzi z Kijowa, lecz urodzi\u0142a si\u0119 we wsi Ko\u0142odruby rejonu Miko\u0142ajowskiego obwodu Lwowskiego.<\/p><\/blockquote>","protected":false},"excerpt":{"rendered":"\u201ePakt Ribbentrop &#8211; Mo\u0142otow zjednoczy\u0142 Ukrain\u0119\u201d &#8211; o\u015bwiadczy\u0142a na konferencji prasowej w Kijowie po\u015bwi\u0119conej powstaniu ukrai\u0144skiego filmu dokumentalnego &#8222;Syndrom pami\u0119ci&#8221; pose\u0142 Partii Region\u00f3w Hanna Herman. Jak informuje &#8222;Nasz Dziennik&#8221;, pose\u0142 Partii Region\u00f3w o\u015bwiadczy\u0142a, \u017ce Ukrai\u0144cy powinni pozytywnie ocenia\u0107 uk\u0142ad zawarty przez dwa totalitarne pa\u0144stwa. &#8222;Gdyby nie pakt Ribbentrop &#8211; Mo\u0142otow, to Ukraina zachodnia i wschodnia [&hellip;]","protected":false},"author":1,"featured_media":0,"comment_status":"closed","ping_status":"closed","sticky":false,"template":"","format":"standard","meta":{"_acf_changed":false,"_monsterinsights_skip_tracking":false,"_monsterinsights_sitenote_active":false,"_monsterinsights_sitenote_note":"","_monsterinsights_sitenote_category":0,"ngg_post_thumbnail":0,"footnotes":"","_wp_rev_ctl_limit":""},"categories":[6],"tags":[102,17,59],"acf":[],"_links":{"self":[{"href":"https:\/\/www.bibula.com\/index.php?rest_route=\/wp\/v2\/posts\/13525"}],"collection":[{"href":"https:\/\/www.bibula.com\/index.php?rest_route=\/wp\/v2\/posts"}],"about":[{"href":"https:\/\/www.bibula.com\/index.php?rest_route=\/wp\/v2\/types\/post"}],"author":[{"embeddable":true,"href":"https:\/\/www.bibula.com\/index.php?rest_route=\/wp\/v2\/users\/1"}],"replies":[{"embeddable":true,"href":"https:\/\/www.bibula.com\/index.php?rest_route=%2Fwp%2Fv2%2Fcomments&post=13525"}],"version-history":[{"count":0,"href":"https:\/\/www.bibula.com\/index.php?rest_route=\/wp\/v2\/posts\/13525\/revisions"}],"wp:attachment":[{"href":"https:\/\/www.bibula.com\/index.php?rest_route=%2Fwp%2Fv2%2Fmedia&parent=13525"}],"wp:term":[{"taxonomy":"category","embeddable":true,"href":"https:\/\/www.bibula.com\/index.php?rest_route=%2Fwp%2Fv2%2Fcategories&post=13525"},{"taxonomy":"post_tag","embeddable":true,"href":"https:\/\/www.bibula.com\/index.php?rest_route=%2Fwp%2Fv2%2Ftags&post=13525"}],"curies":[{"name":"wp","href":"https:\/\/api.w.org\/{rel}","templated":true}]}}