{"id":135195,"date":"2022-07-15T16:33:07","date_gmt":"2022-07-15T20:33:07","guid":{"rendered":"https:\/\/www.bibula.com\/?p=135195"},"modified":"2022-07-15T16:33:07","modified_gmt":"2022-07-15T20:33:07","slug":"sorry-taki-mamy-klimat-trzeba-mniej-jesc-i-ocieplac-mieszkania","status":"publish","type":"post","link":"https:\/\/www.bibula.com\/?p=135195","title":{"rendered":"Sorry, taki mamy klimat \u2013 trzeba mniej je\u015b\u0107 i ociepla\u0107 mieszkania"},"content":{"rendered":"<p class=\"has-drop-cap\">El\u017cbieta Bie\u0144kowska? Je\u015bli ktokolwiek kojarzy jeszcze t\u0119 pani\u0105 minister, kt\u00f3ra by\u0142a gwiazd\u0105 lokalnej polityki, ale stanowisko komisarza w UE brutalnie zweryfikowa\u0142o jej kompetencje, to na pewno te\u017c kojarzy jedn\u0105 jej wypowied\u017a. <a href=\"https:\/\/www.kontrowersje.net\/szanowny-i-kochany-panie-prezesie-losowe-i-symboliczne-podsumowanie-pis\/\"><span style=\"text-decoration: underline;\">\u201eSorry, taki mamy klimat\u201d<\/span><\/a> \u2013 powiedzia\u0142a minister Bie\u0144kowska, gdy dziennikarze zapytali dlaczego z powodu takiej sobie zimy w Polsce sp\u00f3\u017aniaj\u0105 si\u0119 poci\u0105gi, a nawet s\u0105 odwo\u0142ywane na trudniejszych trasach. Zawsze staram si\u0119 patrze\u0107 obiektywnie na ludzi i zjawiska, w tym przypadku r\u00f3wnie\u017c stara\u0142em si\u0119 dociec, jakie by\u0142y szlachetne intencje pani minister i co\u015b mi si\u0119 uda\u0142o wykrzesa\u0107. Rzeczywi\u015bcie Polska nie jest Hiszpani\u0105 i zima ma swoje prawa, z drugiej strony co\u015b mi si\u0119 obi\u0142o o uszy, \u017ce w czasach najwi\u0119kszych mroz\u00f3w na \u015bwiecie, normalnie funkcjonuje kolej transsyberyjska.<\/p>\r\n<p>Polityk ma t\u0119 w\u0142a\u015bciwo\u015b\u0107, \u017ce w pe\u0142nym s\u0142o\u0144cu mo\u017ce godzinami opowiada\u0107, jak za oknem pada deszcz i w takich kategoriach odbieram wypowied\u017a minister Bie\u0144kowskiej, kt\u00f3ra mo\u017ce odetchn\u0105\u0107 z ulg\u0105, bo na horyzoncie pojawi\u0142a si\u0119 mocna konkurencja. Ministrowie z PiS postanowili p\u00f3j\u015b\u0107 t\u0105 sam\u0105 drog\u0105, tylko najwyra\u017aniej chc\u0105 doj\u015b\u0107 jeszcze dalej. Premier Morawiecki w ramach kryzysu energetycznego proponuje Polakom ocieplenie dom\u00f3w. Jest si\u0119 do czego przyczepi\u0107? Na pierwszy rzut oka to niespecjalnie, sam nosz\u0119 si\u0119 z takim zamiarem, ale w moim przypadku sprawa jest do\u015b\u0107 skomplikowana, z uwagi na drewnian\u0105 konstrukcj\u0119 domu. Pragn\u0119 jednocze\u015bnie podkre\u015bli\u0107, \u017ce moje plany si\u0119gaj\u0105 kilku lat wstecz, gdy w Polsce \u017cy\u0142o si\u0119 na bogato i nikt si\u0119 rachunkami za energi\u0119 i opa\u0142 nie przejmowa\u0142. M\u00f3j pomys\u0142 na ocieplenie domu polega\u0142 na tym, \u017ceby ociepli\u0107 dom, a nie walczy\u0107 z kryzysem. Pomys\u0142 Morawieckiego przypomina jeszcze innego klasyka, przes\u0142anie jest porte: \u201etrzeba si\u0119 ubezpieczy\u0107\u201d. Ano trzeba! I powiem wi\u0119cej, patrz\u0105c na przeobra\u017cenia jakie nast\u0105pi\u0142y w partii rz\u0105dz\u0105cej, warto si\u0119 ubezpieczy\u0107 od wielu rzeczy naraz: po\u017car\u00f3w, powodzi, g\u0142odu, pomoru i wojny. Jeszcze kilkana\u015bcie miesi\u0119cy temu takie zdanie by\u0142oby ironi\u0105 i to nie najwy\u017cszych lot\u00f3w, dzi\u015b bardzo powa\u017cnie proponuj\u0119 skontaktowa\u0107 si\u0119 z brokerem.<\/p>\r\n<p>Wypowiedzi premiera z ca\u0142\u0105 pewno\u015bci\u0105 wys\u0142uchuj\u0105 pilnie jego podw\u0142adni, a z tego co wida\u0107 minister edukacji Przemys\u0142 Czarnek by\u0142 najpilniejszy i znalaz\u0142 <span style=\"text-decoration: underline;\"><a href=\"https:\/\/www.kontrowersje.net\/chrustu-juz-nie-ma-nawet-po-nowych-cenach\/\">kolejne \u017ar\u00f3d\u0142a oszcz\u0119dno\u015bci<\/a>.<\/span> Zn\u00f3w mamy podan\u0105 bardzo prost\u0105 recept\u0119: \u201eCzasami co\u015b b\u0119dziemy pichci\u0107, znajomi zaprosz\u0105 na obiady, ale bez przesady, dro\u017cyzna nie oznacza, \u017ce nie mo\u017cna je\u015b\u0107. Mo\u017cna je\u015b\u0107 troch\u0119 mniej i troch\u0119 taniej\u201d. W tym przypadku przyznaj\u0119, \u017ce media, ale te\u017c obywatele dokonali nadinterpretacji s\u0142\u00f3w ministra, kt\u00f3ry wcale nie powiedzia\u0142: \u201ezbierajcie szczaw i mirabelki\u201d. Minister zach\u0119ca do kreatywno\u015bci i podpowiada, gdzie szuka\u0107 oszcz\u0119dno\u015bci. Po pierwsze mo\u017cna samemu upichci\u0107 co\u015b taniego i troch\u0119 mniej ni\u017c zwykle. Po drugie kosztami obiadu da si\u0119 obci\u0105\u017cy\u0107 znajomych, zapowiedzian\u0105 lub niezapowiedzian\u0105 wizyt\u0105 w porze obiadowej. Wreszcie, \u201ebez przesady, dro\u017cyzna nie oznacza, \u017ce nie mo\u017cna je\u015b\u0107. Mo\u017cna je\u015b\u0107 troch\u0119 mniej i troch\u0119 taniej\u201d. Mo\u017cna? Mo\u017cna! S\u0142uszn\u0105 lini\u0119 ma nasza w\u0142adza i tak\u0105 jakby znajom\u0105, bardzo przypominaj\u0105c\u0105 lini\u0119 poprzedniej w\u0142adzy, kt\u00f3ra mia\u0142a zosta\u0107 zast\u0105piona \u201edobr\u0105 zmian\u0105\u201d.<\/p>\r\n<p>Pozwoli\u0142em sobie na wskazanie kilku oczywistych skojarze\u0144 i analogii, to w puencie pozwol\u0119 sobie na jeszcze jedno spostrze\u017cenie. Gdy premier Cimoszewicz wypowiedzia\u0142 s\u0142owa o ubezpieczeniu, za chwil\u0119 przesta\u0142 by\u0107 premierem. Chwil\u0119 po tym, jak Bie\u0144kowska wspomnia\u0142a o klimacie, straci\u0142a stanowisko ministra. Najgorszy los spotka\u0142 Stefana Niesio\u0142owskiego, kt\u00f3ry zamiast szczawiu i mirabelek zajada\u0142 si\u0119 fasolk\u0105 po breto\u0144sku i praktycznie znikn\u0105\u0142 z \u017cycia publicznego. Jaki los spotka premiera Morawieckiego i ministra Czarnka to jeszcze nie wiadomo, ale wydaje mi si\u0119, \u017ce <a href=\"https:\/\/www.kontrowersje.net\/zaufajcie-zacisnijcie-zeby-i-badzcie-optymistami\/\"><span style=\"text-decoration: underline;\">wbrew w\u0142asnym mniemaniom partia rz\u0105dz\u0105ca nie jest w fazie rozkwitu i szczytu popularno\u015bci<\/span><\/a>. Raczej mamy do czynienia z faz\u0105 schy\u0142kow\u0105, za kt\u00f3r\u0105 id\u0105 odpowiednie reakcje spo\u0142eczne, g\u0142\u00f3wnie z\u0142o\u015b\u0107 i niezadowolenie, ale te\u017c coraz bardziej gromki \u015bmiech.<\/p>\r\n<p><strong><em>Matka Kurka<\/em><\/strong><\/p>","protected":false},"excerpt":{"rendered":"El\u017cbieta Bie\u0144kowska? Je\u015bli ktokolwiek kojarzy jeszcze t\u0119 pani\u0105 minister, kt\u00f3ra by\u0142a gwiazd\u0105 lokalnej polityki, ale stanowisko komisarza w UE brutalnie zweryfikowa\u0142o jej kompetencje, to na pewno te\u017c kojarzy jedn\u0105 jej wypowied\u017a. \u201eSorry, taki mamy klimat\u201d \u2013 powiedzia\u0142a minister Bie\u0144kowska, gdy dziennikarze zapytali dlaczego z powodu takiej sobie zimy w Polsce sp\u00f3\u017aniaj\u0105 si\u0119 poci\u0105gi, a nawet [&hellip;]","protected":false},"author":1,"featured_media":0,"comment_status":"closed","ping_status":"closed","sticky":false,"template":"","format":"standard","meta":{"_acf_changed":false,"_monsterinsights_skip_tracking":false,"_monsterinsights_sitenote_active":false,"_monsterinsights_sitenote_note":"","_monsterinsights_sitenote_category":0,"ngg_post_thumbnail":0,"footnotes":"","_wp_rev_ctl_limit":""},"categories":[13,8],"tags":[89,93,98,20],"acf":[],"_links":{"self":[{"href":"https:\/\/www.bibula.com\/index.php?rest_route=\/wp\/v2\/posts\/135195"}],"collection":[{"href":"https:\/\/www.bibula.com\/index.php?rest_route=\/wp\/v2\/posts"}],"about":[{"href":"https:\/\/www.bibula.com\/index.php?rest_route=\/wp\/v2\/types\/post"}],"author":[{"embeddable":true,"href":"https:\/\/www.bibula.com\/index.php?rest_route=\/wp\/v2\/users\/1"}],"replies":[{"embeddable":true,"href":"https:\/\/www.bibula.com\/index.php?rest_route=%2Fwp%2Fv2%2Fcomments&post=135195"}],"version-history":[{"count":2,"href":"https:\/\/www.bibula.com\/index.php?rest_route=\/wp\/v2\/posts\/135195\/revisions"}],"predecessor-version":[{"id":135197,"href":"https:\/\/www.bibula.com\/index.php?rest_route=\/wp\/v2\/posts\/135195\/revisions\/135197"}],"wp:attachment":[{"href":"https:\/\/www.bibula.com\/index.php?rest_route=%2Fwp%2Fv2%2Fmedia&parent=135195"}],"wp:term":[{"taxonomy":"category","embeddable":true,"href":"https:\/\/www.bibula.com\/index.php?rest_route=%2Fwp%2Fv2%2Fcategories&post=135195"},{"taxonomy":"post_tag","embeddable":true,"href":"https:\/\/www.bibula.com\/index.php?rest_route=%2Fwp%2Fv2%2Ftags&post=135195"}],"curies":[{"name":"wp","href":"https:\/\/api.w.org\/{rel}","templated":true}]}}