{"id":135171,"date":"2022-07-15T15:31:48","date_gmt":"2022-07-15T19:31:48","guid":{"rendered":"https:\/\/www.bibula.com\/?p=135171"},"modified":"2022-07-15T15:31:48","modified_gmt":"2022-07-15T19:31:48","slug":"vucic-caly-zachod-walczy-z-rosja-za-pomoca-ukraincow","status":"publish","type":"post","link":"https:\/\/www.bibula.com\/?p=135171","title":{"rendered":"Vu\u010di\u0107: ca\u0142y Zach\u00f3d walczy z Rosj\u0105 za pomoc\u0105 Ukrai\u0144c\u00f3w"},"content":{"rendered":"<p class=\"has-drop-cap\">Zdaniem serbskiego prezydenta, Aleksandara Vu\u010dicia, na Ukrainie mamy do czynienia z \u201ewojn\u0105 niemal \u015bwiatow\u0105\u201d, co ma wp\u0142yw r\u00f3wnie\u017c na to, co dzieje si\u0119 na Ba\u0142kanach.<\/p>\r\n<p>W wywiadzie telewizyjnym prezydent Serbii, Aleksandar Vu\u010di\u0107 powiedzia\u0142, \u017ce w jego ocenie nie mo\u017cna okre\u015bla\u0107 wojny rosyjsko-ukrai\u0144skiej mianem konfliktu regionalnego. Uzasadnia\u0142 to wielk\u0105 skal\u0105 zaanga\u017cowania pa\u0144stw zachodnich. Jego zdaniem ca\u0142y Zach\u00f3d faktycznie walczy z Rosj\u0105 za pomoc\u0105 ukrai\u0144skich \u017co\u0142nierzy.<\/p>\r\n<p>\u201ePowinni\u015bmy zrozumie\u0107, \u017ce w warunkach, gdy trwa wojna niemal \u015bwiatowa, nie mo\u017cna m\u00f3wi\u0107, \u017ce jest to wojna regionalna lub lokalna. Ca\u0142y \u015bwiat zachodni walczy z Rosj\u0105 za pomoc\u0105 Ukrai\u0144c\u00f3w. To jest konflikt globalny\u201d \u2013 powiedzia\u0142 Vu\u010di\u0107. Doda\u0142, \u017ce \u201ebrakuje tylko znacz\u0105cego konfliktu w Azji\u201d. W jego ocenie, wojna na Ukrainie potrwa oko\u0142o roku.<\/p>\r\n<p>Jeste\u015bmy najbardziej rzetelnymi mediami w Polsce<\/p>\r\n<p>Zdaniem serbskiego prezydenta, sytuacja na Ukrainie wywo\u0142uje wielkie zmiany i ma r\u00f3wnie\u017c wp\u0142yw na to, co dzieje si\u0119 na Ba\u0142kanach. Zapewni\u0142 przy tym, \u017ce Serbia nie b\u0119dzie szcz\u0119dzi\u0107 wysi\u0142k\u00f3w na rzecz zapewnienia pokoju w tym regionie. W kontek\u015bcie obchod\u00f3w rocznicy masakry w Srebrnicy, Vu\u010di\u0107 przyzna\u0142, \u017ce na Bo\u015bniakach pope\u0142niono wielk\u0105 zbrodni\u0119, przy czym zwr\u00f3ci\u0142 uwag\u0119, \u017ce nasila si\u0119 \u201eretoryka nienawi\u015bci\u201d wzgl\u0119dem Serb\u00f3w.<\/p>\r\n<p>\u201eWydaje si\u0119, \u017ce wszyscy na Ba\u0142kanach czekaj\u0105 na drug\u0105 rund\u0119, z wielkimi pasjami, emocjami i nienawi\u015bci\u0105. Musimy unikn\u0105\u0107 tego za wszelk\u0105 cen\u0119\u2026 Potrzebujemy stulecia pokoju\u201d \u2013 zaznaczy\u0142 Vu\u010di\u0107.<\/p>\r\n<p>Prezydent Serbii powiedzia\u0142 te\u017c, \u017ce jego kraj b\u0119dzie kontynuowa\u0107 swoj\u0105 \u201eeuropejsk\u0105 \u015bcie\u017ck\u0119\u201d, ale zarazem b\u0119dzie utrzymywa\u0107 przyjazne stosunki z Rosj\u0105 i Chinami.<\/p>\r\n<p>Przypomnijmy, \u017ce miesi\u0105c temu, podczas swojej wizyty w Serbii, kanclerz Niemiec Olaf Scholz wyra\u017anie da\u0142 do zrozumienia, \u017ce kraj ten powinien sko\u0144czy\u0107 z pr\u00f3bami balansowania mi\u0119dzy UE a Rosj\u0105, a je\u015bli powa\u017cnie my\u015bli o wej\u015bciu do Unii, to ma do\u0142\u0105czy\u0107 do unijnych sankcji. Dodajmy, \u017ce niedawno r\u00f3wnie\u017c Parlament Europejski wezwa\u0142 Serbi\u0119 do pilnego przy\u0142\u0105czenia si\u0119 do sankcji. Serbia znajduje si\u0119 pod tym wzgl\u0119dem pod presj\u0105 UE.<\/p>\r\n<p>Unian \/ Tass \/ PAP \/ Kresy.pl<\/p>\r\n<p class=\"zrodlo\">Ca\u0142o\u015b\u0107: <a href=\"https:\/\/kresy.pl\/wydarzenia\/vucic-caly-zachod-walczy-z-rosja-za-pomoca-ukraincow\/\">Kresy.pl (14 lipca 2022)<\/a><\/p>\r\n<h4>&nbsp;<\/h4>\r\n<hr style=\"background-color: #000000; border-width: 0; color: #000000; height: 2px; line-height: 0; text-align: center; width: 100%;\">\r\n<h4>&nbsp;<\/h4>","protected":false},"excerpt":{"rendered":"Zdaniem serbskiego prezydenta, Aleksandara Vu\u010dicia, na Ukrainie mamy do czynienia z \u201ewojn\u0105 niemal \u015bwiatow\u0105\u201d, co ma wp\u0142yw r\u00f3wnie\u017c na to, co dzieje si\u0119 na Ba\u0142kanach. W wywiadzie telewizyjnym prezydent Serbii, Aleksandar Vu\u010di\u0107 powiedzia\u0142, \u017ce w jego ocenie nie mo\u017cna okre\u015bla\u0107 wojny rosyjsko-ukrai\u0144skiej mianem konfliktu regionalnego. Uzasadnia\u0142 to wielk\u0105 skal\u0105 zaanga\u017cowania pa\u0144stw zachodnich. Jego zdaniem ca\u0142y [&hellip;]","protected":false},"author":1,"featured_media":0,"comment_status":"closed","ping_status":"closed","sticky":false,"template":"","format":"standard","meta":{"_acf_changed":false,"_monsterinsights_skip_tracking":false,"_monsterinsights_sitenote_active":false,"_monsterinsights_sitenote_note":"","_monsterinsights_sitenote_category":0,"ngg_post_thumbnail":0,"footnotes":"","_wp_rev_ctl_limit":""},"categories":[13,6],"tags":[84,285,20,167,221],"acf":[],"_links":{"self":[{"href":"https:\/\/www.bibula.com\/index.php?rest_route=\/wp\/v2\/posts\/135171"}],"collection":[{"href":"https:\/\/www.bibula.com\/index.php?rest_route=\/wp\/v2\/posts"}],"about":[{"href":"https:\/\/www.bibula.com\/index.php?rest_route=\/wp\/v2\/types\/post"}],"author":[{"embeddable":true,"href":"https:\/\/www.bibula.com\/index.php?rest_route=\/wp\/v2\/users\/1"}],"replies":[{"embeddable":true,"href":"https:\/\/www.bibula.com\/index.php?rest_route=%2Fwp%2Fv2%2Fcomments&post=135171"}],"version-history":[{"count":3,"href":"https:\/\/www.bibula.com\/index.php?rest_route=\/wp\/v2\/posts\/135171\/revisions"}],"predecessor-version":[{"id":135176,"href":"https:\/\/www.bibula.com\/index.php?rest_route=\/wp\/v2\/posts\/135171\/revisions\/135176"}],"wp:attachment":[{"href":"https:\/\/www.bibula.com\/index.php?rest_route=%2Fwp%2Fv2%2Fmedia&parent=135171"}],"wp:term":[{"taxonomy":"category","embeddable":true,"href":"https:\/\/www.bibula.com\/index.php?rest_route=%2Fwp%2Fv2%2Fcategories&post=135171"},{"taxonomy":"post_tag","embeddable":true,"href":"https:\/\/www.bibula.com\/index.php?rest_route=%2Fwp%2Fv2%2Ftags&post=135171"}],"curies":[{"name":"wp","href":"https:\/\/api.w.org\/{rel}","templated":true}]}}