{"id":135066,"date":"2022-07-05T21:21:53","date_gmt":"2022-07-06T01:21:53","guid":{"rendered":"https:\/\/www.bibula.com\/?p=135066"},"modified":"2022-07-05T21:22:20","modified_gmt":"2022-07-06T01:22:20","slug":"franciszek-walczy-dalej-biskup-ryszard-williamson","status":"publish","type":"post","link":"https:\/\/www.bibula.com\/?p=135066","title":{"rendered":"Franciszek walczy dalej &#8211; <em>Biskup Ryszard Williamson<\/em>"},"content":{"rendered":"<p class=\"has-drop-cap\">Poni\u017cej przedstawiono streszczenie opublikowanego niedawno artyku\u0142u francuskiego dziennikarza Jana-Marii Gu\u00e9nois z paryskiego Le Figaro. Przedstawia on przekonywuj\u0105cy obraz potwierdzaj\u0105cy to, \u017ce Franciszek bynajmniej nie zmienia swojego kursu.<\/p>\r\n<p>&nbsp;<\/p>\r\n<p style=\"padding-left: 40px;\"><em>W Rzymie panuje zamieszanie. Stolica Apostolska \u017cyje w atmosferze wysokiego napi\u0119cia, co kontrastuje z prezentowanym \u015bwiatu wizerunkiem pozytywnego nastroju. Kuria Rzymska, kt\u00f3rej niegdy\u015b si\u0119 obawiano, jest przez Franciszka regularnie ignorowana. W 2013 roku Franciszek rozpocz\u0105\u0142 szeroko zakrojon\u0105 reform\u0119 Kurii, kt\u00f3ra zacznie obowi\u0105zywa\u0107 w Zielone \u015awi\u0105tki tego roku, kiedy to wejdzie w \u017cycie nowa konstytucja apostolska Praedicate Evangelium.<\/em><\/p>\r\n<p style=\"padding-left: 40px;\"><em>Najwa\u017cniejsza zmiana polega na tym, \u017ce wszystkie urz\u0119dy Kurii Rzymskiej zostaj\u0105 zr\u00f3wnane. Oznacza to zniesienie hierarchii w watyka\u0144skich ministerstwach. Wszyscy s\u0105 uwa\u017cani za r\u00f3wnych. Kongregacja Nauki Wiary, kt\u00f3ra by\u0142a dotychczas najwy\u017cszym pod wzgl\u0119dem rangi i znaczenia urz\u0119dem, zostaje zdegradowana na miejsce za dykasteri\u0105 ds. ewangelizacji, a tu\u017c przed now\u0105 dykasteri\u0105 zajmuj\u0105c\u0105 si\u0119 dzia\u0142alno\u015bci\u0105 charytatywn\u0105 i humanitarn\u0105. Oto nowy duch papie\u017ca: zanim zacznie si\u0119 m\u00f3wi\u0107 o doktrynie, Ko\u015bci\u00f3\u0142 musi by\u0107 \u201epastoralny\u201d \u2013 jak pasterz troszcz\u0105cy si\u0119 o swoj\u0105 trzod\u0119, a nie jak nauczyciel cn\u00f3t koryguj\u0105cy swoich uczni\u00f3w. <\/em><\/p>\r\n<p style=\"padding-left: 40px;\"><em>Innym kluczowym punktem, narzuconym przez papie\u017ca, jest to, \u017ce osoba \u015bwiecka, m\u0119\u017cczyzna lub kobieta, mo\u017ce teraz kierowa\u0107 watyka\u0144skimi urz\u0119dami. Wcze\u015bniej stanowisko to by\u0142o zarezerwowane dla biskup\u00f3w i kardyna\u0142\u00f3w z fundamentalnych powod\u00f3w teologicznych, zwi\u0105zanych z sam\u0105 konstrukcj\u0105 Ko\u015bcio\u0142a katolickiego. Nowa Konstytucja Apostolska promuje r\u00f3wnie\u017c decentralizacj\u0119. Watykan pozostaje Watykanem, ale jest na us\u0142ugach Konferencji Episkopat\u00f3w, czyli krajowych struktur Ko\u015bcio\u0142a na \u015bwiecie, i nie stoi ju\u017c ponad nimi. Z wyj\u0105tkiem kwestii dotycz\u0105cych \u201edoktryny, dyscypliny lub wsp\u00f3lnoty Ko\u015bcio\u0142a\u201d, Konferencje Episkopat\u00f3w b\u0119d\u0105 mog\u0142y decydowa\u0107 o sprawach lokalnych bez odwo\u0142ywania si\u0119 do Rzymu.<\/em><\/p>\r\n<p style=\"padding-left: 40px;\"><em>Franciszek podsumowuje swoj\u0105 reform\u0119 has\u0142em \u201educh synodalny\u201d. Jest to duch \u201edemokratyczny\u201d i \u201ekolektywny\u201d, zainspirowany zarz\u0105dzaniem Ko\u015bcio\u0142em prawos\u0142awnym i protestanckim. Franciszek chce zaszczepi\u0107 tego ducha na wszystkich szczeblach Ko\u015bcio\u0142a katolickiego. W tym celu zosta\u0142 zainicjowany specjalny synod o \u201esynodalno\u015bci\u201d, kt\u00f3ry odb\u0119dzie si\u0119 we wszystkich diecezjach w 2022 roku. Franciszek mianowa\u0142 arcybiskupa Luksemburga, Jean-Claude\u2019a Hollericha, na kluczowe stanowisko sprawozdawcy kolejnego rzymskiego synodu na temat \u201esynodalno\u015bci\u201d. Hollerich, jezuita, wielokrotnie wypowiada\u0142 si\u0119 za zmian\u0105 dyskursu Ko\u015bcio\u0142a na temat homoseksualizmu, stwierdzaj\u0105c, \u017ce \u201d stanowisko Ko\u015bcio\u0142a w sprawie grzeszno\u015bci zwi\u0105zk\u00f3w homoseksualnych jest b\u0142\u0119dne\u201d.<\/em><\/p>\r\n<p style=\"padding-left: 40px;\"><em>Papie\u017c zwierzy\u0142 si\u0119 s\u0142owackim jezuitom na spotkaniu w Bratys\u0142awie, \u017ce \u201ecierpi\u201d widz\u0105c \u201eideologi\u0119 cofania si\u0119\u201d w Ko\u015bciele. To w\u0142a\u015bnie walka z t\u0105 \u201eideologi\u0105 cofania si\u0119\u201d by\u0142a motywem jego decyzji o po\u0142o\u017ceniu kresu wsp\u00f3lnotom odprawiaj\u0105cym wed\u0142ug rytu trydenckiego. \u201eB\u0119d\u0119 nadal post\u0119powa\u0142 w ten spos\u00f3b\u201d \u2013 powiedzia\u0142 jezuitom, zwracaj\u0105c si\u0119 przeciwko m\u0142odym ksi\u0119\u017com, kt\u00f3rzy \u201ezaraz po otrzymaniu \u015bwi\u0119ce\u0144\u201d prosz\u0105 biskupa o pozwolenie \u201ena odprawianie liturgii w j\u0119zyku \u0142aci\u0144skim\u201d. Trzeba ich zmusi\u0107 do \u201ezej\u015bcia na ziemi\u0119\u201d.<\/em><\/p>\r\n<p style=\"padding-left: 40px;\"><em>W Rzymie zaczynaj\u0105 ju\u017c kr\u0105\u017cy\u0107 listy papabili. S\u0105 to tylko spekulacje. Nigdy jeszcze nie przyczyni\u0142y si\u0119 do wyboru papie\u017ca. Jedna rzecz jest jednak pewna. Wraz z nast\u0119pn\u0105 parti\u0105 kardyna\u0142\u00f3w, kt\u00f3rych wkr\u00f3tce mianuje Franciszek, dwie trzecie kardyna\u0142\u00f3w na nast\u0119pnym konklawe b\u0119dzie pochodzi\u0107 z jego nominacji. Taka wi\u0119kszo\u015b\u0107 jest potrzebna do wyboru papie\u017ca. Franciszek kontroluje wszystko, a\u017c do ostatniego szczeg\u00f3\u0142u.<\/em><\/p>\r\n<p>Kyrie eleison<\/p>\r\n<p><strong><em>+Biskup Ryszard Williamson<\/em><\/strong><\/p>\r\n<p>&nbsp;<\/p>\r\n<p>Komentarz Eleison nr DCCLXXXI (781)<\/p>\r\n<p>2 lipca 2022<\/p>","protected":false},"excerpt":{"rendered":"Poni\u017cej przedstawiono streszczenie opublikowanego niedawno artyku\u0142u francuskiego dziennikarza Jana-Marii Gu\u00e9nois z paryskiego Le Figaro. Przedstawia on przekonywuj\u0105cy obraz potwierdzaj\u0105cy to, \u017ce Franciszek bynajmniej nie zmienia swojego kursu. &nbsp; W Rzymie panuje zamieszanie. Stolica Apostolska \u017cyje w atmosferze wysokiego napi\u0119cia, co kontrastuje z prezentowanym \u015bwiatu wizerunkiem pozytywnego nastroju. Kuria Rzymska, kt\u00f3rej niegdy\u015b si\u0119 obawiano, jest przez [&hellip;]","protected":false},"author":1,"featured_media":0,"comment_status":"closed","ping_status":"closed","sticky":false,"template":"","format":"standard","meta":{"_acf_changed":false,"_monsterinsights_skip_tracking":false,"ngg_post_thumbnail":0,"footnotes":"","_wp_rev_ctl_limit":""},"categories":[13,3],"tags":[293,301,41,33],"acf":[],"_links":{"self":[{"href":"https:\/\/www.bibula.com\/index.php?rest_route=\/wp\/v2\/posts\/135066"}],"collection":[{"href":"https:\/\/www.bibula.com\/index.php?rest_route=\/wp\/v2\/posts"}],"about":[{"href":"https:\/\/www.bibula.com\/index.php?rest_route=\/wp\/v2\/types\/post"}],"author":[{"embeddable":true,"href":"https:\/\/www.bibula.com\/index.php?rest_route=\/wp\/v2\/users\/1"}],"replies":[{"embeddable":true,"href":"https:\/\/www.bibula.com\/index.php?rest_route=%2Fwp%2Fv2%2Fcomments&post=135066"}],"version-history":[{"count":3,"href":"https:\/\/www.bibula.com\/index.php?rest_route=\/wp\/v2\/posts\/135066\/revisions"}],"predecessor-version":[{"id":135077,"href":"https:\/\/www.bibula.com\/index.php?rest_route=\/wp\/v2\/posts\/135066\/revisions\/135077"}],"wp:attachment":[{"href":"https:\/\/www.bibula.com\/index.php?rest_route=%2Fwp%2Fv2%2Fmedia&parent=135066"}],"wp:term":[{"taxonomy":"category","embeddable":true,"href":"https:\/\/www.bibula.com\/index.php?rest_route=%2Fwp%2Fv2%2Fcategories&post=135066"},{"taxonomy":"post_tag","embeddable":true,"href":"https:\/\/www.bibula.com\/index.php?rest_route=%2Fwp%2Fv2%2Ftags&post=135066"}],"curies":[{"name":"wp","href":"https:\/\/api.w.org\/{rel}","templated":true}]}}