{"id":13466,"date":"2009-08-29T12:19:07","date_gmt":"2009-08-29T17:19:07","guid":{"rendered":"http:\/\/www.bibula.com\/?p=13466"},"modified":"2009-08-29T12:19:07","modified_gmt":"2009-08-29T17:19:07","slug":"stambul-oznakowano-domy-chrzescijan","status":"publish","type":"post","link":"https:\/\/www.bibula.com\/?p=13466","title":{"rendered":"Stambu\u0142: oznakowano domy chrze\u015bcijan"},"content":{"rendered":"<p><strong>W kilku dzielnicach Stambu\u0142u domy zamieszkane przez chrze\u015bcijan zosta\u0142y oznakowane zielonymi plakietkami. Mieszka\u0144cy s\u0105 zaniepokojeni &#8211; tak oznaczano domy chrze\u015bcijan przed tureckim pogromem w 1955 roku.<\/strong><\/p>\r\n\r\n<p>&#8211; Kto dokona\u0142 tego oznakowania? &#8211; pyta pos\u0142anka z Konstantynopola, Sebahat Tuncel. Wezwa\u0142a ona ministerstwo spraw wewn\u0119trznych, by wyda\u0142o o\u015bwiadczenie w tej sprawie. Pos\u0142anka chce wiedzie\u0107, czy nakaz oznaczenia wyda\u0142a policja. Na pytanie ma odpowiedzie\u0107 minister Besir Atalay.<\/p>\r\n\r\n<p>Do tej pory nie przedstawi\u0142 on jednak stanowiska. Pos\u0142anka Tuncel, wnosz\u0105c zapytanie, przypomnia\u0142a, \u017ce oznakowanie dom\u00f3w zbiega si\u0119 w czasie ze skarg\u0105 chrze\u015bcijan ze Stambu\u0142u na powtarzaj\u0105ce si\u0119 wobec nich szykany.<\/p>\r\n\r\n<p>Zielone i czerwone plakietki zauwa\u017cyli na niekt\u00f3rych domach mieszka\u0144cy tradycyjnie chrze\u015bcija\u0144skich dzielnic Ferik\u00f6y i Kurtulus. Tu chrze\u015bcijanie s\u0105 g\u0142\u00f3wnie pochodzenia arme\u0144skiego i greckiego. O sprawie napisa\u0142 jako pierwszy arme\u0144ski dziennik. Po interwencji pos\u0142anki Tuncel tak\u017ce austriacki dziennik \u201eDer Standard\u201d poinformowa\u0142 o znakowaniu posiad\u0142o\u015bci chrze\u015bciajn w Turcji.<\/p>\r\n\r\n<p>W\u015br\u00f3d starszych mieszka\u0144c\u00f3w Stambu\u0142u oznakowanie przywo\u0142uje jednoznaczne skojarzenia. W ten sam spos\u00f3b dzia\u0142acze nacjonalistyczni oznakowali domy i sklepy nale\u017c\u0105ce do chrze\u015bcijan przed pogromem we wrze\u015bniu 1955 roku.<\/p>\r\n\r\n<p>AJ\/Derstandard.at\/KAI<\/p>","protected":false},"excerpt":{"rendered":"W kilku dzielnicach Stambu\u0142u domy zamieszkane przez chrze\u015bcijan zosta\u0142y oznakowane zielonymi plakietkami. Mieszka\u0144cy s\u0105 zaniepokojeni &#8211; tak oznaczano domy chrze\u015bcijan przed tureckim pogromem w 1955 roku. &#8211; Kto dokona\u0142 tego oznakowania? &#8211; pyta pos\u0142anka z Konstantynopola, Sebahat Tuncel. Wezwa\u0142a ona ministerstwo spraw wewn\u0119trznych, by wyda\u0142o o\u015bwiadczenie w tej sprawie. Pos\u0142anka chce wiedzie\u0107, czy nakaz oznaczenia [&hellip;]","protected":false},"author":1,"featured_media":0,"comment_status":"closed","ping_status":"closed","sticky":false,"template":"","format":"standard","meta":{"_acf_changed":false,"_monsterinsights_skip_tracking":false,"_monsterinsights_sitenote_active":false,"_monsterinsights_sitenote_note":"","_monsterinsights_sitenote_category":0,"ngg_post_thumbnail":0,"footnotes":"","_wp_rev_ctl_limit":""},"categories":[6],"tags":[100,70],"acf":[],"_links":{"self":[{"href":"https:\/\/www.bibula.com\/index.php?rest_route=\/wp\/v2\/posts\/13466"}],"collection":[{"href":"https:\/\/www.bibula.com\/index.php?rest_route=\/wp\/v2\/posts"}],"about":[{"href":"https:\/\/www.bibula.com\/index.php?rest_route=\/wp\/v2\/types\/post"}],"author":[{"embeddable":true,"href":"https:\/\/www.bibula.com\/index.php?rest_route=\/wp\/v2\/users\/1"}],"replies":[{"embeddable":true,"href":"https:\/\/www.bibula.com\/index.php?rest_route=%2Fwp%2Fv2%2Fcomments&post=13466"}],"version-history":[{"count":0,"href":"https:\/\/www.bibula.com\/index.php?rest_route=\/wp\/v2\/posts\/13466\/revisions"}],"wp:attachment":[{"href":"https:\/\/www.bibula.com\/index.php?rest_route=%2Fwp%2Fv2%2Fmedia&parent=13466"}],"wp:term":[{"taxonomy":"category","embeddable":true,"href":"https:\/\/www.bibula.com\/index.php?rest_route=%2Fwp%2Fv2%2Fcategories&post=13466"},{"taxonomy":"post_tag","embeddable":true,"href":"https:\/\/www.bibula.com\/index.php?rest_route=%2Fwp%2Fv2%2Ftags&post=13466"}],"curies":[{"name":"wp","href":"https:\/\/api.w.org\/{rel}","templated":true}]}}