{"id":134505,"date":"2022-06-08T13:18:42","date_gmt":"2022-06-08T17:18:42","guid":{"rendered":"https:\/\/www.bibula.com\/?p=134505"},"modified":"2022-06-08T13:18:42","modified_gmt":"2022-06-08T17:18:42","slug":"banderowski-eksperyment-sylwia-gorlicka","status":"publish","type":"post","link":"https:\/\/www.bibula.com\/?p=134505","title":{"rendered":"Banderowski eksperyment &#8211; <em>Sylwia Gorlicka<\/em>"},"content":{"rendered":"<div class=\"p_underline\">\r\n<p class=\"has-drop-cap\">Niemal ka\u017cda osoba, kt\u00f3ra wspomina o tym, \u017ce stosunkowo spora cz\u0119\u015b\u0107 migrant\u00f3w z Ukrainy ma pogl\u0105dy ideowo neobanderowskie, skazana jest na oskar\u017cenie o dzia\u0142alno\u015b\u0107 agenturaln\u0105 na rzecz Rosji. Ponadto w mediach g\u0142\u00f3wnego nurtu \u2013 je\u015bli w og\u00f3le wspomina si\u0119 o tej kwestii \u2013 ocenia si\u0119 j\u0105 jako marginaln\u0105. Tymczasem ok. 700 tys. dzieci ukrai\u0144skich zostanie uwzgl\u0119dnionych w ramach programu 500+, cho\u0107 ich rodzice nie sk\u0142adali si\u0119 na ow\u0105 pomoc socjaln\u0105. Dzieci w wieku szkolnym cz\u0119sto decyduj\u0105 si\u0119 na ucz\u0119szczanie do polskich szk\u00f3\u0142, a tam wchodz\u0105 w interakcj\u0119 z polsk\u0105 m\u0142odzie\u017c\u0105.<\/p>\r\n<p>&nbsp;<\/p>\r\n<h4>Mody, trendy<\/h4>\r\n<p>M\u0142odzi ludzie z regu\u0142y podatni s\u0105 na podchwycanie bie\u017c\u0105cych trend\u00f3w i m\u00f3d. Szybko dostrzegaj\u0105 najdrobniejsze zmiany, afirmuj\u0105 idee prezentowane w dyskursie spo\u0142ecznym czy mediach w spos\u00f3b niemal bezkrytyczny. Zazwyczaj pragn\u0105 na\u015bladowa\u0107 osoby ukazywane jako dominuj\u0105ce, wa\u017cne, cechuj\u0105ce si\u0119 zdolno\u015bciami przyw\u00f3dczymi. Atrakcyjno\u015b\u0107 fizyczna takiego bohatera r\u00f3wnie\u017c korzystnie wygl\u0105da w zestawieniu z odpowiednimi \u201ecnotami\u201d. M\u0142odzie\u017c polska charakteryzuje si\u0119 r\u00f3wnie niewielk\u0105 wiedz\u0105 historyczn\u0105, co m\u0142odzie\u017c ukrai\u0144ska, lecz nad przyczynami tego przykrego zjawiska nie b\u0119d\u0119 si\u0119 rozwodzi\u0142a w niniejszym artykule. Zas\u0142uguje owa kwestia na odr\u0119bny tekst.<\/p>\r\n<p>Wiedza historyczna u m\u0142odzie\u017cy jest fragmentaryczna, rozproszona, niepoklasyfikowana, zazwyczaj ze s\u0142ab\u0105 znajomo\u015bci\u0105 geografii, a nawet wizerunk\u00f3w postaci historycznych. Przy narzuceniu odpowiedniej cenzury na wybrane tematy kszta\u0142tuje si\u0119 u tych ludzi konkretna mentalno\u015b\u0107, ile\u017c powierzchowna \u2013 tyle\u017c szkodliwa dla ich przysz\u0142ego, doros\u0142ego \u017cycia.<\/p>\r\n<p>&nbsp;<\/p>\r\n<h4>Ukrai\u0144ska \u017carliwo\u015b\u0107<\/h4>\r\n<p>Dzieci ukrai\u0144skie r\u00f3\u017cni\u0105 si\u0119 od dzieci polskich tym, i\u017c w wi\u0119kszo\u015bci s\u0105 one programowane na czczenie i celebrowanie konkretnych bohater\u00f3w, za\u015b nacjonalizm ukrai\u0144ski jest dowarto\u015bciowywany jeszcze zewn\u0119trznie (zasadniczo przez USA). Jak za oceanem prezydent <strong>Joe Biden<\/strong> surowo krytykuje przejawy \u201ebia\u0142ej supremacji\u201d, tak za wschodni\u0105 polsk\u0105 granic\u0105 podobne zjawiska s\u0105 jak najbardziej podtrzymywane. M\u0142odzie\u017c ukrai\u0144ska sw\u0105 \u017carliwo\u015bci\u0105 w ho\u0142ubieniu m.in. <strong>Stepana Bandery<\/strong> obdziela swoich polskich koleg\u00f3w, kt\u00f3rzy nie maj\u0105 dookre\u015blonych w umys\u0142ach w istocie \u017cadnych autorytet\u00f3w historycznych. Przy akompaniamencie muzyki, odpowiednio lansowanych ukrai\u0144skich, modnych aktualnie nad Dnieprem tw\u00f3rc\u00f3w, znacz\u0105co oddzia\u0142uje na polskich uczni\u00f3w. Rezultaty takiego \u201esynkretyzmu\u201d kulturowo-historycznego mo\u017cemy obserwowa\u0107 ju\u017c w polskich szko\u0142ach. M.in. w jednej z nich m\u0142odzie\u017c weso\u0142o po wypowiedzeniu ch\u00f3ralnie banderowskiego pozdrowienia, od\u015bpiewa\u0142a <em>Ba\u0107ko nasz Bandera<\/em><a href=\"https:\/\/myslpolska.info\/2022\/06\/07\/gorlicka-banderowski-eksperyment\/#_edn1\" name=\"_ednref1\">[1]<\/a>. Tego typu zachowania nale\u017cy t\u0142umaczy\u0107 powszechno\u015bci\u0105 udost\u0119pniania nagra\u0144 pochodz\u0105cych z Ukrainy na platformach spo\u0142eczno\u015bciowych typu TikTok, niezwykle popularnych w\u015br\u00f3d m\u0142odzie\u017cy, a zatem i ch\u0119tnie przez ni\u0105 na\u015bladowanych. Na\u015bladowanie lansowanych w naszym kraju bohater\u00f3w pierwszego planu w postaci prezydenta Ukrainy ale przede wszystkim cz\u0142onk\u00f3w Prawego Sektora, pu\u0142ku \u201eAzow\u201d by\u0142o w rzeczywisto\u015bci jedynie kwesti\u0105 czasu.<\/p>\r\n<p>Nale\u017cy przy tej okazji dostrzec, i\u017c w\u015br\u00f3d m\u0142odych Ukrai\u0144c\u00f3w gdy zapytamy si\u0119 o ukrai\u0144skich bohater\u00f3w, ka\u017cdorazowo albo pojawia si\u0119 jaka\u015b radziecka posta\u0107 (zatem nieuznawana za Ukrai\u0144ca) albo w\u0142a\u015bnie Stepan Bandera. Jednocze\u015bnie zag\u0142usza si\u0119 wszelkie inicjatywy tzw. stowarzysze\u0144 \u201ekresowych\u201d, pr\u00f3buj\u0105cych walczy\u0107 o pami\u0119\u0107 Polak\u00f3w pomordowanych na Wo\u0142yniu przez banderowc\u00f3w. Osobi\u015bcie sama jestem przeciwniczk\u0105 wytaczania jakichkolwiek roszcze\u0144 terytorialnych wobec Ukrainy, unikam u\u017cywania okre\u015blenia \u201ekresy\u201d, aby nie tworzy\u0107 k\u0142opotliwych sytuacji z ukrai\u0144skimi rozm\u00f3wcami. Jednak\u017ce trudno mi zaakceptowa\u0107 w\u0142a\u015bciwie banderyzacj\u0119 polskiej m\u0142odzie\u017cy, implementowanie jej radykalnej rusofobii, odrzucania wr\u0119cz wszystkiego co rosyjskie (w\u0142\u0105cznie z kultur\u0105 wysok\u0105, kt\u00f3rej znajomo\u015b\u0107 jest fundamentem wykszta\u0142cenia Europejczyka) i wr\u0119cz \u201ewdrukowywanie\u201d zachowa\u0144 maj\u0105cych na celu czczenie ideologii, kt\u00f3r\u0105 kierowali si\u0119 nasi oprawcy.<\/p>\r\n<p>&nbsp;<\/p>\r\n<h4>Ukrai\u0144skie \u017cony i matki<\/h4>\r\n<p>Inn\u0105 kwesti\u0105 jest tak\u017ce fakt, i\u017c coraz cz\u0119\u015bciej polscy m\u0119\u017cczy\u017ani wybieraj\u0105 sobie na \u017cony Ukrainki. Istniej\u0105 i dobrze prosperuj\u0105 nawet grupki na Facebooku typu \u201eUkrainka dla Polaka\u201d etc. Nale\u017cy u\u015bwiadomi\u0107 sobie, \u017ce za kszta\u0142towanie si\u0119 dziecka wi\u0119ksz\u0105 odpowiedzialno\u015b\u0107 ponosi matka, bowiem sp\u0119dza z potomstwem wi\u0119cej czasu ni\u017c ojciec. Etniczno\u015b\u0107 i poczucie przynale\u017cno\u015bci narodowej jest w istocie (w du\u017cym uproszczeniu) wypadkow\u0105 wychowania w domu i \u015brodowiska, w kt\u00f3rym si\u0119 dorasta. M\u00f3wi\u0105ca po ukrai\u0144sku matka, nawet je\u015bli wyjdzie za m\u0105\u017c za Polaka, najpewniej wychowa ma\u0142ego Ukrai\u0144ca. I nie by\u0142by to \u017caden zarzut, ani nie podlega\u0142o by to \u017cadnemu warto\u015bciowaniu, o ile nar\u00f3d ukrai\u0144ski (wci\u0105\u017c konstruowany) nie by\u0142by przesi\u0105kni\u0119ty ideologi\u0105 neobanderowsk\u0105 wr\u0119cz z woli pa\u0144stwa ukrai\u0144skiego. Rezultaty zderzenia silnego nacjonalizmu ukrai\u0144skiego, podsycanego rusofobi\u0105, ugruntowan\u0105 za pomoc\u0105 tragicznych wydarze\u0144 wojennych oraz przekazem w modnych mediach z polsk\u0105 (wyj\u015bciowo oboj\u0119tn\u0105 ideologicznie) mo\u017cna ju\u017c ogl\u0105da\u0107 na w\u0142asne oczy. Nale\u017cy jedynie \u017cywi\u0107 nadziej\u0119, \u017ce nie b\u0119dziemy musieli przekonywa\u0107 si\u0119 o niej na w\u0142asnej sk\u00f3rze.<\/p>\r\n<p>Wyciszanie zatem tematu tragedii ludno\u015bci polskiej na Wo\u0142yniu, implementacja radykalnej, wr\u0119cz prymitywnej rusofobii i \u0142atwa dost\u0119pno\u015b\u0107 nagra\u0144 ukrai\u0144skich, przy eliminacji przekazu rosyjskiego uznanego <em>a priori<\/em> przez wi\u0119kszo\u015b\u0107 polskich dziennikarzy za bezwarto\u015bciow\u0105 papk\u0119 propagandow\u0105. To s\u0105 g\u0142\u00f3wne \u015brodki, za pomoc\u0105 kt\u00f3rych kreuje si\u0119 rodzaj Ukropolaka. \u0141atwo wpadaj\u0105ce w ucho utwory ukrai\u0144skie, prezentowane np. na YouTube (zaiste rytmiczne i chwytliwe w warstwie zar\u00f3wno melodycznej jak i tekstowej) oddzia\u0142uj\u0105 na polsk\u0105 m\u0142odzie\u017c. A czym skorupka za m\u0142odu \u2013 dzieci aby nie czu\u0107 si\u0119 odrzuconymi przez w\u0142asnych r\u00f3wie\u015bnik\u00f3w po prostu przyjmuj\u0105 dominuj\u0105ce trendy.<\/p>\r\n<p>&nbsp;<\/p>\r\n<h4>Kwestionowanie polsko\u015bci<\/h4>\r\n<p>Nale\u017cy zada\u0107 sobie pytanie o to czy to jest optymalna i odpowiednia droga dla Polak\u00f3w, czy chcemy \u0142o\u017cy\u0107 w\u0142asne pieni\u0105dze i czas na wychowanie naszych dzieci w duchu neobanderowskim? Mo\u017ce b\u0119dzie to wyj\u0105tkowa sytuacja dla historii naszego narodu, kiedy pragniemy na\u015bladowa\u0107 nie zachodniego a naszego wschodniego s\u0105siada pod wzgl\u0119dem kultury i polityki historycznej? Wszak ju\u017c pojawiaj\u0105 si\u0119 artyku\u0142y na popularnych portalach historycznych jak np. na portalu \u201eWielka Historia\u201d, udowadniaj\u0105ce, i\u017c Polacy w istocie nie s\u0105 Polakami<a href=\"https:\/\/myslpolska.info\/2022\/06\/07\/gorlicka-banderowski-eksperyment\/#_edn2\" name=\"_ednref2\">[2]<\/a>. O ile zgodz\u0119 si\u0119 z autorem tekstu, i\u017c polska szlachta i stosunki spo\u0142eczne w I RP nie sprzyja\u0142y kie\u0142kowaniu polskiego ruchu narodowego, o tyle dostrzegam rodzaj z\u0142ych intencji, zar\u00f3wno ze wzgl\u0119du na okoliczno\u015bci ukazania si\u0119 artyku\u0142u, jak i pierwszych jego zda\u0144, i\u017c gdy <em>\u201em\u00f3wimy o Niemcach, Francuzach czy Anglikach, mamy na my\u015bli wszystkich mieszka\u0144c\u00f3w owych pa\u0144stw, za\u015b z Polakami jest inaczej\u201d<\/em>. Problem zatem kszta\u0142towania si\u0119 mentalno\u015bci i to\u017csamo\u015bci naszego narodu zaczyna wchodzi\u0107 w faz\u0119 \u201emieszania si\u0119\u201d z obcym, w istocie stoj\u0105cym w poprzek naszej pami\u0119ci historycznej \u017cywio\u0142em. Pierwsze przejawy tego ju\u017c obserwujemy.<\/p>\r\n<p><strong><em>Sylwia Gorlicka<\/em><\/strong><\/p>\r\n<p><a href=\"https:\/\/myslpolska.info\/2022\/06\/07\/gorlicka-banderowski-eksperyment\/#_ednref1\" name=\"_edn1\">[1]<\/a> Do obejrzenia m.in. pod linkiem <em>Musisz to wiedzie\u0107 (1416) Chc\u0105 nas z powrotem zap\u0119dzi\u0107 na drzewo, mentalnie i ekonomicznie<\/em>, <a href=\"https:\/\/www.youtube.com\/watch?v=HfA2y2QjcLQ\">https:\/\/www.youtube.com\/watch?v=HfA2y2QjcLQ<\/a>, (20.05.2022), od 48 minuty programu.<\/p>\r\n<p><a href=\"https:\/\/myslpolska.info\/2022\/06\/07\/gorlicka-banderowski-eksperyment\/#_ednref2\" name=\"_edn2\">[2]<\/a> Janicki Kamil, <em>Niemal \u017caden mieszkaniec Polski nie jest z pochodzenia Polakiem. Ciebie te\u017c to dotyczy<\/em>, <a href=\"https:\/\/wielkahistoria.pl\/niemal-zaden-mieszkaniec-polski-nie-jest-z-pochodzenia-polakiem-ciebie-tez-to-dotyczy\/\">https:\/\/wielkahistoria.pl\/niemal-zaden-mieszkaniec-polski-nie-jest-z-pochodzenia-polakiem-ciebie-tez-to-dotyczy\/<\/a>, (20.05.2022).<\/p>\r\n<\/div>","protected":false},"excerpt":{"rendered":"Niemal ka\u017cda osoba, kt\u00f3ra wspomina o tym, \u017ce stosunkowo spora cz\u0119\u015b\u0107 migrant\u00f3w z Ukrainy ma pogl\u0105dy ideowo neobanderowskie, skazana jest na oskar\u017cenie o dzia\u0142alno\u015b\u0107 agenturaln\u0105 na rzecz Rosji. Ponadto w mediach g\u0142\u00f3wnego nurtu \u2013 je\u015bli w og\u00f3le wspomina si\u0119 o tej kwestii \u2013 ocenia si\u0119 j\u0105 jako marginaln\u0105. Tymczasem ok. 700 tys. dzieci ukrai\u0144skich zostanie [&hellip;]","protected":false},"author":1,"featured_media":0,"comment_status":"closed","ping_status":"closed","sticky":false,"template":"","format":"standard","meta":{"_acf_changed":false,"_monsterinsights_skip_tracking":false,"_monsterinsights_sitenote_active":false,"_monsterinsights_sitenote_note":"","_monsterinsights_sitenote_category":0,"ngg_post_thumbnail":0,"footnotes":"","_wp_rev_ctl_limit":""},"categories":[13],"tags":[65,29,167,17],"acf":[],"_links":{"self":[{"href":"https:\/\/www.bibula.com\/index.php?rest_route=\/wp\/v2\/posts\/134505"}],"collection":[{"href":"https:\/\/www.bibula.com\/index.php?rest_route=\/wp\/v2\/posts"}],"about":[{"href":"https:\/\/www.bibula.com\/index.php?rest_route=\/wp\/v2\/types\/post"}],"author":[{"embeddable":true,"href":"https:\/\/www.bibula.com\/index.php?rest_route=\/wp\/v2\/users\/1"}],"replies":[{"embeddable":true,"href":"https:\/\/www.bibula.com\/index.php?rest_route=%2Fwp%2Fv2%2Fcomments&post=134505"}],"version-history":[{"count":1,"href":"https:\/\/www.bibula.com\/index.php?rest_route=\/wp\/v2\/posts\/134505\/revisions"}],"predecessor-version":[{"id":134506,"href":"https:\/\/www.bibula.com\/index.php?rest_route=\/wp\/v2\/posts\/134505\/revisions\/134506"}],"wp:attachment":[{"href":"https:\/\/www.bibula.com\/index.php?rest_route=%2Fwp%2Fv2%2Fmedia&parent=134505"}],"wp:term":[{"taxonomy":"category","embeddable":true,"href":"https:\/\/www.bibula.com\/index.php?rest_route=%2Fwp%2Fv2%2Fcategories&post=134505"},{"taxonomy":"post_tag","embeddable":true,"href":"https:\/\/www.bibula.com\/index.php?rest_route=%2Fwp%2Fv2%2Ftags&post=134505"}],"curies":[{"name":"wp","href":"https:\/\/api.w.org\/{rel}","templated":true}]}}