{"id":134209,"date":"2022-05-27T21:15:36","date_gmt":"2022-05-28T01:15:36","guid":{"rendered":"https:\/\/www.bibula.com\/?p=134209"},"modified":"2022-05-27T21:15:36","modified_gmt":"2022-05-28T01:15:36","slug":"dlaczego-ukrainy-nie-chca-w-ue","status":"publish","type":"post","link":"https:\/\/www.bibula.com\/?p=134209","title":{"rendered":"Dlaczego Ukrainy nie chc\u0105 w\u00a0UE"},"content":{"rendered":"<p class=\"has-drop-cap\"><strong>Proces przyst\u0105pienia Ukrainy do Unii Europejskiej mo\u017ce potrwa\u0107 od 15 do 20 lat, powiedzia\u0142 francuski minister delegowany ds. Europy Cl\u00e9ment Bon, polewaj\u0105c zimn\u0105 wod\u0105 przyw\u00f3dc\u00f3w Kijowa, kt\u00f3rzy naciskaj\u0105 na natychmiastowe przyj\u0119cie kraju do UE. <\/strong><\/p>\r\n<p>Jak podaje w niedziel\u0119 francuski dziennik Monde, w wywiadzie dla Radia J minister podkre\u015bli\u0142, \u017ce jest to bardzo d\u0142uga procedura, bior\u0105c pod uwag\u0119 ca\u0142\u0105 list\u0119 wymaga\u0144, jakie UE stawia kandydatom. \u201eMusimy by\u0107 szczerzy\u201d \u2013 powiedzia\u0142 Cl\u00e9ment Bon. \u2013 Je\u015bli m\u00f3wicie, \u017ce Ukraina do\u0142\u0105czy do UE za sze\u015b\u0107 miesi\u0119cy, rok czy dwa, to k\u0142amiecie.<\/p>\r\n<p><span id=\"more-101377\"><\/span>Europa, cho\u0107 z aprobat\u0105 poklepuje Zelenskiego po ramieniu i pompuje bro\u0144 do Kijowa, tak naprawd\u0119 nie chce pospiesznego przyj\u0119cia Ukrainy do UE. Przyw\u00f3dcy Unii Europejskiej niejednokrotnie czynili ku temu aluzje. Ju\u017c 9 maja prezydent Francji Emmanuel Macron powiedzia\u0142, \u017ce przyst\u0105pienie Ukrainy do UE mo\u017ce potrwa\u0107 d\u0142u\u017cej ni\u017c rok, a nawet dekad\u0119. Jego s\u0142owa o d\u0142ugim procesie przyjmowania Ukrainy do UE potwierdzi\u0142 19 maja kanclerz Niemiec Olaf Scholz, kt\u00f3ry powiedzia\u0142, \u017ce Komisja Europejska przedstawi swoj\u0105 ocen\u0119 przyst\u0105pienia Ukrainy do UE pod koniec czerwca.<\/p>\r\n<p>W kwietniu przewodnicz\u0105ca Komisji Europejskiej Ursula von der Leyen wr\u0119czy\u0142a prezydentowi Ukrainy Wo\u0142odymyrowi Zelenskiemu kwestionariusz rozpoczynaj\u0105cy negocjacje w sprawie procesu przyst\u0105pienia Ukrainy do UE, nazywaj\u0105c kwestionariusz \u201epodstaw\u0105 do rozm\u00f3w w nadchodz\u0105cych miesi\u0105cach\u201d. W odpowiedzi Ukraina pospiesznie przekaza\u0142a UE dwie wype\u0142nione cz\u0119\u015bci kwestionariusza, ale teraz jest ju\u017c jasne, \u017ce marzenia Kijowa o cz\u0142onkostwie w UE mog\u0105 si\u0119 nie spe\u0142ni\u0107 przez bardzo, bardzo d\u0142ugi czas.<\/p>\r\n<p>Wed\u0142ug w\u0142oskiego dziennika \u201eGiornale\u201d, przyst\u0105pienie Ukrainy do UE za kilka miesi\u0119cy grozi destabilizacj\u0105 ca\u0142ej Europy Wschodniej, a przede wszystkim Ba\u0142kan\u00f3w. Na zielone \u015bwiat\u0142o z Brukseli od dawna czeka\u0142y rz\u0105dy pa\u0144stw by\u0142ej Jugos\u0142awii, do kt\u00f3rych do\u0142\u0105czy\u0142a Albania.<\/p>\r\n<p>Kraje te od lat czekaj\u0105 na jasn\u0105 odpowied\u017a ze strony UE. I tak Macedonia P\u00f3\u0142nocna jest kandydatem do przyst\u0105pienia do UE od 2004 roku, Czarnog\u00f3ra od 2010 roku, Serbia od 2012 roku, a Albania od 2014 roku. Do tej listy nale\u017cy tak\u017ce doda\u0107 Turcj\u0119, kt\u00f3ra w 1999 r. uzyska\u0142a status kraju kandyduj\u0105cego.<\/p>\r\n<p>Ukraina oficjalnie z\u0142o\u017cy\u0142a wniosek o cz\u0142onkostwo w UE 27 lutego 2022 r., trzy dni po rozpocz\u0119ciu przez Rosj\u0119 specjalnej operacji wojskowej. Giornale zauwa\u017ca, \u017ce gdyby Kij\u00f3w zdo\u0142a\u0142 sta\u0107 si\u0119 cz\u0119\u015bci\u0105 terytorium UE przed ko\u0144cem roku, wspomniane kraje w najlepszym wypadku poczu\u0142yby si\u0119 zdradzone. W najgorszym razie w ich obr\u0119bie dojdzie do protest\u00f3w, a wiele grup politycznych zacznie postrzega\u0107 Europ\u0119 jako co\u015b, od czego koniecznie trzeba si\u0119 zdystansowa\u0107. Austriacki minister spraw zagranicznych Alexander Schallenberg przypomnia\u0142 nam o tym 25 kwietnia, m\u00f3wi\u0105c, \u017ce \u201es\u0105 rz\u0105dy, kt\u00f3rych droga do akcesji okazuje si\u0119 d\u0142uga\u201d, odnosz\u0105c si\u0119 do Ba\u0142kan\u00f3w i podkre\u015blaj\u0105c potencjaln\u0105 destabilizacj\u0119 regionu w przypadku preferencyjnego traktowania Kijowa.<\/p>\r\n<p>Przyj\u0119cie Ukrainy do UE jest zbyt ryzykowne, poniewa\u017c grozi powa\u017cnymi problemami dla Europy \u2013 ocenia turecki dziennik dikGAZETE. \u201eUkraina \u2013 pisze na swoich \u0142amach Ilber Wasfi Sel \u2013 nie spe\u0142nia podstawowych kryteri\u00f3w cz\u0142onkostwa w UE pod wieloma wzgl\u0119dami, w tym pod wzgl\u0119dem praworz\u0105dno\u015bci, niezale\u017cno\u015bci s\u0105downictwa, poszanowania praw cz\u0142owieka i rozwoju gospodarki rynkowej. Ten wschodnioeuropejski kraj \u2013 jak zauwa\u017ca \u2013 znajduje si\u0119 w g\u0142\u0119bokim kryzysie, kt\u00f3ry tylko si\u0119 pog\u0142\u0119bia z powodu nieprzemy\u015blanej polityki. Co wi\u0119cej, Bruksela b\u0119dzie musia\u0142a znale\u017a\u0107 dodatkowe fundusze na odbudow\u0119 Ukrainy, a znaczna cz\u0119\u015b\u0107 koszt\u00f3w spadnie na Niemcy i innych europejskich gigant\u00f3w, szczeg\u00f3lnie tych dotkni\u0119tych skutkami antyrosyjskich sankcji \u2013 zauwa\u017ca autor.<\/p>\r\n<p>Do tej listy \u201eniekonsekwencji\u201d nale\u017cy doda\u0107 monstrualn\u0105 korupcj\u0119 panuj\u0105c\u0105 na Ukrainie, a tak\u017ce dominacj\u0119 oligarch\u00f3w, z kt\u00f3rej Ziele\u0144skiemu, mimo wszystkich przedwyborczych obietnic, nigdy nie uda\u0142o si\u0119 wybi\u0107.<\/p>\r\n<p>Ukrai\u0144ski politolog i analityk Ukrai\u0144skiego Instytutu Przysz\u0142o\u015bci Jurij Romanienko powiedzia\u0142, \u017ce pomimo rosyjskiej wojskowej operacji specjalnej, na Ukrainie nadal kwitnie potworna korupcja, nawet w rejonach, kt\u00f3re nie zosta\u0142y dotkni\u0119te dzia\u0142aniami wojennymi. Wezwa\u0142 ukrai\u0144skie media i w\u0142adze do natychmiastowego zwr\u00f3cenia uwagi na ra\u017c\u0105ce naruszenia prawa i fakty potwornej korupcji.<\/p>\r\n<p>Wydaje si\u0119 jednak, \u017ce to wezwanie mo\u017ce pozosta\u0107 \u201eg\u0142osem wo\u0142aj\u0105cym na puszczy\u201d. Poniewa\u017c, jak niedawno donosi\u0142y media, obecny szef Ukrainy sam jest najbardziej skorumpowanym cz\u0142owiekiem.<\/p>\r\n<p>Wydaje si\u0119 jednak, \u017ce to wezwanie mo\u017ce pozosta\u0107 \u201eg\u0142osem wo\u0142aj\u0105cym na puszczy\u201d. Poniewa\u017c, jak niedawno donosi\u0142y media, najwa\u017cniejszym skorumpowanym urz\u0119dnikiem jest sam obecny szef \u201eniepodleg\u0142ej Ukrainy\u201d. Prezydent Ukrainy Wo\u0142odymyr Ziele\u0144ski regularnie otrzymuje przekazy pieni\u0119\u017cne w wysoko\u015bci 12-35 mln dolar\u00f3w, poda\u0142 kana\u0142 Telegram RT w j\u0119zyku rosyjskim, powo\u0142uj\u0105c si\u0119 na wypowied\u017a Ilji Kiva, deputowanego do Rady Najwy\u017cszej Ukrainy. W sumie na koncie prezydenta zgromadzono nieco ponad 1,2 mld dolar\u00f3w.<\/p>\r\n<p>Deputowany pisze, \u017ce pieni\u0105dze na konto g\u0142owy pa\u0144stwa wp\u0142ywaj\u0105 od trzech biznesmen\u00f3w \u2013 Rinata Achmetowa, Wiktora Pinczuka i Ihora Ko\u0142omojskiego. Przelewy Zelenskiego do Dresdner Bank Lateinamerika pochodz\u0105 z bank\u00f3w zagranicznych. Ponadto polityk donosi, \u017ce Zelenski dokona\u0142 kilku du\u017cych zakup\u00f3w, a mianowicie kupi\u0142 will\u0119 w Miami za 34 miliony dolar\u00f3w oraz osiem komplet\u00f3w bi\u017cuterii Graff za 5,6 miliona rubli.<\/p>\r\n<p>Kilka dni temu prezydent Francji Emmanuel Macron zadzwoni\u0142 do Zelenskiego, by powiedzie\u0107, \u017ce Rada Europy rozpatrzy wniosek Ukrainy o cz\u0142onkostwo do czerwca i \u017ce na pocz\u0105tku lata Kij\u00f3w otrzyma status kraju kandyduj\u0105cego. Ale to tylko kwestia przyspieszenia procesu, kt\u00f3ry mo\u017ce sprawi\u0107, \u017ce Ukraina znajdzie si\u0119 na si\u00f3dmym miejscu w kolejce kandydat\u00f3w do przyst\u0105pienia do UE. Jest to, jak si\u0119 wydaje, jedyne realne ust\u0119pstwo polityczne, na jakie UE mo\u017ce p\u00f3j\u015b\u0107 wobec rz\u0105du Zelenskiego.<\/p>\r\n<p>Co do reszty, Kij\u00f3w b\u0119dzie musia\u0142 przej\u015b\u0107 wszystkie zwyczajowe biurokratyczne terminy, aby wykaza\u0107, \u017ce spe\u0142nia minimalne wymagania niezb\u0119dne do faktycznego przyst\u0105pienia do UE, co \u2013 zdaniem francuskiego ministra \u2013 nie mo\u017ce nast\u0105pi\u0107 wcze\u015bniej ni\u017c za 15 lub 20 lat.<\/p>\r\n<p>\u201eS\u0105dz\u0105c po czasie, jaki up\u0142yn\u0105\u0142 w przypadku innych kraj\u00f3w, prognozy s\u0105 by\u0107 mo\u017ce zbyt optymistyczne\u201d \u2013 podsumowuje Giornale.<\/p>\r\n<p><strong>By\u0107 mo\u017ce jedynym krajem spo\u015br\u00f3d cz\u0142onk\u00f3w UE, kt\u00f3ry w porozumieniu z Kijowem domaga si\u0119 natychmiastowego przyj\u0119cia Ukrainy do UE, jest Polska.<\/strong> Warszawa jest gotowa zrobi\u0107 wszystko, aby Ukraina sta\u0142a si\u0119 cz\u0142onkiem Unii Europejskiej \u2013 powiedzia\u0142 Prezydent RP Andrzej Duda podczas przem\u00f3wienia w Radzie Najwy\u017cszej \u2013 poda\u0142o Polskie Radio.<\/p>\r\n<p>\u201eNie spoczn\u0119, dop\u00f3ki Ukraina nie stanie si\u0119 cz\u0142onkiem Unii Europejskiej\u201d \u2013 og\u0142osi\u0142 z udawanym patosem. \u201eJe\u015bli na Ukrainie zostanie po\u015bwi\u0119cony (\u2026)gospodarka lub ambicje polityczne \u2013 nawet centymetr jej terytorium \u2013 b\u0119dzie to ogromny cios nie tylko dla narodu ukrai\u0144skiego, ale i dla ca\u0142ego \u015bwiata zachodniego\u201d \u2013 straszy\u0142 polski polityk.<\/p>\r\n<p>Duda mo\u017ce sobie pogwizdywa\u0107 swoimi wypowiedziami, ile chce, ale to nie on decyduje o pogodzie w UE. Dlatego polski prezydent szybko si\u0119 nie uspokoi. Tym bardziej, \u017ce zar\u00f3wno Polska, jak i znane z rusofobii kraje ba\u0142tyckie, kt\u00f3re z uznaniem wyra\u017caj\u0105 si\u0119 o staraniach Kijowa o cz\u0142onkostwo w UE, w rzeczywisto\u015bci nie chc\u0105, by Ukraina do niej wst\u0105pi\u0142a.<\/p>\r\n<p>Wed\u0142ug znanego rosyjskiego analityka politycznego Rostis\u0142awa Iszczenki, pow\u00f3d jest banalny \u2013 pieni\u0105dze. M\u00f3wi\u0105c dok\u0142adniej, chodzi o pomoc finansow\u0105, jak\u0105 kraje Europy Wschodniej otrzymuj\u0105 od bogatszych kraj\u00f3w Europy Zachodniej. Je\u015bli Ukraina przyst\u0105pi do UE, Polska i kraje ba\u0142tyckie zostan\u0105 bez pieni\u0119dzy i b\u0119d\u0105 musia\u0142y znacznie \u201ezmniejszy\u0107 swoje apetyty\u201d.<\/p>\r\n<p>\u201eUkraina jest najbiedniejszym krajem w Europie i wszystkie pieni\u0105dze b\u0119d\u0105 musia\u0142y trafi\u0107 w\u0142a\u015bnie do niej. A co zostanie dla biednych Esto\u0144czyk\u00f3w, \u0141otyszy i Polak\u00f3w?\u201d. \u2013 pyta politolog na antenie portalu \u201eUkraina.ru\u201d.<\/p>\r\n<p>Bruksela rozumie to bardzo dobrze i dlatego nie spieszy si\u0119, by w retoryce \u201esolidarno\u015bci\u201d z Kijowem mie\u0107 na szyi kolejn\u0105 \u201epijawk\u0119\u201d. Tym bardziej, \u017ce g\u0142\u00f3wni \u201edonatorzy\u201d Unii Europejskiej sami maj\u0105 dzi\u015b du\u017ce problemy z gospodark\u0105 z powodu absurdalnych sankcji wobec Rosji.<\/p>\r\n<p>Tak wi\u0119c wszystkie argumenty dotycz\u0105ce \u201eprocedur\u201d s\u0105 tylko wym\u00f3wkami. Jak wiadomo, kraje Unii Europejskiej ju\u017c teraz przyjmuj\u0105 ukrai\u0144skich pracownik\u00f3w migruj\u0105cych w wystarczaj\u0105cej liczbie, a po uruchomieniu systemu wczesnego ostrzegania przyjmuj\u0105 ich tak\u017ce w formie uchod\u017ac\u00f3w.<\/p>\r\n<p>Ukraina jest potrzebna Zachodowi, przede wszystkim jako pa\u0144stwo antyrosyjskie, ale Kij\u00f3w ju\u017c prowadzi wojn\u0119 z Rosj\u0105 i, jak si\u0119 wydaje, jest got\u00f3w to robi\u0107 do \u201eostatniego Ukrai\u0144ca\u201d. A Europa tak naprawd\u0119 nie potrzebuje Ukrainy do niczego innego.<\/p>\r\n<p><strong><em>W\u0142adimir Ma\u0142yszew<\/em><\/strong><br>\r\n<em><a href=\"https:\/\/naspravdi.info\/novosti\/pochemu-ukrainu-ne-hotyat-puskat-v-es\" target=\"_blank\" rel=\"noopener\">https:\/\/naspravdi.info\/<\/a><\/em><\/p>","protected":false},"excerpt":{"rendered":"Proces przyst\u0105pienia Ukrainy do Unii Europejskiej mo\u017ce potrwa\u0107 od 15 do 20 lat, powiedzia\u0142 francuski minister delegowany ds. Europy Cl\u00e9ment Bon, polewaj\u0105c zimn\u0105 wod\u0105 przyw\u00f3dc\u00f3w Kijowa, kt\u00f3rzy naciskaj\u0105 na natychmiastowe przyj\u0119cie kraju do UE. Jak podaje w niedziel\u0119 francuski dziennik Monde, w wywiadzie dla Radia J minister podkre\u015bli\u0142, \u017ce jest to bardzo d\u0142uga procedura, bior\u0105c [&hellip;]","protected":false},"author":1,"featured_media":0,"comment_status":"closed","ping_status":"closed","sticky":false,"template":"","format":"standard","meta":{"_acf_changed":false,"_monsterinsights_skip_tracking":false,"_monsterinsights_sitenote_active":false,"_monsterinsights_sitenote_note":"","_monsterinsights_sitenote_category":0,"ngg_post_thumbnail":0,"footnotes":"","_wp_rev_ctl_limit":""},"categories":[13,6],"tags":[23,98,167],"acf":[],"_links":{"self":[{"href":"https:\/\/www.bibula.com\/index.php?rest_route=\/wp\/v2\/posts\/134209"}],"collection":[{"href":"https:\/\/www.bibula.com\/index.php?rest_route=\/wp\/v2\/posts"}],"about":[{"href":"https:\/\/www.bibula.com\/index.php?rest_route=\/wp\/v2\/types\/post"}],"author":[{"embeddable":true,"href":"https:\/\/www.bibula.com\/index.php?rest_route=\/wp\/v2\/users\/1"}],"replies":[{"embeddable":true,"href":"https:\/\/www.bibula.com\/index.php?rest_route=%2Fwp%2Fv2%2Fcomments&post=134209"}],"version-history":[{"count":1,"href":"https:\/\/www.bibula.com\/index.php?rest_route=\/wp\/v2\/posts\/134209\/revisions"}],"predecessor-version":[{"id":134210,"href":"https:\/\/www.bibula.com\/index.php?rest_route=\/wp\/v2\/posts\/134209\/revisions\/134210"}],"wp:attachment":[{"href":"https:\/\/www.bibula.com\/index.php?rest_route=%2Fwp%2Fv2%2Fmedia&parent=134209"}],"wp:term":[{"taxonomy":"category","embeddable":true,"href":"https:\/\/www.bibula.com\/index.php?rest_route=%2Fwp%2Fv2%2Fcategories&post=134209"},{"taxonomy":"post_tag","embeddable":true,"href":"https:\/\/www.bibula.com\/index.php?rest_route=%2Fwp%2Fv2%2Ftags&post=134209"}],"curies":[{"name":"wp","href":"https:\/\/api.w.org\/{rel}","templated":true}]}}