{"id":134087,"date":"2022-05-19T12:47:52","date_gmt":"2022-05-19T16:47:52","guid":{"rendered":"https:\/\/www.bibula.com\/?p=134087"},"modified":"2022-05-19T12:47:52","modified_gmt":"2022-05-19T16:47:52","slug":"klarowny-vigano-biskup-ryszard-williamson","status":"publish","type":"post","link":"https:\/\/www.bibula.com\/?p=134087","title":{"rendered":"Klarowny Vigan\u00f2 &#8211; <em>Biskup Ryszard Williamson<\/em>"},"content":{"rendered":"<p class=\"has-drop-cap\">Oh, gdyby tylko Matka Ko\u015bci\u00f3\u0142 mia\u0142a wi\u0119cej takich hierarch\u00f3w jak Arcybiskup Vigan\u00f2! Swego czasu mia\u0142a ich wielu, jednak g\u0142\u0119bia i jasno\u015b\u0107 jego umys\u0142u oraz odwaga w wyznawaniu wiary sta\u0142y si\u0119 wyj\u0105tkowym i niespotykanym po\u0142\u0105czeniem w\u015br\u00f3d katolickich dostojnik\u00f3w, odk\u0105d na Soborze Watyka\u0144skim II (1962-1965) pozwolili oni, by zarazi\u0142o ich zepsute my\u015blenie wsp\u00f3\u0142czesnego \u015bwiata. Poni\u017cej znajduje si\u0119 streszczenie wywiadu, kt\u00f3rego w kwietniu tego roku Arcybiskup Vigan\u00f2 udzieli\u0142 w\u0142oskiemu kana\u0142owi telewizyjnemu Canale Italia. Angielskie t\u0142umaczenie ca\u0142ego wywiadu mo\u017cna znale\u017a\u0107 na stronie lifesitenews.com . Niech B\u00f3g ma w opiece LifeSite News!<\/p>\r\n<p style=\"padding-left: 40px;\"><em>Z pewno\u015bci\u0105. Abp Lefebvre by\u0142 jednym z niewielu, bardzo niewielu pra\u0142at\u00f3w, kt\u00f3rzy chcieli pot\u0119pi\u0107 rewolucj\u0119 soborow\u0105, rozumiej\u0105c jej wywrotow\u0105 natur\u0119. W\u015br\u00f3d tych, kt\u00f3rzy widzieli niebezpiecze\u0144stwo, prawie nikt nie wiedzia\u0142, jak je otwarcie pot\u0119pi\u0107. Dzi\u015b rozumiemy historyczn\u0105 zas\u0142ug\u0119 arcybiskupa Lefebvre\u2019a, kt\u00f3ry zbuntowa\u0142 si\u0119 przeciwko linii dyktowanej przez soborowe politbiuro i stworzy\u0142 warunki do powrotu Ko\u015bcio\u0142a do doktryny i Mszy \u015awi\u0119tej Wszechczas\u00f3w. Mamy do czynienia z globalnym zamachem stanu, kt\u00f3ry obejmuje zar\u00f3wno spo\u0142ecze\u0144stwo obywatelskie, jak i Ko\u015bci\u00f3\u0142. Oba te \u015brodowiska s\u0105 infiltrowane i kontrolowane przez osoby, kt\u00f3re wykorzystuj\u0105 swoj\u0105 w\u0142adz\u0119 i wynikaj\u0105cy z niej autorytet nie dla dobra instytucji, kt\u00f3rymi kieruj\u0105, ale po to, by je zniszczy\u0107. Ten kryzys autorytetu nale\u017cy pot\u0119pi\u0107, poniewa\u017c dzia\u0142anie tych, kt\u00f3rzy osi\u0105gn\u0119li najwy\u017csze szczeble kierownictwa zar\u00f3wno narod\u00f3w, jak i Ko\u015bcio\u0142a, jest aktem wywrotowym i przest\u0119pczym.<\/em><\/p>\r\n<p style=\"padding-left: 40px;\"><em>Z jednej strony skorumpowana cz\u0119\u015b\u0107 hierarchii \u2013 kt\u00f3r\u0105 dla zwi\u0119z\u0142o\u015bci nazywam g\u0142\u0119bokim Ko\u015bcio\u0142em \u2013 poniewa\u017c jest podporz\u0105dkowana szatanowi, nienawidzi Ko\u015bcio\u0142a jako Mistycznego Cia\u0142a Chrystusa i zamierza go zabi\u0107.&nbsp; Ci, kt\u00f3rzy s\u0142u\u017c\u0105 diab\u0142u, przeprowadzaj\u0105 mordercz\u0105 akcj\u0119, cho\u0107 szalon\u0105 i skazan\u0105 na niepowodzenie. Bowiem tak jak Chrystus zmartwychwsta\u0142, tak i Jego Mistyczne Cia\u0142o zmartwychwstanie po swojej m\u0119ce.&nbsp;<\/em><\/p>\r\n<p style=\"padding-left: 40px;\"><em>Z drugiej strony, zdrowa cz\u0119\u015b\u0107 hierarchii sk\u0142ada si\u0119 w wi\u0119kszo\u015bci z biskup\u00f3w i duchownych, kt\u00f3rzy jednak akceptuj\u0105 ideologiczne za\u0142o\u017cenia obecnej apostazji, poniewa\u017c akceptuj\u0105 Sob\u00f3r i now\u0105 liturgi\u0119, kt\u00f3ra przekazuje jego b\u0142\u0119dy masom. Nie chc\u0105, aby Ko\u015bci\u00f3\u0142 uleg\u0142, ale \u0142udz\u0105 si\u0119, wbrew wszelkim dowodom i po sze\u015b\u0107dziesi\u0119ciu latach niepowodze\u0144, \u017ce Sob\u00f3r zosta\u0142 tylko \u017ale zinterpretowany, \u017ce nowa Msza jest \u017ale odprawiana, ale \u017ce mo\u017cna powr\u00f3ci\u0107 do pewnej godno\u015bci liturgii, \u017ce ekumenizm jest dobry, o ile jest tylko z prawos\u0142awnymi, a nie z ba\u0142wochwalcami. Je\u015bli nie rozumiej\u0105, \u017ce to w\u0142a\u015bnie Sob\u00f3r spowodowa\u0142 t\u0119 katastrof\u0119 i \u017ce aby jej zaradzi\u0107, nale\u017cy powr\u00f3ci\u0107 do wiary, moralno\u015bci i liturgii, jakie istnia\u0142y przed Soborem, nie\u015bwiadomie staj\u0105 si\u0119 cz\u0119\u015bci\u0105 problemu.&nbsp;<\/em><\/p>\r\n<p style=\"padding-left: 40px;\"><em>Dzi\u015b, za spraw\u0105 Bergoglio, ich zdrada \u2013 \u015bwiadoma czy te\u017c nie\u015bwiadoma \u2013 zosta\u0142a dope\u0142niona&nbsp; poparciem dla ideologii globalistycznej, migracji, neomaltuzjanizmu, Nowego Porz\u0105dku \u015awiata i religii humanistycznej. G\u0142\u0119boki Ko\u015bci\u00f3\u0142 by\u0142 nawet wsp\u00f3\u0142winny oszustwom pandemicznym i masowym szczepieniom, kt\u00f3re promowa\u0142, pomimo wykorzystywania w tych preparatach linii kom\u00f3rkowych pochodz\u0105cych z aborcji i wywo\u0142ywania przez nie nieodwracalnego os\u0142abienia systemu odporno\u015bciowego. Dzi\u015b z hipokryzj\u0105 stoi po stronie systemu, popieraj\u0105c na Ukrainie marionetk\u0119 Schwaba prezydenta Zelenskiego, przeciwko prezydentowi Putinowi, kt\u00f3ry jest jedyn\u0105 g\u0142ow\u0105 pa\u0144stwa stawiaj\u0105c\u0105 op\u00f3r bezbo\u017cnej globalizacji i zbrodniczym ideom, kt\u00f3re j\u0105 inspiruj\u0105.<\/em><\/p>\r\n<p style=\"padding-left: 40px;\"><em>Pan pomo\u017ce nam swoj\u0105 \u0142ask\u0105, ale prosi nas, aby\u015bmy zrobili to, co do nas nale\u017cy. Je\u015bli b\u0119dziemy walczy\u0107 razem z Chrystusem, z Chrystusem b\u0119dziemy \u015bwi\u0119towa\u0107 zwyci\u0119stwo. Je\u015bli nadal nie staniemy po \u017cadnej ze stron lub, co gorsza, staniemy po stronie szatana, to z szatanem wpadniemy w otch\u0142a\u0144.<\/em><\/p>\r\n<p>Kyrie eleison.<\/p>\r\n<p><strong><em>+Biskup Ryszard Williamson<\/em><\/strong><\/p>\r\n<p>&nbsp;<\/p>\r\n<p>Komentarz Eleison nr DCCLXXIV (774)<\/p>\r\n<p>14 maja 2022<\/p>","protected":false},"excerpt":{"rendered":"Oh, gdyby tylko Matka Ko\u015bci\u00f3\u0142 mia\u0142a wi\u0119cej takich hierarch\u00f3w jak Arcybiskup Vigan\u00f2! Swego czasu mia\u0142a ich wielu, jednak g\u0142\u0119bia i jasno\u015b\u0107 jego umys\u0142u oraz odwaga w wyznawaniu wiary sta\u0142y si\u0119 wyj\u0105tkowym i niespotykanym po\u0142\u0105czeniem w\u015br\u00f3d katolickich dostojnik\u00f3w, odk\u0105d na Soborze Watyka\u0144skim II (1962-1965) pozwolili oni, by zarazi\u0142o ich zepsute my\u015blenie wsp\u00f3\u0142czesnego \u015bwiata. Poni\u017cej znajduje si\u0119 [&hellip;]","protected":false},"author":1,"featured_media":0,"comment_status":"closed","ping_status":"closed","sticky":false,"template":"","format":"standard","meta":{"_acf_changed":false,"_monsterinsights_skip_tracking":false,"_monsterinsights_sitenote_active":false,"_monsterinsights_sitenote_note":"","_monsterinsights_sitenote_category":0,"ngg_post_thumbnail":0,"footnotes":"","_wp_rev_ctl_limit":""},"categories":[13,135],"tags":[455,293,33],"acf":[],"_links":{"self":[{"href":"https:\/\/www.bibula.com\/index.php?rest_route=\/wp\/v2\/posts\/134087"}],"collection":[{"href":"https:\/\/www.bibula.com\/index.php?rest_route=\/wp\/v2\/posts"}],"about":[{"href":"https:\/\/www.bibula.com\/index.php?rest_route=\/wp\/v2\/types\/post"}],"author":[{"embeddable":true,"href":"https:\/\/www.bibula.com\/index.php?rest_route=\/wp\/v2\/users\/1"}],"replies":[{"embeddable":true,"href":"https:\/\/www.bibula.com\/index.php?rest_route=%2Fwp%2Fv2%2Fcomments&post=134087"}],"version-history":[{"count":3,"href":"https:\/\/www.bibula.com\/index.php?rest_route=\/wp\/v2\/posts\/134087\/revisions"}],"predecessor-version":[{"id":134090,"href":"https:\/\/www.bibula.com\/index.php?rest_route=\/wp\/v2\/posts\/134087\/revisions\/134090"}],"wp:attachment":[{"href":"https:\/\/www.bibula.com\/index.php?rest_route=%2Fwp%2Fv2%2Fmedia&parent=134087"}],"wp:term":[{"taxonomy":"category","embeddable":true,"href":"https:\/\/www.bibula.com\/index.php?rest_route=%2Fwp%2Fv2%2Fcategories&post=134087"},{"taxonomy":"post_tag","embeddable":true,"href":"https:\/\/www.bibula.com\/index.php?rest_route=%2Fwp%2Fv2%2Ftags&post=134087"}],"curies":[{"name":"wp","href":"https:\/\/api.w.org\/{rel}","templated":true}]}}