{"id":13390,"date":"2009-08-27T11:05:37","date_gmt":"2009-08-27T16:05:37","guid":{"rendered":"http:\/\/www.bibula.com\/?p=13390"},"modified":"2009-08-27T11:19:55","modified_gmt":"2009-08-27T16:19:55","slug":"ipn-oszacowal-liczbe-polskich-ofiar-ii-wojny-swiatowej","status":"publish","type":"post","link":"https:\/\/www.bibula.com\/?p=13390","title":{"rendered":"IPN oszacowa\u0142 liczb\u0119 polskich ofiar II wojny \u015bwiatowej"},"content":{"rendered":"<p>W latach 1939 &#8211; 1945 zgin\u0119\u0142o od 5,6 do 5,8 mln obywateli polskich &#8211; wynika z ustale\u0144 Instytutu Pami\u0119ci Narodowej. Nie s\u0105 to jednak ostateczne wyniki, dok\u0142adne badania nad liczb\u0105 Polak\u00f3w, kt\u00f3rzy stracili \u017cycie na terenach okupowanych przez Rosj\u0119 i Niemcy potrwaj\u0105 jeszcze do dziesi\u0119ciu lat.<\/p>\r\n\r\n<p>&#8211; Te dane uzyskano w ramach projektu prowadzonego od 2006 r. Jego celem jest ustalenie strat osobowych ludno\u015bci polskiej w czasie II wojny \u015bwiatowej &#8211; m\u00f3wi prof. Antoni Dudek, doradca prezesa Instytutu Pami\u0119ci Narodowej. W \u015brod\u0119 IPN przedstawi\u0142 w Centrum Edukacyjnym w Warszawie ksi\u0105\u017ck\u0119 \u201ePolska 1939 &#8211; 1945. Straty osobowe i ofiary represji pod dwiema okupacjami\u201d. &#8211; To pierwsze w literaturze naukowej podsumowanie kilkudziesi\u0119ciu lat bada\u0144 polskich historyk\u00f3w i demograf\u00f3w nad stratami Polski w okresie II wojny \u015bwiatowej &#8211; m\u00f3wi\u0142 wczoraj podczas prezentacji prezes IPN Janusz Kurtyka.<\/p>\r\n\r\n<p>Redaktorami pracy s\u0105 prof. Wojciech Materski i prof. Tomasz Szarota. W publikacji uj\u0119to ofiary w\u015br\u00f3d Polak\u00f3w i \u017byd\u00f3w, a tak\u017ce m. in. Ukrai\u0144c\u00f3w, Bia\u0142orusin\u00f3w, Litwin\u00f3w, Czech\u00f3w i Niemc\u00f3w maj\u0105cych polskie obywatelstwo. &#8211; Nasza praca bynajmniej nie jest pr\u00f3b\u0105 dyskusji z niekt\u00f3rymi publikacjami rosyjskich medi\u00f3w pr\u00f3buj\u0105cymi rewidowa\u0107 histori\u0119 II wojny \u015bwiatowej, aczkolwiek z pewno\u015bci\u0105 mo\u017ce by\u0107 argumentem w takiej dyskusji &#8211; m\u00f3wi prof. Dudek.<\/p>\r\n\r\n<p>JaLu\/Rzeczpospolita<\/p>\r\n\r\n\r\n<blockquote><p><strong>KOMENTARZ <em>BIBU\u0141Y<\/em><\/strong>: Chocia\u017c nie znamy szczeg\u00f3\u0142\u00f3w tej\u017ce analizy, lecz ju\u017c na wst\u0119pie mo\u017cna wyrazi\u0107 spore w\u0105tpliwo\u015bci co do podanej liczby, je\u015bli bezdyskusyjnie przyj\u0119to liczb\u0119 tej grupy \u017cydowskich obywateli Polski, maj\u0105cych zgin\u0105\u0107 w niemieckich obozach koncentracyjnych bez \u017cadnych \u015blad\u00f3w, bez \u017cadnej rejestracji, bez \u017cadnej dokumentacji, czyli w spos\u00f3b dotychczas prezentowany.\u00a0 Szczeg\u00f3lne zatrze\u017cenia nale\u017cy czyni\u0107 w odniesieniu do podawanej liczby ofiar w tych najmniej zbadanych, najmniej udokumentowanych obozach  w Treblince, Bel\u017ccu czy Sobiborze, jak r\u00f3wnie\u017c  w  innych obozach, w tym w KL Auschwitz. Redakcja zajmie si\u0119 tym zagadnieniem i ustosunkuje si\u0119 do tej pracy, po jej uzyskaniu.<\/p><\/blockquote>","protected":false},"excerpt":{"rendered":"W latach 1939 &#8211; 1945 zgin\u0119\u0142o od 5,6 do 5,8 mln obywateli polskich &#8211; wynika z ustale\u0144 Instytutu Pami\u0119ci Narodowej. Nie s\u0105 to jednak ostateczne wyniki, dok\u0142adne badania nad liczb\u0105 Polak\u00f3w, kt\u00f3rzy stracili \u017cycie na terenach okupowanych przez Rosj\u0119 i Niemcy potrwaj\u0105 jeszcze do dziesi\u0119ciu lat. &#8211; Te dane uzyskano w ramach projektu prowadzonego od [&hellip;]","protected":false},"author":1,"featured_media":0,"comment_status":"closed","ping_status":"closed","sticky":false,"template":"","format":"standard","meta":{"_acf_changed":false,"_monsterinsights_skip_tracking":false,"_monsterinsights_sitenote_active":false,"_monsterinsights_sitenote_note":"","_monsterinsights_sitenote_category":0,"ngg_post_thumbnail":0,"footnotes":"","_wp_rev_ctl_limit":""},"categories":[8],"tags":[59],"acf":[],"_links":{"self":[{"href":"https:\/\/www.bibula.com\/index.php?rest_route=\/wp\/v2\/posts\/13390"}],"collection":[{"href":"https:\/\/www.bibula.com\/index.php?rest_route=\/wp\/v2\/posts"}],"about":[{"href":"https:\/\/www.bibula.com\/index.php?rest_route=\/wp\/v2\/types\/post"}],"author":[{"embeddable":true,"href":"https:\/\/www.bibula.com\/index.php?rest_route=\/wp\/v2\/users\/1"}],"replies":[{"embeddable":true,"href":"https:\/\/www.bibula.com\/index.php?rest_route=%2Fwp%2Fv2%2Fcomments&post=13390"}],"version-history":[{"count":0,"href":"https:\/\/www.bibula.com\/index.php?rest_route=\/wp\/v2\/posts\/13390\/revisions"}],"wp:attachment":[{"href":"https:\/\/www.bibula.com\/index.php?rest_route=%2Fwp%2Fv2%2Fmedia&parent=13390"}],"wp:term":[{"taxonomy":"category","embeddable":true,"href":"https:\/\/www.bibula.com\/index.php?rest_route=%2Fwp%2Fv2%2Fcategories&post=13390"},{"taxonomy":"post_tag","embeddable":true,"href":"https:\/\/www.bibula.com\/index.php?rest_route=%2Fwp%2Fv2%2Ftags&post=13390"}],"curies":[{"name":"wp","href":"https:\/\/api.w.org\/{rel}","templated":true}]}}