{"id":133816,"date":"2022-05-04T10:12:41","date_gmt":"2022-05-04T14:12:41","guid":{"rendered":"https:\/\/www.bibula.com\/?p=133816"},"modified":"2022-05-04T10:12:41","modified_gmt":"2022-05-04T14:12:41","slug":"prorok-zelenski-i-ukrainski-amok-prezydenta-dudy-katarzyna-ts","status":"publish","type":"post","link":"https:\/\/www.bibula.com\/?p=133816","title":{"rendered":"Prorok Ze\u0142enski i ukrai\u0144ski amok prezydenta Dudy &#8211; <em>Katarzyna TS<\/em>"},"content":{"rendered":"<p class=\"has-drop-cap\">Historia jest niewa\u017cna, a granica mi\u0119dzy Polsk\u0105 i Ukrain\u0105 ma znikn\u0105\u0107. Takimi rewelacjami uraczy\u0142 nas prezydent Andrzej Duda podczas przem\u00f3wienia wyg\u0142oszonego z okazji 231 rocznicy uchwalenia Konstytucji 3 Maja.<\/p>\r\n<p>Dzi\u0119kuj\u0105c Polakom za przyj\u0119cie uchod\u017ac\u00f3w z Ukrainy do swoich dom\u00f3w prezydent Duda powiedzia\u0142 tak: <em>Sta\u0142o si\u0119 co\u015b, o czym powiedzia\u0142 ostatnio prezydent Ukrainy Wo\u0142odymyr Ze\u0142enski, dos\u0142ownie kilka dni temu: \u201eWobec tego, co zrobili Polacy, ca\u0142a historia jest niewa\u017cna\u201d. W jakim\u015b sensie mo\u017cna powiedzie\u0107, \u017ce tak \u2013 \u017ce w ca\u0142ym ogromie tej historii, przecie\u017c w ostatnich stuleciach tak trudnej, gdzie na wsp\u00f3lnym stole mi\u0119dzy Polakami a Ukrai\u0144cami tak cz\u0119sto le\u017ca\u0142 karabin, tak cz\u0119sto le\u017ca\u0142 top\u00f3r, bro\u0144 \u2013 zosta\u0142 po\u0142o\u017cony chleb. Chleb! Zosta\u0142a po\u0142o\u017cona d\u0142o\u0144 na d\u0142oni. Dzi\u0119kuj\u0119 Wam za to. Jest to akt, kt\u00f3ry \u2013 wierz\u0119 w to g\u0142\u0119boko \u2013 buduje ca\u0142kowicie now\u0105 drog\u0119 w naszych dziejach, w dziejach naszych obojga narod\u00f3w.<\/em><\/p>\r\n<p>A teraz fragment dotycz\u0105cy granicy polsko-ukrai\u0144skiej: <em>Wierz\u0119 w to g\u0142\u0119boko, \u017ce damy rad\u0119. \u017be tak jak umieli\u015bmy przyj\u0105\u0107 naszych s\u0105siad\u00f3w, tak b\u0119dziemy umieli ich przechowa\u0107, by \u2013 gdy wojna si\u0119 zako\u0144czy \u2013 mogli wr\u00f3ci\u0107 do swoich dom\u00f3w, a my pom\u00f3c im w dziele odbudowy Ukrainy: wolnej, suwerennej, niepodleg\u0142ej. Ukrainy, kt\u00f3ra \u2013 mam nadziej\u0119 \u2013 b\u0119dzie na dziesi\u0119ciolecia, a daj Bo\u017ce i na stulecia, pa\u0144stwem bratnim dla Rzeczypospolitej, pomi\u0119dzy kt\u00f3rym a nami, Polsk\u0105 \u2013 jak, mam nadziej\u0119, proroczo powiedzia\u0142 Prezydent Wo\u0142odymyr Ze\u0142enski \u2013 nie b\u0119dzie granicy; \u017ce tej granicy faktycznie nie b\u0119dzie; \u017ce b\u0119dziemy \u017cyli razem na tej ziemi, odbudowuj\u0105c si\u0119 i buduj\u0105c swoje wsp\u00f3lne szcz\u0119\u015bcie i wsp\u00f3ln\u0105 si\u0142\u0119, kt\u00f3ra pozwoli si\u0119 oprze\u0107 ka\u017cdemu niebezpiecze\u0144stwu, a kt\u00f3r\u0105 ka\u017cdy b\u0119dzie si\u0119 ba\u0142 w przysz\u0142o\u015bci zaatakowa\u0107 i b\u0119dzie si\u0119 ba\u0142 jej zagrozi\u0107. <\/em><\/p>\r\n<p>Prezydent Duda ewidentnie wzruszy\u0142 si\u0119 roztoczon\u0105 przez siebie wizj\u0105 zgodnej wsp\u00f3\u0142pracy bratnich narod\u00f3w, kt\u00f3rych nic nie dzieli, a wszystko \u0142\u0105czy. Wizja ta wyros\u0142a ze s\u0142\u00f3w prezydenta Ze\u0142enskiego, kt\u00f3re tak spodoba\u0142y si\u0119 prezydentowi Dudzie, \u017ce uzna\u0142 je za prorocze. I w ramach wype\u0142niania tego proroctwa og\u0142osi\u0142: <em>Wierz\u0119 w to g\u0142\u0119boko, \u017ce jeste\u015bmy w stanie budowa\u0107 tutaj, w naszej cz\u0119\u015bci Europy, wielk\u0105 wsp\u00f3lnot\u0119 narod\u00f3w \u2013 tak\u0105, o jakiej mocy uczy nas nasza historia. Niech \u017cyj\u0105 narody dawnej Rzeczypospolitej! &nbsp;Niech Pan B\u00f3g ma je wszystkie w swojej opiece, niech im przynosi szcz\u0119\u015bcie i powodzenie! <\/em>Ca\u0142e przem\u00f3wienie <a href=\"https:\/\/www.prezydent.pl\/aktualnosci\/wypowiedzi-prezydenta-rp\/wystapienia\/wystapienie-prezydenta-podczas-uroczystosci-naplacu-zamkowym,53158\"><span style=\"text-decoration: underline;\">TUTAJ<\/span>.<\/a><\/p>\r\n<p>A teraz zejd\u017amy z tych ob\u0142ok\u00f3w, na kt\u00f3re wspi\u0105\u0142 si\u0119 prezydent Duda, i przejd\u017amy do reali\u00f3w. Najpierw zajmijmy si\u0119 pomys\u0142em uniewa\u017cniania historii. Od razu pojawia si\u0119 pytanie: co autor mia\u0142 na my\u015bli? Czy to, \u017ce skoro Polacy przyj\u0119li uchod\u017ac\u00f3w z Ukrainy, to ukrai\u0144skie ludob\u00f3jstw na Polakach jest niewa\u017cne? Ludob\u00f3jstwo, do kt\u00f3rego Ukrai\u0144cy nie tylko si\u0119 nie przyznaj\u0105, ale kt\u00f3rego wykonawc\u00f3w stawiaj\u0105 na piedestale. Czyli co? Banderyzm jest ju\u017c OK? Pomniki zbrodniarzy te\u017c ju\u017c s\u0105 OK? I gloryfikacja UPA jest OK?<\/p>\r\n<p>Je\u015bli historia jest niewa\u017cna, to po co kilka dni wcze\u015bniej prezydent Duda wzi\u0105\u0142 udzia\u0142 w \u017cydowskim Marszu \u017bywych w Auschwitz? A powiedzia\u0142 tam, \u017ce \u201espotykamy si\u0119, aby da\u0107 \u015bwiadectwo pami\u0119ci o zag\u0142adzie narodu \u017cydowskiego\u201d. Wychodzi na to, \u017ce \u015bwiadectwo pami\u0119ci o ludob\u00f3jstwie na \u017bydach jest wa\u017cne, ale \u015bwiadectwo pami\u0119ci o ludob\u00f3jstwie na Polakach jest niewa\u017cne. I taka teza pada z usta prezydenta RP nawi\u0105zuj\u0105cego do \u201eproroczych\u201d s\u0142\u00f3w prezydenta Ukrainy. Czy prezydentowi Dudzie nie pomyli\u0142y si\u0119 priorytety?<\/p>\r\n<p><span class=\"pullquote\"><!-- Nasza historia uczy nas, \u017ce eksperyment o nazwie \u201ewsp\u00f3lnota narod\u00f3w\u201d zako\u0144czy\u0142 si\u0119 kl\u0119sk\u0105 i rzezi\u0105 na Polakach --><\/span><\/p>\r\n<p>Przejd\u017amy teraz do \u201eproroctwa\u201d o zniesieniu granicy pomi\u0119dzy \u201ebratnimi krajami\u201d i budowaniu \u201ewsp\u00f3lnego szcz\u0119\u015bcia\u201d. Podczas przem\u00f3wienia w polskim parlamencie prezydent Ze\u0142enski pomacha\u0142 wizj\u0105 odbudowy I Rzeczypospolitej. Oczywist\u0105 oczywisto\u015bci\u0105 dla ka\u017cdego trze\u017awo my\u015bl\u0105cego cz\u0142owieka jest to, \u017ce \u201eprorok\u201d Ze\u0142enski zagra\u0142 pod polsk\u0105 publiczk\u0119, aby uzyska\u0107 jak najwi\u0119ksze wsparcie dla Ukrainy napadni\u0119tej przez Rosj\u0119. Ale o \u017cadnym powrocie do czas\u00f3w I Rzeczypospolitej nie ma co marzy\u0107. M\u00f3wi\u0105c brutalnie: nie po to Ukrai\u0144cy przeprowadzili barbarzy\u0144sk\u0105 czystk\u0119 etniczn\u0105 na Polakach, \u017ceby teraz realizowa\u0107 jakie\u015b mrzonki o wsp\u00f3lnym pa\u0144stwie. To powinno by\u0107 jasne i zrozumia\u0142e dla ka\u017cdego. Ale nie jest. Najpierw Kosiniak-Kamysz z Gowinem i Gdul\u0105 bredz\u0105 o tworzeniu Unii Polsko-Ukrai\u0144skiej, a teraz prezydent Duda wyskakuje z tekstem o \u201e\u017cyciu razem na tej ziemi\u201d i o &nbsp;\u201ewsp\u00f3lnocie narod\u00f3w, o jakiej mocy uczy nas nasza historia\u201d.<\/p>\r\n<p>Nasza historia uczy nas, \u017ce eksperyment o nazwie \u201ewsp\u00f3lnota narod\u00f3w\u201d zako\u0144czy\u0142 si\u0119 kl\u0119sk\u0105 i rzezi\u0105 na Polakach. No, ale skoro historia jest niewa\u017cna, to hulaj dusza, piek\u0142a nie ma. Prezydent Duda sam sobie przeczy i buduje zamki na piasku. Jeszcze niedawno opowiada\u0142 androny o polsko-\u017cydowskiej Rzeczypospolitej Przyjaci\u00f3\u0142, a okaza\u0142o si\u0119, \u017ce ta \u201eprzyja\u017a\u0144\u201d ma polega\u0107 na tym, i\u017c Polacy maj\u0105 przeprasza\u0107 \u017byd\u00f3w za niepope\u0142nione zbrodnie i p\u0142aci\u0107 za urojone roszczenia. Przebudzenie z \u017cydowskiego amoku by\u0142o bolesne. I tak samo bolesne b\u0119dzie przebudzenie z obecnego, ukrai\u0144skiego amoku, w imi\u0119 kt\u00f3rego prezydent Duda opowiada o uniewa\u017cnianiu historii, bratnim pa\u0144stwie i budowaniu wsp\u00f3lnego szcz\u0119\u015bcia.<\/p>\r\n<p>Czy to si\u0119 komu\u015b podoba, czy nie, czasy I Rzeczypospolitej min\u0119\u0142y i ju\u017c nie wr\u00f3c\u0105. Polska ma swoje interesy, a Ukraina swoje. I nie s\u0105 one to\u017csame. Owszem, zar\u00f3wno w interesie Polski jak i Ukrainy le\u017cy to, \u017ceby Rosja by\u0142a s\u0142aba i niezdolna do narzucania swojej woli krajom Europy \u015arodkowo-Wschodniej. &nbsp;Ale czy w polskim interesie le\u017cy silna Ukraina? A czy w interesie Ukrainy le\u017cy silna Polska? To s\u0105 pytania, kt\u00f3rymi nasza klasa polityczna w og\u00f3le nie zaprz\u0105ta sobie g\u0142owy, poniewa\u017c jest zaj\u0119ta budowaniem utopijnych wizji i skakaniem sobie do garde\u0142. I tak to si\u0119 kr\u0119ci \u2013 od amoku do amoku. Apele o racjonalne dzia\u0142anie s\u0105 g\u0142osem wo\u0142aj\u0105cego na puszczy. Obecnie polscy politycy ws\u0142uchuj\u0105 si\u0119 w \u201eproroctwa\u201d prezydenta Ze\u0142enskiego.<\/p>\r\n<p><strong><em>Katarzyna Treter-Sierpi\u0144ska<\/em><\/strong><\/p>\r\n<p class=\"podpis_sz2\"><em>Je\u015bli podobaj\u0105 si\u0119 Pa\u0144stwu moje felietony i chcieliby\u015bcie wesprze\u0107 moj\u0105 dzia\u0142alno\u015b\u0107 publicystyczn\u0105, mo\u017cecie to zrobi\u0107 dokonuj\u0105c przelewu na poni\u017csze konto PayPal. B\u0119dzie to dla mnie nie tylko wsparcie w wymiarze finansowym, ale r\u00f3wnie\u017c sygna\u0142, \u017ce to, co robi\u0119, jest dla Pa\u0144stwa wa\u017cne i godne uwagi. Z g\u00f3ry dzi\u0119kuj\u0119.&nbsp; <\/em><a href=\"https:\/\/www.paypal.me\/katarzynats\"><em><span style=\"text-decoration: underline;\">https:\/\/www.paypal.me\/katarzynats<\/span><\/em><\/a><\/p>\r\n<p>&nbsp;<\/p>","protected":false},"excerpt":{"rendered":"Historia jest niewa\u017cna, a granica mi\u0119dzy Polsk\u0105 i Ukrain\u0105 ma znikn\u0105\u0107. Takimi rewelacjami uraczy\u0142 nas prezydent Andrzej Duda podczas przem\u00f3wienia wyg\u0142oszonego z okazji 231 rocznicy uchwalenia Konstytucji 3 Maja. Dzi\u0119kuj\u0105c Polakom za przyj\u0119cie uchod\u017ac\u00f3w z Ukrainy do swoich dom\u00f3w prezydent Duda powiedzia\u0142 tak: Sta\u0142o si\u0119 co\u015b, o czym powiedzia\u0142 ostatnio prezydent Ukrainy Wo\u0142odymyr Ze\u0142enski, dos\u0142ownie [&hellip;]","protected":false},"author":1,"featured_media":0,"comment_status":"closed","ping_status":"closed","sticky":false,"template":"","format":"standard","meta":{"_acf_changed":false,"_monsterinsights_skip_tracking":false,"_monsterinsights_sitenote_active":false,"_monsterinsights_sitenote_note":"","_monsterinsights_sitenote_category":0,"ngg_post_thumbnail":0,"footnotes":"","_wp_rev_ctl_limit":""},"categories":[13],"tags":[],"acf":[],"_links":{"self":[{"href":"https:\/\/www.bibula.com\/index.php?rest_route=\/wp\/v2\/posts\/133816"}],"collection":[{"href":"https:\/\/www.bibula.com\/index.php?rest_route=\/wp\/v2\/posts"}],"about":[{"href":"https:\/\/www.bibula.com\/index.php?rest_route=\/wp\/v2\/types\/post"}],"author":[{"embeddable":true,"href":"https:\/\/www.bibula.com\/index.php?rest_route=\/wp\/v2\/users\/1"}],"replies":[{"embeddable":true,"href":"https:\/\/www.bibula.com\/index.php?rest_route=%2Fwp%2Fv2%2Fcomments&post=133816"}],"version-history":[{"count":3,"href":"https:\/\/www.bibula.com\/index.php?rest_route=\/wp\/v2\/posts\/133816\/revisions"}],"predecessor-version":[{"id":133822,"href":"https:\/\/www.bibula.com\/index.php?rest_route=\/wp\/v2\/posts\/133816\/revisions\/133822"}],"wp:attachment":[{"href":"https:\/\/www.bibula.com\/index.php?rest_route=%2Fwp%2Fv2%2Fmedia&parent=133816"}],"wp:term":[{"taxonomy":"category","embeddable":true,"href":"https:\/\/www.bibula.com\/index.php?rest_route=%2Fwp%2Fv2%2Fcategories&post=133816"},{"taxonomy":"post_tag","embeddable":true,"href":"https:\/\/www.bibula.com\/index.php?rest_route=%2Fwp%2Fv2%2Ftags&post=133816"}],"curies":[{"name":"wp","href":"https:\/\/api.w.org\/{rel}","templated":true}]}}