{"id":133801,"date":"2022-05-04T08:45:25","date_gmt":"2022-05-04T12:45:25","guid":{"rendered":"https:\/\/www.bibula.com\/?p=133801"},"modified":"2022-05-04T08:45:25","modified_gmt":"2022-05-04T12:45:25","slug":"kto-na-zachodzie-powiewa-ukrainska-flaga","status":"publish","type":"post","link":"https:\/\/www.bibula.com\/?p=133801","title":{"rendered":"Kto na Zachodzie powiewa ukrai\u0144sk\u0105 flag\u0105?"},"content":{"rendered":"<p class=\"has-drop-cap\">Mog\u0119 przejecha\u0107 z miejsca w kt\u00f3rym mieszkam dziesi\u0119\u0107 kilometr\u00f3w w dowolnym kierunku i zobaczy\u0107 w przydomowych ogr\u00f3dkach trzy lub cztery flagi ukrai\u0144skie powiewaj\u0105ce lub zwisaj\u0105ce, w zale\u017cno\u015bci od wiatru. W tym czasie mog\u0119 min\u0105\u0107 tysi\u0105c dom\u00f3w. Odsetek wywieszaj\u0105cych flagi ukrai\u0144skie jest wtedy bardzo ma\u0142y, na pewno znacznie mniejszy ni\u017c 1%. Ale po co w og\u00f3le to robi\u0105? Na pewno nie po to, by zwi\u0119kszy\u0107 obroty chi\u0144skich producent\u00f3w flag.<\/p>\r\n<p>Co za ludzie bior\u0105 udzia\u0142 w tym pokazie g\u0142upoty? Wywieszaj\u0105 niebiesko-\u017c\u00f3\u0142te flagi XIX-wiecznej Dolnej Austrii z powodu skojarze\u0144 z wsp\u00f3\u0142czesnymi nazistowskimi terrorystami w po\u0142udniowo-zachodniej Rosji? Czy w takim razie ci, kt\u00f3rzy wywieszaj\u0105 flag\u0119, wywieszaliby r\u00f3wnie\u017c swastyk\u0119? Bo to w\u0142a\u015bnie robi\u0105. Kim s\u0105 ci filistrzy, kt\u00f3rzy chc\u0105 przekre\u015bli\u0107 kultur\u0119 i wspiera\u0107 nazizm?<\/p>\r\n<p>&nbsp;<\/p>\r\n<p><strong>1. &#8222;Ukrai\u0144cy&#8221;<\/strong><\/p>\r\n<p>Przypu\u015b\u0107my, \u017ce jeden czy drugi jest rzeczywi\u015bcie pochodzenia ukrai\u0144skiego. Ich galicyjscy (zachodnio-ukrai\u0144scy) dziadkowie przyjechali tu w 1945 r. jako obywatele polscy. Jeden z ostatnich takich dziadk\u00f3w, kt\u00f3ry zmar\u0142 20 lat temu w podesz\u0142ym wieku, powiedzia\u0142 mi na \u0142o\u017cu \u015bmierci: &#8222;Ale ja nigdy nie zabi\u0142em \u017cadnego \u017byda&#8221;. Uwierzy\u0142em mu, ale nie zauwa\u017cy\u0142em, aby powiedzia\u0142, i\u017c nigdy nie zabi\u0142 \u017cadnego Polaka ani Rosjanina. W Wielkiej Brytanii w\u0142adze rzeczywi\u015bcie sprawdza\u0142y przesz\u0142o\u015b\u0107 niekt\u00f3rych pro-nazistowskich mieszka\u0144c\u00f3w Galicji i niekt\u00f3rym z nich odm\u00f3wiono wjazdu.<\/p>\r\n<p>Jednak ci, kt\u00f3rym odm\u00f3wiono, nie przejmowali si\u0119 tym zbytnio, poniewa\u017c wiedzieli, \u017ce mog\u0105 dosta\u0107 si\u0119 do Kanady i USA bez \u017cadnej weryfikacji. Amerykanie przyjmowali ka\u017cdego galicyjskiego oprawc\u0119 z SS, byle tylko by\u0142 antykomunist\u0105 i nienawidzi\u0142 Rosjan, nie by\u0142o problemu&#8230;.A przecie\u017c ameryka\u0144ski program kosmiczny zosta\u0142 zbudowany przez nazistowskich konstruktor\u00f3w V1 i V2, a zaledwie jedno pokolenie po Auschwitz i Belsen zabrali oni Amerykan\u00f3w na Ksi\u0119\u017cyc. Wnuki ukrai\u0144skich imigrant\u00f3w z 1945 r. maj\u0105 na og\u00f3\u0142 niewielkie poj\u0119cie o tym, czym tak naprawd\u0119 jest Ukraina,&nbsp; nie znaj\u0105 nawet j\u0119zyka. Wywieszanie flagi jest dla nich tylko cz\u0119\u015bci\u0105 rodzinnej nostalgii, symbolicznym gestem. Nie powinni\u015bmy traktowa\u0107 tego zbyt powa\u017cnie.<\/p>\r\n<p>&nbsp;<\/p>\r\n<p><strong>2. Naiwniacy<\/strong><\/p>\r\n<p>B\u0105d\u017amy wielkoduszni. Naiwni istniej\u0105 od zawsze. T\u0119 flag\u0119 mog\u0105 wywiesza\u0107 tak\u017ce ci, kt\u00f3rzy ratuj\u0105 koty z drzew i przygarniaj\u0105 bezpa\u0144skie psy, dokarmiaj\u0105 ptaki w swoich ogrodach i daj\u0105 pieni\u0105dze afga\u0144skim uchod\u017acom\/terrorystom. W ko\u0144cu &#8222;to wszystko w s\u0142usznej sprawie&#8221;. Nie zwracajmy zbytniej uwagi na takich ludzi. Oni &#8222;chc\u0105 dobrze&#8221;.<\/p>\r\n<p>&nbsp;<\/p>\r\n<p><strong>3. Zombie<\/strong><\/p>\r\n<p>Teraz, niestety, dochodzimy do zdecydowanej wi\u0119kszo\u015bci oflagowanych. <strong>To s\u0105 ci, kt\u00f3rzy zamiast m\u00f3zgu maj\u0105 telewizor.<\/strong> To ci, kt\u00f3rych dziadkowie wierzyli, \u017ce w 1914 roku niemieccy \u017co\u0142nierze zakuwali bagnetami belgijskie niemowl\u0119ta, albo kt\u00f3rych rodzice wierzyli, \u017ce w 1945 roku Brytyjczycy dokonali ludob\u00f3jstwa w Dre\u017anie, a Amerykanie zrzucili atom\u00f3wki na Japoni\u0119, aby skr\u00f3ci\u0107 wojn\u0119 (w rzeczywisto\u015bci obie zbrodnie pope\u0142niono, aby przestraszy\u0107 Stalina), albo kt\u00f3rzy w 1990 roku wierzyli, \u017ce \u017co\u0142nierze iraccy wyrzucali niemowl\u0119ta z inkubator\u00f3w, gdy wyzwalali oderwan\u0105 przez Brytyjczyk\u00f3w irack\u0105 prowincj\u0119 Kuwejt, i \u017ce Serbowie masakrowali muzu\u0142man\u00f3w w Jugos\u0142awii w latach 90. To s\u0105 ci, kt\u00f3rzy czytaj\u0105 brytyjskie &#8222;gazety&#8221; (= arkusze k\u0142amstw) i w ci\u0105gu ostatnich dw\u00f3ch lat rzeczywi\u015bcie uwierzyli w propagand\u0119 covidow\u0105 , zamkn\u0119li si\u0119 w domach, za\u0142o\u017cyli&nbsp; maski i przez rok nie wychodzili na zewn\u0105trz, bo &#8222;to&#8221; by\u0142o &#8222;w powietrzu&#8221;.<\/p>\r\n<p>S\u0142uchali, czytali i wierzyli we wszystkie k\u0142amstwa rz\u0105dowej kontroli spo\u0142ecznej. Aby unikn\u0105\u0107 bardzo ma\u0142ej szansy na \u015bmier\u0107, to w\u0142a\u015bnie oni uczynili ze swojego \u017cycia \u017cyw\u0105 \u015bmier\u0107, zamykaj\u0105c si\u0119 w swoich domowych wi\u0119zieniach. To s\u0105 ci sami bezm\u00f3zdzy konformi\u015bci, kt\u00f3rzy naprawd\u0119 my\u015bl\u0105, \u017ce kraje zachodnie s\u0105 demokratyczne! O tak, wybory na Zachodzie daj\u0105 wyb\u00f3r. Mo\u017cna g\u0142osowa\u0107 na kretyna lub na kretynk\u0119, przy czym obaj s\u0105 marionetkami tych samych oligarch\u00f3w, kt\u00f3rzy podobnie jak oni dorobili si\u0119 na broni, ropie, farmaceutykach, \u017cywno\u015bci, mediach, informatyce czy czymkolwiek innym. Demo-no-kracja w rzeczy samej. Tak d\u0142ugo, jak ci chor\u0105\u017cowie maj\u0105 chleb (supermarkety) i cyrki (programy telewizyjne i sport), zrobi\u0105 wszystko, co zechcesz, nawet b\u0119d\u0105 nosi\u0107 wymy\u015blon\u0105 flag\u0119 wymy\u015blonego kraju, o kt\u00f3rym nic nie wiedz\u0105.<\/p>\r\n<p>B\u0105d\u017amy wspania\u0142omy\u015blni i dajmy kredyt zaufania tym wszystkim nostalgikom, naiwniakom i g\u0142upcom. Niestety, s\u0105 jednak jeszcze inni, male\u0144ka mniejszo\u015b\u0107, kt\u00f3rych motywacje s\u0105 o wiele, wiele bardziej z\u0142owrogie, poniewa\u017c wywieszaj\u0105 t\u0119 flag\u0119 \u015bwiadomie, nie po to, by wspiera\u0107 inny kraj, ale dlatego, \u017ce ta flaga jest symbolem czego\u015b naprawd\u0119 bardzo z\u0142ego, w czym uczestnicz\u0105 i w ten spos\u00f3b si\u0119 plami\u0105. Nazywamy ich pionkami diab\u0142a.<\/p>\r\n<p>&nbsp;<\/p>\r\n<p><strong>4. Pionki diab\u0142a<\/strong><\/p>\r\n<p>To ci, kt\u00f3rzy wiedz\u0105, co robi\u0105. Oni naprawd\u0119 wierz\u0105 w wy\u017cszo\u015b\u0107 Zachodu nad reszt\u0105 \u015bwiata, w to, \u017ce Zach\u00f3d jest &#8222;najlepszy&#8221;, &#8222;niepowtarzalny&#8221; i &#8222;wyj\u0105tkowy&#8221;. To Niallowie Fergusonowie i Douglasowie Murrayowie tego \u015bwiata (&#8222;Wojna z Zachodem&#8221;). Wierz\u0105 oni w zachodni imperializm i w to, \u017ce NATO musi wspiera\u0107 terrorystyczny re\u017cim w Kijowie, tak jak wcze\u015bniej waszyngto\u0144scy w\u0142adcy NATO wspierali dowoln\u0105 liczb\u0119 narkotykowych gangster\u00f3w i dyktator\u00f3w w Ameryce \u0141aci\u0144skiej i Azji.<\/p>\r\n<p>Najwyra\u017aniej brygada pod nazw\u0105, &#8222;Zach\u00f3d jest najlepszy&#8221; nigdy nie s\u0142ysza\u0142a historii Gandhiego, kt\u00f3ry odwiedzi\u0142 Londyn w latach 30. ubieg\u0142ego wieku i na pytanie dziennikarza, co s\u0105dzi o cywilizacji zachodniej, mia\u0142 odpowiedzie\u0107: &#8222;My\u015bl\u0119, \u017ce to bardzo dobry pomys\u0142&#8221;. To s\u0105 naprawd\u0119 niebezpieczni ludzie. S\u0105 u w\u0142adzy, otoczeni po\u017cytecznymi idiotami, wspieraj\u0105cymi ich ideologie. Zdaj\u0105 sobie spraw\u0119, \u017ce je\u015bli Zach\u00f3d straci Ukrain\u0119, b\u0119dzie to punkt zwrotny i upadek ich etnocentrycznego, koszmarnego \u015bwiata pod tytu\u0142em &#8221; kocham siebie&#8221;. S\u0105 to Anglo-syjoni\u015bci.<\/p>\r\n<p>Je\u015bli chodzi o nas, nie wierzymy w Jeden \u015awiatowy &#8222;Rz\u0105d&#8221; (tzn. Dyktatur\u0119 Jednego \u015awiata), w hegemoni\u0119 planetarn\u0105 i jednorodno\u015b\u0107, w jeden rozmiar dla wszystkich, o kt\u00f3rym decyduje samozwa\u0144cza, odg\u00f3rnie ustanowiona globalna elita super-kapitalistycznych mega-bogatych. Mamy inne warto\u015bci, o wiele starsze i o wiele nowsze ni\u017c oni, poniewa\u017c nasze warto\u015bci s\u0105 ponadczasowe, reprezentuj\u0105 Ci\u0105g\u0142o\u015b\u0107, a nawet zbli\u017caj\u0105 si\u0119 do Wieczno\u015bci.<\/p>\r\n<p>Wierzymy w to\u017csamo\u015b\u0107 duchow\u0105 &#8211; osobist\u0105, rodzinn\u0105 i narodow\u0105, poniewa\u017c wierzymy, \u017ce wszystkie naprawd\u0119 wa\u017cne rzeczy s\u0105 wa\u017cniejsze ni\u017c pieni\u0105dze. Wierzymy w warto\u015bci cywilizacyjne, w tradycje kulturowe i pami\u0119\u0107 historyczn\u0105, wierzymy w cz\u0142owiecze\u0144stwo (pami\u0119tacie jeszcze to s\u0142owo?), w prawd\u0119, w suwerenno\u015b\u0107 narodow\u0105, sprawiedliwo\u015b\u0107 spo\u0142eczn\u0105 i dobrobyt dla wszystkich. Tak, wszystkie te warto\u015bci s\u0105 wy\u017csze ni\u017c kapita\u0142, mamona, brudna fortuna, na kt\u00f3rej opiera si\u0119 ca\u0142y ich styl \u017cycia. I w\u0142a\u015bnie dlatego nie b\u0119dziemy wywiesza\u0107 flagi zmy\u015blonego kraju, kt\u00f3ry istnieje tylko jako pretekst do samousprawiedliwienia si\u0119 \u017c\u0105dnych pieni\u0119dzy \u015bwiatowych tyran\u00f3w.<\/p>\r\n<p><em>T\u0142um. S\u0142awomir Soja<\/em><\/p>\r\n<p>&nbsp;<\/p>\r\n<p class=\"zrodlo\">\u0179r\u00f3d\u0142o: <span style=\"text-decoration: underline;\"><a href=\"https:\/\/thesaker.is\/what-sort-of-western-people-fly-a-ukrainian-flag\/\">The Saker (May 03, 2022) &#8211; &#8222;What Sort of Western People Fly a Ukrainian Flag?&#8221;<\/a><\/span><\/p>","protected":false},"excerpt":{"rendered":"Mog\u0119 przejecha\u0107 z miejsca w kt\u00f3rym mieszkam dziesi\u0119\u0107 kilometr\u00f3w w dowolnym kierunku i zobaczy\u0107 w przydomowych ogr\u00f3dkach trzy lub cztery flagi ukrai\u0144skie powiewaj\u0105ce lub zwisaj\u0105ce, w zale\u017cno\u015bci od wiatru. W tym czasie mog\u0119 min\u0105\u0107 tysi\u0105c dom\u00f3w. Odsetek wywieszaj\u0105cych flagi ukrai\u0144skie jest wtedy bardzo ma\u0142y, na pewno znacznie mniejszy ni\u017c 1%. Ale po co w og\u00f3le [&hellip;]","protected":false},"author":1,"featured_media":0,"comment_status":"closed","ping_status":"closed","sticky":false,"template":"","format":"standard","meta":{"_acf_changed":false,"_monsterinsights_skip_tracking":false,"_monsterinsights_sitenote_active":false,"_monsterinsights_sitenote_note":"","_monsterinsights_sitenote_category":0,"ngg_post_thumbnail":0,"footnotes":"","_wp_rev_ctl_limit":""},"categories":[13],"tags":[20,167],"acf":[],"_links":{"self":[{"href":"https:\/\/www.bibula.com\/index.php?rest_route=\/wp\/v2\/posts\/133801"}],"collection":[{"href":"https:\/\/www.bibula.com\/index.php?rest_route=\/wp\/v2\/posts"}],"about":[{"href":"https:\/\/www.bibula.com\/index.php?rest_route=\/wp\/v2\/types\/post"}],"author":[{"embeddable":true,"href":"https:\/\/www.bibula.com\/index.php?rest_route=\/wp\/v2\/users\/1"}],"replies":[{"embeddable":true,"href":"https:\/\/www.bibula.com\/index.php?rest_route=%2Fwp%2Fv2%2Fcomments&post=133801"}],"version-history":[{"count":2,"href":"https:\/\/www.bibula.com\/index.php?rest_route=\/wp\/v2\/posts\/133801\/revisions"}],"predecessor-version":[{"id":133807,"href":"https:\/\/www.bibula.com\/index.php?rest_route=\/wp\/v2\/posts\/133801\/revisions\/133807"}],"wp:attachment":[{"href":"https:\/\/www.bibula.com\/index.php?rest_route=%2Fwp%2Fv2%2Fmedia&parent=133801"}],"wp:term":[{"taxonomy":"category","embeddable":true,"href":"https:\/\/www.bibula.com\/index.php?rest_route=%2Fwp%2Fv2%2Fcategories&post=133801"},{"taxonomy":"post_tag","embeddable":true,"href":"https:\/\/www.bibula.com\/index.php?rest_route=%2Fwp%2Fv2%2Ftags&post=133801"}],"curies":[{"name":"wp","href":"https:\/\/api.w.org\/{rel}","templated":true}]}}