{"id":133774,"date":"2022-05-02T19:11:18","date_gmt":"2022-05-02T23:11:18","guid":{"rendered":"https:\/\/www.bibula.com\/?p=133774"},"modified":"2022-05-02T19:11:18","modified_gmt":"2022-05-02T23:11:18","slug":"nie-dzielmy-polskiej-krwi-przemyslaw-piasta","status":"publish","type":"post","link":"https:\/\/www.bibula.com\/?p=133774","title":{"rendered":"Nie dzielmy polskiej krwi &#8211; <em>Przemys\u0142aw Piasta<\/em>"},"content":{"rendered":"<div class=\"btArticleContentInnerInner\">\r\n<div class=\"bt_bb_wrapper\">\r\n<p>77 lat temu, 2 maja 1945 roku \u017co\u0142nierze 1 Dywizji Piechoty im. Tadeusza Ko\u015bciuszki zawiesili polsk\u0105 flag\u0119 na Kolumnie Zwyci\u0119stwa w Berlinie. Dzi\u0119ki bohaterstwu polskiego \u017co\u0142nierza bia\u0142o-czerwona za\u0142opota\u0142a nad zgliszczami stolicy naszego odwiecznego wroga.<\/p>\r\n<p>To dobry moment by wspomnie\u0107 tych, kt\u00f3rzy przelewali krew za Polsk\u0119, dzi\u015b s\u0105 za\u015b w najlepszym razie przemilczani. Historia jest bowiem dzisiaj fa\u0142szowana w imi\u0119 bie\u017c\u0105cych politycznych interes\u00f3w. Bynajmniej nie polskich.<\/p>\r\n<p>Od lat w internecie kr\u0105\u017cy fa\u0142szywka, jakoby polscy \u017co\u0142nierze za sw\u00f3j czyn zostali rozstrzelani przez czerwonoarmist\u00f3w. To oczywista nieprawda. Ostatni z pi\u0119ciu bohater\u00f3w, kt\u00f3rzy 2 maja 1945 roku zawiesili bia\u0142o-czerwon\u0105 flag\u0119 na Kolumnie Zwyci\u0119stwa w Berlinie, kapitan <strong>Antoni Jab\u0142o\u0144ski<\/strong>, zmar\u0142 w 2025 roku do\u017cywaj\u0105c s\u0119dziwego wieku. Jab\u0142o\u0144ski walczy\u0142 o zdobycie Berlina jako kapral w 1 Pu\u0142ku Artylerii Lekkiej 1 Dywizji Piechoty im. Tadeusza Ko\u015bciuszki. Wspomina\u0142, \u017ce rano 2 maja jego dow\u00f3dca zobaczy\u0142, i\u017c Niemcy sk\u0142adaj\u0105 bro\u0144. To wtedy zadecydowa\u0142, \u017ce jego \u017co\u0142nierze musz\u0105 wywiesi\u0107 polsk\u0105 flag\u0119 na imponuj\u0105cym monumencie, symbolu germa\u0144skiego imperializmu \u2013 Kolumnie Zwyci\u0119stwa.<\/p>\r\n<p><img fetchpriority=\"high\" decoding=\"async\" class=\" wp-image-9537 aligncenter\" src=\"https:\/\/myslpolska.info\/wp-content\/uploads\/2022\/05\/jablonowski-1-640x360.jpg\" sizes=\"(max-width: 640px) 100vw, 640px\" srcset=\"https:\/\/myslpolska.info\/wp-content\/uploads\/2022\/05\/jablonowski-1-640x360.jpg 640w, https:\/\/myslpolska.info\/wp-content\/uploads\/2022\/05\/jablonowski-1-768x432.jpg 768w, https:\/\/myslpolska.info\/wp-content\/uploads\/2022\/05\/jablonowski-1-320x180.jpg 320w, https:\/\/myslpolska.info\/wp-content\/uploads\/2022\/05\/jablonowski-1-600x337.jpg 600w, https:\/\/myslpolska.info\/wp-content\/uploads\/2022\/05\/jablonowski-1.jpg 1000w\" alt=\"\" width=\"745\" height=\"419\"><\/p>\r\n<p style=\"text-align: center;\"><em>Kapral Jab\u0142o\u0144ski z bia\u0142o-czerwona nad ruinami Berlina&nbsp;<\/em><\/p>\r\n<p>&nbsp;<\/p>\r\n<p><img decoding=\"async\" class=\" wp-image-9536 aligncenter\" src=\"https:\/\/myslpolska.info\/wp-content\/uploads\/2022\/05\/jablonski-640x426.jpg\" sizes=\"(max-width: 640px) 100vw, 640px\" srcset=\"https:\/\/myslpolska.info\/wp-content\/uploads\/2022\/05\/jablonski-640x426.jpg 640w, https:\/\/myslpolska.info\/wp-content\/uploads\/2022\/05\/jablonski-768x512.jpg 768w, https:\/\/myslpolska.info\/wp-content\/uploads\/2022\/05\/jablonski-320x213.jpg 320w, https:\/\/myslpolska.info\/wp-content\/uploads\/2022\/05\/jablonski-660x440.jpg 660w, https:\/\/myslpolska.info\/wp-content\/uploads\/2022\/05\/jablonski-330x220.jpg 330w, https:\/\/myslpolska.info\/wp-content\/uploads\/2022\/05\/jablonski-600x400.jpg 600w, https:\/\/myslpolska.info\/wp-content\/uploads\/2022\/05\/jablonski.jpg 800w\" alt=\"\" width=\"748\" height=\"498\"><\/p>\r\n<p style=\"text-align: center;\"><em>94 urodziny kapitana Jab\u0142o\u0144skiego. Weteran wspomina wojenne przewagi.&nbsp;<\/em><\/p>\r\n<p>Wykonania zadania podj\u0119\u0142o si\u0119 pi\u0119ciu polskich \u017co\u0142nierzy. Dowodzi\u0142 nimi ppor. <strong>Miko\u0142aj Troicki<\/strong>, zast\u0119pca dow\u00f3dcy baterii ds. polityczno-wychowawczych. Weteran znad Bzury, p\u00f3\u017aniej \u017co\u0142nierz Armii Krajowej. Wojenna zawierucha sprawi\u0142a, \u017ce w 1945 roku znalaz\u0142 si\u0119 w 1 Armii Wojska Polskiego. Poza nim i wspomnianym ju\u017c Jab\u0142o\u0144skim do misji zg\u0142osili si\u0119 plutonowy <strong>Kazimierz Otap<\/strong>, kanonier <strong>Eugeniusz Mierzejewski<\/strong> i kanonier <strong>Aleksander Karpowicz<\/strong>. Popl\u0105tane losy doprowadzi\u0142y ich od kl\u0119ski wrze\u015bniowej, poprzez zbrojn\u0105 konspiracj\u0119 a\u017c do armii Berlinga. Byli polskimi \u017co\u0142nierzami. Walczyli dla Polski i za Polsk\u0119.<\/p>\r\n<p>Pami\u0119tajmy o tym w to radosne \u015bwi\u0119to. Nie dzielmy polskiej krwi, niezale\u017cnie pod jakimi sztandarami by\u0142a przelewana. Na przek\u00f3r wszystkim tym, kt\u00f3rzy pracuj\u0105c dla obcych, pouczaj\u0105 nas czym jest patriotyzm.<\/p>\r\n<p><em><strong>Przemys\u0142aw Piasta<\/strong><\/em><\/p>\r\n<\/div>\r\n<\/div>","protected":false},"excerpt":{"rendered":"77 lat temu, 2 maja 1945 roku \u017co\u0142nierze 1 Dywizji Piechoty im. Tadeusza Ko\u015bciuszki zawiesili polsk\u0105 flag\u0119 na Kolumnie Zwyci\u0119stwa w Berlinie. Dzi\u0119ki bohaterstwu polskiego \u017co\u0142nierza bia\u0142o-czerwona za\u0142opota\u0142a nad zgliszczami stolicy naszego odwiecznego wroga. To dobry moment by wspomnie\u0107 tych, kt\u00f3rzy przelewali krew za Polsk\u0119, dzi\u015b s\u0105 za\u015b w najlepszym razie przemilczani. Historia jest bowiem [&hellip;]","protected":false},"author":1,"featured_media":0,"comment_status":"closed","ping_status":"closed","sticky":false,"template":"","format":"standard","meta":{"_acf_changed":false,"_monsterinsights_skip_tracking":false,"_monsterinsights_sitenote_active":false,"_monsterinsights_sitenote_note":"","_monsterinsights_sitenote_category":0,"ngg_post_thumbnail":0,"footnotes":"","_wp_rev_ctl_limit":""},"categories":[13],"tags":[59],"acf":[],"_links":{"self":[{"href":"https:\/\/www.bibula.com\/index.php?rest_route=\/wp\/v2\/posts\/133774"}],"collection":[{"href":"https:\/\/www.bibula.com\/index.php?rest_route=\/wp\/v2\/posts"}],"about":[{"href":"https:\/\/www.bibula.com\/index.php?rest_route=\/wp\/v2\/types\/post"}],"author":[{"embeddable":true,"href":"https:\/\/www.bibula.com\/index.php?rest_route=\/wp\/v2\/users\/1"}],"replies":[{"embeddable":true,"href":"https:\/\/www.bibula.com\/index.php?rest_route=%2Fwp%2Fv2%2Fcomments&post=133774"}],"version-history":[{"count":1,"href":"https:\/\/www.bibula.com\/index.php?rest_route=\/wp\/v2\/posts\/133774\/revisions"}],"predecessor-version":[{"id":133775,"href":"https:\/\/www.bibula.com\/index.php?rest_route=\/wp\/v2\/posts\/133774\/revisions\/133775"}],"wp:attachment":[{"href":"https:\/\/www.bibula.com\/index.php?rest_route=%2Fwp%2Fv2%2Fmedia&parent=133774"}],"wp:term":[{"taxonomy":"category","embeddable":true,"href":"https:\/\/www.bibula.com\/index.php?rest_route=%2Fwp%2Fv2%2Fcategories&post=133774"},{"taxonomy":"post_tag","embeddable":true,"href":"https:\/\/www.bibula.com\/index.php?rest_route=%2Fwp%2Fv2%2Ftags&post=133774"}],"curies":[{"name":"wp","href":"https:\/\/api.w.org\/{rel}","templated":true}]}}