{"id":133763,"date":"2022-05-01T13:11:20","date_gmt":"2022-05-01T17:11:20","guid":{"rendered":"https:\/\/www.bibula.com\/?p=133763"},"modified":"2022-05-01T13:35:00","modified_gmt":"2022-05-01T17:35:00","slug":"dr-zbigniew-halat-pozegnanie-wspomnienia-i-spuscizna","status":"publish","type":"post","link":"https:\/\/www.bibula.com\/?p=133763","title":{"rendered":"Dr Zbigniew Ha\u0142at \u2013 po\u017cegnanie, wspomnienia i spu\u015bcizna"},"content":{"rendered":"<div class=\"p_underline\">\r\n<h4>Marsz Pami\u0119ci dr Zbigniewa Ha\u0142ata 3 maja przejdzie ulicami Wroclawia<\/h4>\r\n<p>17 kwietnia zmar\u0142 Dr Zbigniew Ha\u0142at znany i ceniony lekarz, specjalista epidemiolog, publicysta, dzia\u0142acz spo\u0142eczny, wiceminister zdrowia oraz g\u0142\u00f3wny inspektor sanitarny.&nbsp;<\/p>\r\n<p>Aby pami\u0119\u0107 o tym Wielkim Cz\u0142owieku trwa\u0142a,&nbsp; z inicjatywy jego przyjaci\u00f3\u0142, \u015brodowisk wolno\u015bciowych, medialnych i medycznych:<\/p>\r\n<p>3 maja ulicami Wroc\u0142awia przejdzie Marsz Pami\u0119ci dr Zbigniewa Ha\u0142ata<\/p>\r\n<p>Zapraszamy do Wroc\u0142awia ka\u017cdego, komu doktor by\u0142 bliski. We\u017amy ze sob\u0105 bia\u0142o czerwone flagi i godnie po\u017cegnajmy naszego przyjaciela, wybitnego cz\u0142owieka.&nbsp;<\/p>\r\n<p>Rozpoczniemy uroczyst\u0105 msz\u0105 \u015bwi\u0119t\u0105 kt\u00f3ra odb\u0119dzie si\u0119 3 maja 2022 o godzinie 11:00 w Kolegiacie \u015awi\u0119tego Krzy\u017ca przy placu Ko\u015bcielnym 1 we Wroc\u0142awiu.<\/p>\r\n<p>Tu\u017c po mszy, zmar\u0142ego lekarza wspomn\u0105 przyjaciele, osoby, kt\u00f3re dzia\u0142a\u0142y z&nbsp; nim spo\u0142ecznie oraz koledzy- lekarze.<\/p>\r\n<p>Oko\u0142o godziny 13:00 ruszy Marsz pami\u0119ci dr Zbigniewa Ha\u0142ata. Trasa marszu b\u0119dzie przebiega\u0107 przez plac Ko\u015bcielny, ul. Katedraln\u0105, most Tumski, ul. Piaskow\u0105, plac Dominika\u0144ski, O\u0142awsk\u0105 (deptak), Rynek (pr\u0119gierz), ul. Ku\u017anicz\u0105, most Uniwersytecki, ul. Dubois, ul. Pomorsk\u0105, plac Staszica, ul. Reymonta, most Osobowicki, ul. Osobowick\u0105. Marsz zako\u0144czy si\u0119 przy&nbsp; cmentarzu Osobowickim (wej\u015bcie brama g\u0142\u00f3wna).<\/p>\r\n<h4>&nbsp;<\/h4>\r\n<h4>Kim by\u0142?&nbsp;<\/h4>\r\n<p>Zbigniew Ha\u0142at po studiach lekarskich&nbsp; na Akademii Medycznej we Wroc\u0142awiu wyjecha\u0142 do Afryki, gdzie zajmowa\u0142 si\u0119 zwalczaniem epidemii chor\u00f3b tropikalnych, zaka\u017ce\u0144 i zatru\u0107. W latach 1974-1984 pracowa\u0142 w Wojew\u00f3dzkiej Stacji Sanitarno- Epidemiologicznej we Wroc\u0142awiu, a p\u00f3\u017aniej w Szpitalu Wojew\u00f3dzkim im. J. Babi\u0144skiego.<\/p>\r\n<p>W latach 80. by\u0142 konsultantem ds. epidemiologii rz\u0105du w Kenii (w Afryce Wschodniej). Po powrocie do kraju po\u015bwi\u0119ci\u0142 si\u0119 zapobieganiu AIDS podczas dzia\u0142alno\u015bci w Polskim Czerwonym Krzy\u017cu. W latach 1991-1993 pe\u0142ni\u0142 funkcj\u0119 podsekretarza stanu w Ministerstwie Zdrowia oraz&nbsp; G\u0142\u00f3wnego Inspektora Sanitarnego. Do 2020 roku pracowa\u0142 jako dyrektor medyczny we wroc\u0142awskim oddziale Narodowego Funduszu Zdrowia.&nbsp;<\/p>\r\n<p>Jego felietony pt. \u201eSpr\u00f3buj pomy\u015ble\u0107\u201d w Radiu Maryja otwiera\u0142y ludziom oczy na wiele spraw. By\u0142 te\u017c&nbsp; publicyst\u0105 Telewizji Trwam. W 2000 za\u0142o\u017cy\u0142 Instytut Wody. Pe\u0142ni\u0142 funkcj\u0119 prezesa wielu organizacji spo\u0142ecznych, m.in. Stowarzyszenia Ochrony Zdrowia Konsument\u00f3w, Medycznego Centrum Konsumenta, Towarzystwa \u015al\u0119\u017ca\u0144skiego i Towarzystwa Dobroczynnego im. Joanny Ewy Ha\u0142at \u2013 Wielebnej Matki J\u00f3zefy Ha\u0142aci\u0144skiej.&nbsp;<\/p>\r\n<p>By\u0142 autorem opracowa\u0144, artyku\u0142\u00f3w i wyk\u0142ad\u00f3w m.in. z dziedziny zdrowia publicznego i praw konsument\u00f3w, szczeg\u00f3lnie propaguj\u0105cych zdrow\u0105 wod\u0119 i zdrowe \u017cywienie.<\/p>\r\n<p>Zwraca\u0142 uwag\u0119 na to, \u017ce \u017cywno\u015b\u0107 modyfikowana genetycznie jest \u201ewsp\u00f3\u0142czesn\u0105 broni\u0105 masowego ra\u017cenia, sprzyjaj\u0105c\u0105 rozwojowi infekcji, nowotwor\u00f3w oraz oporno\u015bci bakterii\u201d.<\/p>\r\n<p>Zarzuca\u0142&nbsp; \u015awiatowej Organizacji Zdrowia (WHO), \u017ce zajmuje si\u0119 promowaniem ideologii, zamiast zwalczaniem chor\u00f3b zaka\u017anych.&nbsp; W ci\u0105gu ostatnich dw\u00f3ch lat, konsekwentnie sprzeciwia\u0142 si\u0119 nie maj\u0105cej podstaw \u201esegregacji sanitarnej\u201d oraz g\u0142o\u015bno m\u00f3wi\u0142 o w\u0105tpliwym bezpiecze\u0144stwie oraz skuteczno\u015bci preparat\u00f3w szczepionkowych przeciwko Covid-19<\/p>\r\n<p>W 2021 wzi\u0105\u0142 udzia\u0142 w konferencji inauguruj\u0105cej powstanie Polskiego Stowarzyszenia Niezale\u017cnych Lekarzy i Naukowc\u00f3w oraz zosta\u0142 jednym z lider\u00f3w ruchu Polska Jest Jedna.&nbsp;<\/p>\r\n<p>&nbsp;<\/p>\r\n<h4>Marsz Pami\u0119ci dr Zbigniewa Ha\u0142ata<\/h4>\r\n<p>Organizujemy ten marsz aby ka\u017cdy m\u00f3g\u0142 godnie go po\u017cegna\u0107. Cenimy Pana doktora za to, \u017ce nie ba\u0142 si\u0119 m\u00f3wi\u0107 prawdy, pomimo ryzyka poniesienia konsekwencji. B\u0119dzie nam go brakowa\u0142o. Postaramy si\u0119 kontynuowa\u0107 jego prac\u0119, przekazuj\u0105c wiedz\u0119 dalej. By\u0142 to cz\u0142owiek o wielkim sercu dla innych. Du\u017ce do\u015bwiadczenie w pracy jako epidemiolog i lekarz oraz rozleg\u0142a wiedza, pozwoli\u0142y mu formu\u0142owa\u0107 prawid\u0142owe wnioski i oceny. Wielu z nas otworzy\u0142 oczy na prawd\u0119 o szczepieniach i pandemii. Jest bohaterem obecnych czas\u00f3w.<\/p>\r\n<p>Kontakt dla medi\u00f3w 606668891&nbsp;<\/p>\r\n<p>&nbsp;<\/p>\r\n<p><img fetchpriority=\"high\" decoding=\"async\" class=\"aligncenter\" src=\"https:\/\/stopnop.com.pl\/wp-content\/uploads\/2022\/04\/IMG_20220426_113149_627-1024x1024.jpg\" width=\"752\" height=\"752\"><\/p>\r\n<p>&nbsp;<\/p>\r\n<h4>&nbsp;<\/h4>\r\n<h4><strong>Ostatnie wywiady i artyku\u0142y<\/strong><\/h4>\r\n<p><blockquote class=\"wp-embedded-content\" data-secret=\"YJ8ifZGNZK\"><a href=\"https:\/\/wolnosc.tv\/dr-j-sokolowska-dr-a-martynowska-dr-a-furmaniuk-dr-z-halat-ostro-o-ludobojstwie-w-polsce-podczas-debaty-zbrodnia-ukarana-2-0-u-miry-pilaszewicz\/\">Dr J. Soko\u0142owska, dr A. Martynowska, dr A. Furmaniuk, dr Z. Ha\u0142at ostro o LUDOB\u00d3JSTWIE w Polsce podczas debaty \u201cZbrodnia ukarana? 2.0\u201d u Miry Pi\u0142aszewicz<\/a><\/blockquote><iframe class=\"wp-embedded-content\" sandbox=\"allow-scripts\" security=\"restricted\" style=\"position: absolute; clip: rect(1px, 1px, 1px, 1px);\" title=\"&#8222;Dr J. Soko\u0142owska, dr A. Martynowska, dr A. Furmaniuk, dr Z. Ha\u0142at ostro o LUDOB\u00d3JSTWIE w Polsce podczas debaty \u201cZbrodnia ukarana? 2.0\u201d u Miry Pi\u0142aszewicz&#8221; &#8212; Wolnosc.TV\" src=\"https:\/\/wolnosc.tv\/dr-j-sokolowska-dr-a-martynowska-dr-a-furmaniuk-dr-z-halat-ostro-o-ludobojstwie-w-polsce-podczas-debaty-zbrodnia-ukarana-2-0-u-miry-pilaszewicz\/embed\/#?secret=YJ8ifZGNZK\" data-secret=\"YJ8ifZGNZK\" width=\"600\" height=\"338\" frameborder=\"0\" marginwidth=\"0\" marginheight=\"0\" scrolling=\"no\"><\/iframe><\/p>\r\n<p>&nbsp;<\/p>\r\n<p><blockquote class=\"wp-embedded-content\" data-secret=\"9CQsCODGaL\"><a href=\"https:\/\/wolnosc.tv\/kryzys-zywnosciowy-okazja-dla-rolnictwa-ekologicznego-rada-wszechstronnie-zdrowego-zywienia-wideo\/\">GDY ZAGRA\u017bA G\u0141\u00d3D Rada Wszechstronnie Zdrowego \u017bywienia tworzy RYNECZEK POLSKIEGO ROLNIKA [WIDEO]<\/a><\/blockquote><iframe class=\"wp-embedded-content\" sandbox=\"allow-scripts\" security=\"restricted\" style=\"position: absolute; clip: rect(1px, 1px, 1px, 1px);\" title=\"&#8222;GDY ZAGRA\u017bA G\u0141\u00d3D Rada Wszechstronnie Zdrowego \u017bywienia tworzy RYNECZEK POLSKIEGO ROLNIKA [WIDEO]&#8221; &#8212; Wolnosc.TV\" src=\"https:\/\/wolnosc.tv\/kryzys-zywnosciowy-okazja-dla-rolnictwa-ekologicznego-rada-wszechstronnie-zdrowego-zywienia-wideo\/embed\/#?secret=9CQsCODGaL\" data-secret=\"9CQsCODGaL\" width=\"600\" height=\"338\" frameborder=\"0\" marginwidth=\"0\" marginheight=\"0\" scrolling=\"no\"><\/iframe><\/p>\r\n<p>&nbsp;<\/p>\r\n<p><blockquote class=\"wp-embedded-content\" data-secret=\"GYsNcEAeIg\"><a href=\"https:\/\/wolnosc.tv\/debata-dziesieciu-uczestnikow-nie-ma-tego-zlego-czyli-swiat-plonie-i-oczyszcza-sie-w-ogniu-u-miry-pilaszewicz-wideo\/\">Debata dziesi\u0119ciu uczestnik\u00f3w &#8222;Nie ma tego z\u0142ego&#8230; Czyli \u015bwiat p\u0142onie i oczyszcza si\u0119 w ogniu&#8221; u Miry Pi\u0142aszewicz [WIDEO]<\/a><\/blockquote><iframe class=\"wp-embedded-content\" sandbox=\"allow-scripts\" security=\"restricted\" style=\"position: absolute; clip: rect(1px, 1px, 1px, 1px);\" title=\"&#8222;Debata dziesi\u0119ciu uczestnik\u00f3w &#8222;Nie ma tego z\u0142ego&#8230; Czyli \u015bwiat p\u0142onie i oczyszcza si\u0119 w ogniu&#8221; u Miry Pi\u0142aszewicz [WIDEO]&#8221; &#8212; Wolnosc.TV\" src=\"https:\/\/wolnosc.tv\/debata-dziesieciu-uczestnikow-nie-ma-tego-zlego-czyli-swiat-plonie-i-oczyszcza-sie-w-ogniu-u-miry-pilaszewicz-wideo\/embed\/#?secret=GYsNcEAeIg\" data-secret=\"GYsNcEAeIg\" width=\"600\" height=\"338\" frameborder=\"0\" marginwidth=\"0\" marginheight=\"0\" scrolling=\"no\"><\/iframe><\/p>\r\n<iframe title=\"YouTube video player\" src=\"https:\/\/www.youtube.com\/embed\/K0GCmaA14ow\" allowfullscreen=\"allowfullscreen\" width=\"560\" height=\"315\" frameborder=\"0\"><\/iframe>\r\n<p>&nbsp;<\/p>\r\n<p>&nbsp;<\/p>\r\n<h4><strong>Wspomnienia<\/strong><\/h4>\r\n<p><a href=\"https:\/\/www.facebook.com\/114119667057134\/posts\/503270574808706\/\"><strong><em>Dr Anna Martynowska<\/em><\/strong><\/a><\/p>\r\n<p>\u201eKiedy pierwszy raz zobaczy\u0142am wyst\u0105pienie dr Ha\u0142ata \u2013 nie mog\u0142am uwierzy\u0107 w to co s\u0142ysz\u0119.Ja ju\u017c by\u0142am po s\u0105dzie lekarskim. Ja to ja, nic nieznacz\u0105ce co\u015b z prowincji, ale cz\u0142owiek z takim dorobkiem, mo\u017cna powiedzie\u0107 \u201e\u015bwiatowy\u201d staje w prawdzie, podczas gdy niemal wszyscy, kt\u00f3rzy zostali do tego powo\u0142ani milcz\u0105, albo co gorsza uczestnicz\u0105 w tym wielkim k\u0142amstwie, by\u0142am pozytywnie zszokowana. Nawi\u0105zali\u015bmy kontakt telefoniczny i mailowy. Potem p\u0119dzi\u0142y\u015bmy z Cecylk\u0105 na seminarium do Lublina, z szacunku dla organizatora -prof.Zaj\u0105czkowskiego i \u017ceby wreszcie spotka\u0107 osobi\u015bcie dr Zbigniewa Ha\u0142ata. Niezwykle ciep\u0142y, obdarzony poczuciem humoru (co zwiastuje wysok\u0105 inteligencj\u0119) cz\u0142owiek. Da\u0142am mu to co mia\u0142am dobrego -s\u0142oik najlepszej na \u015bwiecie cukinii, kt\u00f3r\u0105 przygotowa\u0142a moja pacjentka.Opowiada\u0142 dumnie o swojej ciotce -b\u0142ogos\u0142awionej J\u00f3zefie Ha\u0142aci\u0144skiej. By\u0142o to dla Niego wa\u017cne. Przyjecha\u0142 na pogrzeb mojego syna, czym wzbudzi\u0142 sensacj\u0119. Prawdziwych przyjaci\u00f3\u0142 poznaje si\u0119 w biedzie. Teraz Dzidek opowiada mu o swoich podr\u00f3\u017cach po Polsce i Rumunii (by\u0142 pierwszy), a On opowie mu o Afryce.Nie dane mi by\u0142o odprowadzi\u0107 Go w Ostatni\u0105 Drog\u0119. B\u0119dzie do\u0142\u0105czony do modlitwy codziennie, obok mojego syna. I w tym sensie obaj maj\u0105 szcz\u0119\u015bcie. Za spok\u00f3j jego duszy zostanie odprawiona Msza \u015aw. 8 maja w Radochowie pod L\u0105dkiem o godz.12.30. Zbyszku! \u201eW dobrych zawodach wyst\u0105pi\u0142em, bieg uko\u0144czy\u0142em, wiary ustrzeg\u0142em.\u201d RiP. A.M.<\/p>\r\n<article id=\"post-11587\" class=\"post-11587 post type-post status-publish format-standard has-post-thumbnail hentry category-uncategorized\">\r\n<p>&nbsp;<\/p>\r\n<figure class=\"wp-block-gallery has-nested-images columns-default is-cropped\">\r\n<figure class=\"wp-block-image size-large\"><a href=\"https:\/\/stopnop.com.pl\/wp-content\/uploads\/2022\/04\/RPX6582.jpg\"><img decoding=\"async\" class=\"wp-image-11599 aligncenter\" src=\"https:\/\/stopnop.com.pl\/wp-content\/uploads\/2022\/04\/RPX6582-1024x683.jpg\" sizes=\"(max-width: 1024px) 100vw, 1024px\" srcset=\"https:\/\/stopnop.com.pl\/wp-content\/uploads\/2022\/04\/RPX6582-1024x683.jpg 1024w, https:\/\/stopnop.com.pl\/wp-content\/uploads\/2022\/04\/RPX6582-300x200.jpg 300w, https:\/\/stopnop.com.pl\/wp-content\/uploads\/2022\/04\/RPX6582-768x512.jpg 768w, https:\/\/stopnop.com.pl\/wp-content\/uploads\/2022\/04\/RPX6582-1536x1024.jpg 1536w, https:\/\/stopnop.com.pl\/wp-content\/uploads\/2022\/04\/RPX6582-2048x1366.jpg 2048w\" alt=\"\" data-id=\"11599\" width=\"759\" height=\"506\"><\/a><\/figure>\r\n<\/figure>\r\n<p><strong><a href=\"https:\/\/www.facebook.com\/100005833750822\/posts\/1838545493016558\/\"><em>Prof. Roman Zieli\u0144ski<\/em><\/a><\/strong><\/p>\r\n<p>Wspomnienie o Doktorze Zbigniewie Ha\u0142acie<\/p>\r\n<p>Z wielkim smutkiem i niedowierzaniem przyj\u0105\u0142em wiadomo\u015b\u0107 o \u015bmierci Dr. Zbigniewa Ha\u0142ata. Jeszcze w dniu poprzedzaj\u0105cym to tragiczne wydarzenie, tj. 16 kwietnia 2022 r. odebra\u0142em od Dr. Zbigniewa Ha\u0142ata przes\u0142ane mi pi\u0119kne \u017cyczenia spokojnych \u015awi\u0105t Wielkanocnych. Odpowiedzia\u0142em tego samego dnia p\u00f3\u017anym wieczorem, \u017cycz\u0105c r\u00f3wnie\u017c radosnych \u015awi\u0105t, sp\u0119dzonych na \u0142onie Rodziny. Mog\u0119 mie\u0107 jedynie nadziej\u0119, \u017ce \u017cyczenia te zosta\u0142y odczytane.<\/p>\r\n<p>Z Dr. Zbigniewem Ha\u0142atem by\u0142em zaprzyja\u017aniony w szczeg\u00f3lny spos\u00f3b. Pami\u0119tam nasz\u0105 pierwsz\u0105 rozmow\u0119 telefoniczn\u0105, kiedy to zadzwoni\u0142 do mnie Dr. Zbigniew Ha\u0142at i stwierdzi\u0142 bezceremonialnie, \u017ce jestem od niego m\u0142odszy, czyli dla niego jestem, jak to uj\u0105\u0142 rubasznie, \u201esmarkaczem\u201d i dlatego b\u0119dziemy sobie m\u00f3wi\u0107 po imieniu. Nazwa\u0142 mnie \u201eRomcio\u201d i tak ju\u017c pozosta\u0142o.<\/p>\r\n<p>Nigdy nie by\u0142o nam dane spotka\u0107 si\u0119 osobi\u015bcie. By\u0107 mo\u017ce nie odczuwali\u015bmy nawet takiej potrzeby. Mo\u017cna powiedzie\u0107, \u017ce \u201erozumieli\u015bmy si\u0119 bez s\u0142\u00f3w\u201d. Nadawali\u015bmy na tych samych falach.<\/p>\r\n<p>Zbyszka ceni\u0142em za jego profesjonalizm i bezkompromisowo\u015b\u0107. By\u0142 odwa\u017cnym cz\u0142owiekiem, gdy\u017c mia\u0142 cywiln\u0105 odwag\u0119 m\u00f3wi\u0107 to o czym wielu ba\u0142o si\u0119 nawet my\u015ble\u0107. By\u0142 autentyczny, godny zaufania, przepe\u0142niony prawd\u0105 i trosk\u0105 o nas wszystkich. By\u0142 m\u0105drym i uczciwym cz\u0142owiekiem. By\u0142 Wojownikiem i Bohaterem, zawsze na pierwszej linii frontu.<\/p>\r\n<p>Jestem dumny, \u017ce zd\u0105\u017cy\u0142em podzi\u0119kowa\u0107 Zbyszkowi w mojej Kowidowej ksi\u0105\u017cce za wsparcie i inspiracj\u0119 oraz za zamieszczenie wierszyka internautki, oddaj\u0105cej ho\u0142d Zbyszkowi. My\u015bl\u0119, \u017ce Zbyszek znalaz\u0142 czas w tym ci\u0105g\u0142ym swoim zabieganiu aby zajrze\u0107 do tej ksi\u0105\u017cki.<\/p>\r\n<p>Brakuje mi Zbyszka Ha\u0142ata, to strata niepowetowana, z kt\u00f3r\u0105 trudno si\u0119 pogodzi\u0107. To rodzaj traumy, z kt\u00f3r\u0105 b\u0119dzie trzeba si\u0119 mierzy\u0107 ka\u017cdego dnia.<\/p>\r\n<p>Zbyszek Ha\u0142at konsolidowa\u0142 spo\u0142eczno\u015b\u0107 ludzi pragn\u0105cych by\u0107 wolnymi i by\u0142 ich niekwestionowanym Liderem. Nie mo\u017cemy dopu\u015bci\u0107 aby pami\u0119\u0107 o Nim zosta\u0142a w jakikolwiek spos\u00f3b wypaczana. Musimy tak czyni\u0107 nie tyle dla Zbyszka Ha\u0142ata i pami\u0119ci o Nim, ale dla nas samych. Je\u015bli zapominamy o naszych Bohaterach, wtedy nasz los jest ju\u017c przes\u0105dzony. Musimy na miar\u0119 naszych si\u0142 i mo\u017cliwo\u015bci pod\u0105\u017ca\u0107 za drogowskazem jaki wskaza\u0142 nam Zbyszek Ha\u0142at, a\u017c do zwyci\u0119stwa, o kt\u00f3re tak \u017carliwie i do ko\u0144ca walczy\u0142 Zbyszek.<\/p>\r\n<figure class=\"wp-block-gallery has-nested-images columns-default is-cropped\">\r\n<figure class=\"wp-block-image size-large\"><a href=\"https:\/\/stopnop.com.pl\/wp-content\/uploads\/2022\/04\/IMG_20220424_212345.jpg\"><img decoding=\"async\" class=\"wp-image-11601 aligncenter\" src=\"https:\/\/stopnop.com.pl\/wp-content\/uploads\/2022\/04\/IMG_20220424_212345-1024x768.jpg\" sizes=\"(max-width: 1024px) 100vw, 1024px\" srcset=\"https:\/\/stopnop.com.pl\/wp-content\/uploads\/2022\/04\/IMG_20220424_212345-1024x768.jpg 1024w, https:\/\/stopnop.com.pl\/wp-content\/uploads\/2022\/04\/IMG_20220424_212345-300x225.jpg 300w, https:\/\/stopnop.com.pl\/wp-content\/uploads\/2022\/04\/IMG_20220424_212345-768x576.jpg 768w, https:\/\/stopnop.com.pl\/wp-content\/uploads\/2022\/04\/IMG_20220424_212345.jpg 1226w\" alt=\"\" data-id=\"11601\" width=\"751\" height=\"563\"><\/a><\/figure>\r\n<\/figure>\r\n<p><strong><em>Polskie Stowarzyszenie Niezale\u017cnych Lekarzy i Naukowc\u00f3w<\/em> <\/strong><\/p>\r\n<p><a href=\"https:\/\/psnlin.pl\/video,pozegnanie-i-testament-dr-zbigniewa-halata,85.html\">https:\/\/psnlin.pl\/video,pozegnanie-i-testament-dr-zbigniewa-halata,85.html<\/a><\/p>\r\n<p>&nbsp;<\/p>\r\n<figure class=\"wp-block-gallery has-nested-images columns-default is-cropped\">\r\n<figure class=\"wp-block-image size-large\"><a href=\"https:\/\/stopnop.com.pl\/wp-content\/uploads\/2022\/04\/IMG_20220428_105833_426.jpg\"><img loading=\"lazy\" decoding=\"async\" class=\"wp-image-11605 aligncenter\" src=\"https:\/\/stopnop.com.pl\/wp-content\/uploads\/2022\/04\/IMG_20220428_105833_426-768x1024.jpg\" sizes=\"(max-width: 768px) 100vw, 768px\" srcset=\"https:\/\/stopnop.com.pl\/wp-content\/uploads\/2022\/04\/IMG_20220428_105833_426-768x1024.jpg 768w, https:\/\/stopnop.com.pl\/wp-content\/uploads\/2022\/04\/IMG_20220428_105833_426-225x300.jpg 225w, https:\/\/stopnop.com.pl\/wp-content\/uploads\/2022\/04\/IMG_20220428_105833_426.jpg 960w\" alt=\"\" data-id=\"11605\" width=\"746\" height=\"995\"><\/a><\/figure>\r\n<\/figure>\r\n<p>&nbsp;<\/p>\r\n<p><em><strong>Jadwiga \u0141opata i Julian Rose<\/strong><\/em><\/p>\r\n<div>Wyra\u017camy dzi\u015b g\u0142\u0119boki wstrz\u0105s na wie\u015b\u0107 o \u015bmierci dr Zbigniewa Ha\u0142ata, wybitnego propagatora dzia\u0142a\u0144 humanitarnych w zakresie ochrony zdrowia.<\/div>\r\n<p>Dr Ha\u0142at wykracza\u0142 daleko poza swoje profesjonalne umiej\u0119tno\u015bci medyczne, wspieraj\u0105c kampanie na rzecz ochrony zdrowia i dobrobytu kraju. Mieli\u015bmy wielki zaszczyt wsp\u00f3\u0142pracowa\u0107 z nim, szczeg\u00f3lnie podczas kampanii na rzecz Polski wolnej od GMO, kt\u00f3r\u0105 zdecydowanie popiera\u0142, nazywaj\u0105c nasiona GMO \u201ebroni\u0105 masowego ra\u017cenia\u201d.<\/p>\r\n<p>Mamy g\u0142\u0119boki szacunek dla doktora Ha\u0142ata; b\u0119dzie nam go bardzo brakowa\u0142o. Wszyscy go kochali\u015bmy i kochamy.<br>\r\nNiech ta Mi\u0142o\u015b\u0107 rozprzestrzeni si\u0119 na ca\u0142\u0105 Polsk\u0119 i pokona z\u0142o, kt\u00f3re przenikn\u0119\u0142o do naszego kraju.<\/p>\r\n<ul>\r\n\t<li>DR ZBiGNiEW HA\u0141AT: GMO \u2013 BRO\u0143 MASOWEGO RA\u017bENiA \u2013 21 LAT iCPPC KRAK\u00d3W 28.XI.2021 ZDROJOWA TV<br>\r\n<a href=\"https:\/\/www.youtube.com\/watch?v=lysTatbI8oo\">https:\/\/www.youtube.com\/watch?v=lysTatbI8oo<\/a><\/li>\r\n\t<li><a href=\"http:\/\/icppc.pl\/index.php\/pl\/zobacz-galeria\/2021\/ywno-i-wolno-budujemy-pozytywn-przyszo\/jubileusz-21-lecia-3-670.html#joomimg\">http:\/\/icppc.pl\/index.php\/pl\/zobacz-galeria\/2021\/ywno-i-wolno-budujemy-pozytywn-przyszo\/jubileusz-21-lecia-3-670.html#joomimg<\/a><\/li>\r\n\t<li><a href=\"http:\/\/icppc.pl\/index.php\/pl\/zobacz-galeria\/2021\/ywno-i-wolno-budujemy-pozytywn-przyszo\/jubileusz-21-lecia-24-691.html#joomimg\">http:\/\/icppc.pl\/index.php\/pl\/zobacz-galeria\/2021\/ywno-i-wolno-budujemy-pozytywn-przyszo\/jubileusz-21-lecia-24-691.html#joomimg<\/a><\/li>\r\n\t<li>PILNE! Dr Zbigniew Ha\u0142at NIE \u017bYJE! Jak odszed\u0142 i co si\u0119 sta\u0142o!? WYDANIE SPECJALNE wRealu24!<br>\r\n<a href=\"https:\/\/www.youtube.com\/watch?v=IfFSKbu0bTg\">https:\/\/www.youtube.com\/watch?v=IfFSKbu0bTg<\/a><\/li>\r\n<\/ul>\r\n<p><em>Jadwiga \u0141opata i Julian Rose<\/em><\/p>\r\n<p><br>\r\n==========================<\/p>\r\n<p>Mi\u0119dzynarodowa Koalicja dla Ochrony Polskiej Wsi \u2013 ICPPC<br>\r\n34-146 Strysz\u00f3w 156, Poland tel.\/fax +48 33 8797114 biuro@icppc.pl<br>\r\n<a href=\"http:\/\/www.icppc.pl\">www.icppc.pl<\/a><a href=\"http:\/\/www.gmo.icppc.pl\">www.gmo.icppc.pl<\/a><a href=\"http:\/\/www.eko-cel.pl\">www.eko-cel.pl<\/a><\/p>\r\n<figure class=\"wp-block-gallery has-nested-images columns-default is-cropped\">\r\n<figure class=\"wp-block-image size-large\"><a href=\"https:\/\/stopnop.com.pl\/wp-content\/uploads\/2022\/04\/FB_IMG_1651165024411.jpg\"><img loading=\"lazy\" decoding=\"async\" class=\"wp-image-11613 aligncenter\" src=\"https:\/\/stopnop.com.pl\/wp-content\/uploads\/2022\/04\/FB_IMG_1651165024411-696x1024.jpg\" sizes=\"(max-width: 696px) 100vw, 696px\" srcset=\"https:\/\/stopnop.com.pl\/wp-content\/uploads\/2022\/04\/FB_IMG_1651165024411-696x1024.jpg 696w, https:\/\/stopnop.com.pl\/wp-content\/uploads\/2022\/04\/FB_IMG_1651165024411-204x300.jpg 204w, https:\/\/stopnop.com.pl\/wp-content\/uploads\/2022\/04\/FB_IMG_1651165024411.jpg 720w\" alt=\"\" data-id=\"11613\" width=\"760\" height=\"1118\"><\/a><\/figure>\r\n<p>&nbsp;<\/p>\r\n<\/figure>\r\n<p><a href=\"https:\/\/m.facebook.com\/story.php?story_fbid=3077773759199622&amp;id=100009010848136\"><strong><em>Pawe\u0142 Nogal<\/em><\/strong><\/a><\/p>\r\n<p>Mam pewno\u015b\u0107, \u017ce to tylko \u201echwilowa przerwa\u201d i cdn\ud83d\ude4f.<br>\r\nTakiego Doktora zapami\u0119tam\ud83d\udc47. Mija rok od kiedy mieli\u015bmy kontakt i to by\u0142 intensywny czas, a Doktor by\u0142 bardzo zaanga\u017cowany w sprawy \u015awiata. C\u00f3\u017c,<br>\r\n\u201ez tamtej przestrzeni\u201d potrzebne b\u0119dzie nam wsparcie i tam Doktor zapewne dalej b\u0119dzie robi\u0142 Dobr\u0105 Robot\u0119\u270c\ufe0f<\/p>\r\n<p>&nbsp;<\/p>\r\n<p><strong><em>Grzegorz Braun<\/em><\/strong><\/p>\r\n<figure class=\"wp-block-video\"><video src=\"https:\/\/stopnop.com.pl\/wp-content\/uploads\/2022\/04\/VID_20220427_145132_127.mp4\" controls=\"controls\" width=\"300\" height=\"150\"><\/video><\/figure>\r\n<\/article>\r\n<\/div>","protected":false},"excerpt":{"rendered":"Marsz Pami\u0119ci dr Zbigniewa Ha\u0142ata 3 maja przejdzie ulicami Wroclawia 17 kwietnia zmar\u0142 Dr Zbigniew Ha\u0142at znany i ceniony lekarz, specjalista epidemiolog, publicysta, dzia\u0142acz spo\u0142eczny, wiceminister zdrowia oraz g\u0142\u00f3wny inspektor sanitarny.&nbsp; Aby pami\u0119\u0107 o tym Wielkim Cz\u0142owieku trwa\u0142a,&nbsp; z inicjatywy jego przyjaci\u00f3\u0142, \u015brodowisk wolno\u015bciowych, medialnych i medycznych: 3 maja ulicami Wroc\u0142awia przejdzie Marsz Pami\u0119ci dr [&hellip;]","protected":false},"author":1,"featured_media":0,"comment_status":"closed","ping_status":"closed","sticky":false,"template":"","format":"standard","meta":{"_acf_changed":false,"_monsterinsights_skip_tracking":false,"_monsterinsights_sitenote_active":false,"_monsterinsights_sitenote_note":"","_monsterinsights_sitenote_category":0,"ngg_post_thumbnail":0,"footnotes":"","_wp_rev_ctl_limit":""},"categories":[13],"tags":[98,184],"acf":[],"_links":{"self":[{"href":"https:\/\/www.bibula.com\/index.php?rest_route=\/wp\/v2\/posts\/133763"}],"collection":[{"href":"https:\/\/www.bibula.com\/index.php?rest_route=\/wp\/v2\/posts"}],"about":[{"href":"https:\/\/www.bibula.com\/index.php?rest_route=\/wp\/v2\/types\/post"}],"author":[{"embeddable":true,"href":"https:\/\/www.bibula.com\/index.php?rest_route=\/wp\/v2\/users\/1"}],"replies":[{"embeddable":true,"href":"https:\/\/www.bibula.com\/index.php?rest_route=%2Fwp%2Fv2%2Fcomments&post=133763"}],"version-history":[{"count":5,"href":"https:\/\/www.bibula.com\/index.php?rest_route=\/wp\/v2\/posts\/133763\/revisions"}],"predecessor-version":[{"id":133768,"href":"https:\/\/www.bibula.com\/index.php?rest_route=\/wp\/v2\/posts\/133763\/revisions\/133768"}],"wp:attachment":[{"href":"https:\/\/www.bibula.com\/index.php?rest_route=%2Fwp%2Fv2%2Fmedia&parent=133763"}],"wp:term":[{"taxonomy":"category","embeddable":true,"href":"https:\/\/www.bibula.com\/index.php?rest_route=%2Fwp%2Fv2%2Fcategories&post=133763"},{"taxonomy":"post_tag","embeddable":true,"href":"https:\/\/www.bibula.com\/index.php?rest_route=%2Fwp%2Fv2%2Ftags&post=133763"}],"curies":[{"name":"wp","href":"https:\/\/api.w.org\/{rel}","templated":true}]}}