{"id":133728,"date":"2022-05-01T11:38:37","date_gmt":"2022-05-01T15:38:37","guid":{"rendered":"https:\/\/www.bibula.com\/?p=133728"},"modified":"2022-05-01T15:40:02","modified_gmt":"2022-05-01T19:40:02","slug":"z-powrotem-w-generalnym-gubernatorstwie-jacek-boki","status":"publish","type":"post","link":"https:\/\/www.bibula.com\/?p=133728","title":{"rendered":"Z powrotem w Generalnym Gubernatorstwie &#8211; <em>Jacek Boki<\/em>"},"content":{"rendered":"<div class=\"p_underscore\">\r\n<p>&#8222;<em>Kto nale\u017cy do narodu polskiego, musi znikn\u0105\u0107. Najzaszczytniejszym dla nas zadaniem jest uczynienie wszystkiego, aby ka\u017cdy przejaw polsko\u015bci zgin\u0105\u0142 bez reszty<\/em>&#8221; &#8211; Albert Forster.<\/p>\r\n<p>&nbsp;<\/p>\r\n<p>Jak poda\u0142 na swoich stronach internetowych GUS, w Polsce od stycznia 2020 do marca 2022 roku zmar\u0142o 1 milion 123, 374 tysi\u0119cy ludzi, a urodzi\u0142o si\u0119 w tym samym czasie niespe\u0142na 640 tysi\u0119cy. W\u015br\u00f3d tego ponad miliona zmar\u0142ych, jest ponad 200 tysi\u0119cy ofiar nadmiarowych zgon\u00f3w spowodowanych zamkni\u0119ciem przed Polakami s\u0142u\u017cby zdrowia w czasie trwania fa\u0142szywej pandemii Davida 19. Takiej hekatomby ludob\u00f3jstwa, \u017ceby dwa lata z rz\u0119du, gdzie liczba zgon\u00f3w wynios\u0142a po 561 tysi\u0119cy os\u00f3b w ci\u0105gu ka\u017cdego roku, nie by\u0142o nawet w ci\u0105gu \u017cadnego roku, spo\u015br\u00f3d sze\u015bciu lat trwania drugiej wojny \u015bwiatowej, w\u015br\u00f3d kt\u00f3rych rok 1945 uznano za najbardziej tragiczny pod tym wzgl\u0119dem, gdy\u017c zamkn\u0105\u0142 on si\u0119 \u0142\u0105czn\u0105 liczb\u0105 ponad 450 tysi\u0119cy Polak\u00f3w, zmar\u0142ych, pomordowanych i poleg\u0142ych w walkach z hitlerowskimi Niemcami i ich kolaborantami.<\/p>\r\n<p>Dwa ostatnie lata rz\u0105d\u00f3w PiS to hekatomba ludob\u00f3jstwa na narodzie polskim, w por\u00f3wnaniu ze wszystkimi latami drugiej wojny \u015bwiatowej. Gdy dodamy do tego wszystkiego ponad 8 milion\u00f3w Polak\u00f3w, wyp\u0119dzonych z Ojczyzny za chlebem przez wszystkie rz\u0105dy zdrady narodowej, z wy\u0142onionych w Magdalence zorganizowanych grup przest\u0119pczych o charakterze zbrojnym, dewastuj\u0105cych i grabi\u0105cych bez opami\u0119tania nasz kraj od 33 lat, dok\u0142adnie w ten sam spos\u00f3b, w jaki robi\u0142a to III Rzesza, kt\u00f3ry to taki sam proceder, kt\u00f3rego sprawcami w latach okupacji by\u0142y hitlerowskie Niemcy, opisa\u0142 dok\u0142adnie i to w najdrobniejszych szczeg\u00f3\u0142ach Hans Frank:<\/p>\r\n<p>&nbsp;<\/p>\r\n<p><img fetchpriority=\"high\" decoding=\"async\" class=\"aligncenter\" src=\"https:\/\/blogger.googleusercontent.com\/img\/b\/R29vZ2xl\/AVvXsEjv9U6sMrUTYHmewaeRpjdJqDmDYjJW248NfF-gUV4yvVUzY5613qBYHaRUbuf5HPmdKMWnniW9mDBc19nEXft73KGDGciW17ky07ckzkFq7GBSIjrkQaDvdNTKr8llbKcriWiJtwve5ImfgFYwG-35HazwczXVHFtyZk40DthYp8uB8ys8dBOrIYMm\/w616-h640\/kainowisprzymierze%C5%84cy.jpg\" width=\"758\" height=\"788\"><\/p>\r\n<p style=\"text-align: center;\"><em>Kainowi sprzymierze\u0144cy<\/em><\/p>\r\n<p>&nbsp;<\/p>\r\n<p>,,<em>Otrzyma\u0142em polecenie bezwzgl\u0119dnego z\u0142upienia zdobytych ziem wschodnich; mam doprowadzi\u0107 do ich ca\u0142kowitej gospodarczej, spo\u0142ecznej, kulturalnej i politycznej dewastacji.<\/em><\/p>\r\n<p><em>Nie nale\u017cy nam zreszt\u0105 wcale na rozkwicie tego kraju. Jest to mo\u017ce najsmutniejsza prawda, jak\u0105 musimy powiedzie\u0107. Nam nie zale\u017cy zupe\u0142nie na tym, aby Polacy stali si\u0119 bogatsi albo czuli si\u0119 bezpieczniej lub przejawiali coraz wi\u0119cej \u017cywotno\u015bci w wykorzystaniu swej w\u0142asno\u015bci. Nam zale\u017cy jedynie na podniesieniu autorytetu niemieckiego w tym kraju. Miar\u0105 tego dzie\u0142a nie mo\u017ce by\u0107 dla nas, ile osobistego szcz\u0119\u015bcia \u2013 wed\u0142ug poj\u0119\u0107 rz\u0105d\u00f3w dawnych stuleci \u2013 przysporzymy poszczeg\u00f3lnym Polakom, lecz jak najskuteczniej wykluczy\u0107 mo\u017cliwo\u015b\u0107, aby Polska kiedykolwiek jeszcze powsta\u0142a. (\u2026) F\u00fchrer r\u00f3wnie\u017c przedwczoraj wyra\u017anie o\u015bwiadczy\u0142, \u017ce ten Nebenland (kraj przyboczny) Rzeszy Niemieckiej ma spe\u0142ni\u0107 trudne zadanie rozprawienia si\u0119 z Polakami za wszelk\u0105 cen\u0119; aby wi\u0119c wolny by\u0142 tak\u017ce od obowi\u0105zku prowadzenia polityki zniemczania. Dalej F\u00fchrer wyra\u017anie powiedzia\u0142, \u017ce nie nak\u0142ada na Guberni\u0119 Generaln\u0105 obowi\u0105zku kszta\u0142towania tu \u017cycia na wz\u00f3r niemiecki, ale r\u00f3wnie\u017c \u017cadne tendencje germanizacyjne nie by\u0142yby tu na miejscu. Kraj ten powo\u0142any jest do spe\u0142niania roli rezerwuaru robotnik\u00f3w na wielk\u0105 skal\u0119. Mamy tu jedynie gigantyczny ob\u00f3z pracy, w kt\u00f3rym wszystko, co oznacza si\u0142\u0119 i samodzielno\u015b\u0107, jest w r\u0119kach Niemc\u00f3w.<\/em><\/p>\r\n<p><em>Polakom nale\u017cy umo\u017cliwi\u0107 kszta\u0142cenie si\u0119 jedynie w tym zakresie, aby u\u015bwiadomili sobie, \u017ce jako nar\u00f3d nie maj\u0105 \u017cadnych perspektyw (\u2026), szko\u0142y wy\u017csze s\u0105 ju\u017c zamkni\u0119te. Seminaria duchowne, otwarte ponownie przez Wehrmacht, r\u00f3wnie\u017c zostan\u0105 bezwarunkowo zamkni\u0119te, gdy\u017c s\u0105 one jedynie inkubatorami nienawi\u015bci do Niemc\u00f3w.<\/em>&#8221;<\/p>\r\n<p>&nbsp;<\/p>\r\n<h4>Rondo III Rzeszy w Gda\u0144sku<\/h4>\r\n<p>Po dok\u0142adnym przyjrzeniu si\u0119 tym wszystkim faktom, otrzymamy obraz nieprawdopodobnej tragedii, zgotowanej&nbsp; i wydanej nam po 1989 roku wojny totalnej do ca\u0142kowitego, fizycznego wyniszczenia nas Polak\u00f3w, \u017ceby kto inny zaj\u0105\u0142 nasz\u0105 Ojczyzn\u0119 i przej\u0105\u0142 wszystkie jej bogactwa, czego&nbsp; jeste\u015bmy \u015bwiadkami obecnie, widz\u0105c to na w\u0142asne oczy, jak realizowane s\u0105 wobec nas projekty III Rzeszy. Bo na naszych oczach wprowadzany jest w \u017cycie, i to z \u017celazn\u0105 konsekwencj\u0105 hitlerowski Plan zag\u0142ady S\u0142owian, kt\u00f3rymi wedle jego scenariusza ofiarami przeznaczonymi do ca\u0142kowitej zag\u0142ady, byli\u015bmy jako pierwsi my Polacy, a nie \u017bydzi. Dzi\u015b jak wida\u0107 to, czego nie uda\u0142o si\u0119 dokona\u0107 wobec nas 80 lat temu Hitlerowi, kontynuuj\u0105 spadkobiercy jego my\u015bli.<\/p>\r\n<p>&nbsp;<\/p>\r\n<p><img decoding=\"async\" src=\"https:\/\/pbs.twimg.com\/media\/FRiEjuxWQAAmdIZ?format=png&amp;name=medium\"><\/p>\r\n<p>&nbsp;<\/p>\r\n<p><img decoding=\"async\" class=\"aligncenter\" src=\"https:\/\/foto.cloudgdansk.pl\/foto\/Rondo_Graniczne_Wolne_Miasto_Gdansk___Rzeczpospolita_Polska__1920_1939__81191_800px.JPG\" width=\"753\" height=\"502\"><\/p>\r\n<p>&nbsp;<\/p>\r\n<p>Po dok\u0142adnym przyjrzeniu si\u0119 tym wszystkim faktom, otrzymamy obraz nieprawdopodobnej tragedii, zgotowanej i wydanej nam po 1989 roku wojny totalnej, do ca\u0142kowitego, fizycznego wyniszczenia nas Polak\u00f3w, \u017ceby kto inny zaj\u0105\u0142 nasz\u0105 Ojczyzn\u0119 i przej\u0105\u0142 wszystkie jej bogactwa, czego jeste\u015bmy \u015bwiadkami obecnie, mog\u0105c to ogl\u0105da\u0107 na w\u0142asne oczy, jak realizowane s\u0105 wobec nas projekty III Rzeszy. Bo na naszych oczach wprowadzany jest w \u017cycie, i to z \u017celazn\u0105 konsekwencj\u0105 hitlerowski Plan zag\u0142ady S\u0142owian, kt\u00f3rymi wedle jego scenariusza ofiarami przeznaczonymi do ca\u0142kowitej anihilacji, byli\u015bmy jako pierwsi my Polacy, a nie \u017bydzi, jak wmawia to wszystkim antypolska propaganda. Dzi\u015b wida\u0107 to ju\u017c wyra\u017anie, \u017ce to czego nie uda\u0142o si\u0119 dokona\u0107 wobec nas 80 lat temu Hitlerowi, kontynuuj\u0105 wprowadzanie jego plan\u00f3w, obecni spadkobiercy jego my\u015bli.<\/p>\r\n<p>Zamordyzm, zniewolenie i cenzura prewencyjna, jak\u0105 zaprowadzi\u0142 obecnie PiS, nie ma sobie podobnych w \u017cadnym okresie ca\u0142ej historii Polski, bo nawet cezura czas\u00f3w stalinowskich, w por\u00f3wnaniu z cenzur\u0105, jak\u0105 na rozkaz klauna z Nowogrodzkiej zaprowadzi\u0142a pisowska ABWhera, by\u0142a igraszk\u0105 w por\u00f3wnaniu z tym medialnym zamordyzmem, z jakim mamy do czynienia obecnie. Ot\u00f3\u017c pisowska bezpieka poprzez nakaz, wydany wszystkim dostawcom internetu w Polsce, zablokowa\u0142a praktycznie wszystkie, istniej\u0105ce jeszcze wolno\u015bciowe portale internetowe, kt\u00f3re nie podda\u0142y si\u0119 rz\u0105dowemu zmuszaniu ich, do udzia\u0142u w propagowaniu przez nie zak\u0142amanej, nazistowskiej narracji i propagandy, dotycz\u0105cej zar\u00f3wno do plandemii Covid19, a w szczeg\u00f3lno\u015bci do aktualnej re\u017cimowej polityki k\u0142amstw w odniesieniu do sytuacji na Ukrainie, a te do kt\u00f3rych jest jeszcze dost\u0119p, zostan\u0105, najprawdopodobniej zablokowane na dniach. A wszystko to dzieje si\u0119 pomimo konstytucyjnego zakazu stosowania cenzury prewencyjnej w jakiejkolwiek formie i sytuacji. Ca\u0142a ta sytuacja obna\u017cy\u0142a do szpiku ko\u015bci, kim jest w rzeczywisto\u015bci PiS, na czyich jest us\u0142ugach, dok\u0105d zmierza i gdzie ma obowi\u0105zuj\u0105ce w Polsce prawo, konstytucj\u0119, o sprawiedliwo\u015bci ju\u017c nie wspominaj\u0105c. I trzeba by\u0107 durniem, \u015blepcem, albo cz\u0142owiekiem z\u0142ej woli, \u017ceby nie chcie\u0107 tego wszystkiego dostrzec. Gdy patrzy si\u0119 na poczynania tych renegat\u00f3w, jedynym uczuciem, jakie si\u0119 do nich ma, to nie nienawi\u015b\u0107, ale wy\u0142\u0105cznie obrzydzenie i pogarda, bo na nic wi\u0119cej nie zas\u0142uguj\u0105. Wi\u0119cej, nawet nie zdaj\u0105 sobie sprawy, \u017ce gdy przegl\u0105daj\u0105 si\u0119 ka\u017cdego dnia w domowym lustrze, to nawet si\u0119 nie domy\u015blaj\u0105, \u017ce r\u00f3wnie\u017c i zwierciad\u0142u na ich widok robi si\u0119 nie tylko niedobrze, ale wr\u0119cz zbiera mu si\u0119 na wymioty.<\/p>\r\n<p>&nbsp;<\/p>\r\n<h4>Banderamok 2022<\/h4>\r\n<p><img decoding=\"async\" class=\"aligncenter\" src=\"https:\/\/pbs.twimg.com\/media\/FRiNY_QXMAE959U?format=png&amp;name=small\" width=\"748\" height=\"748\"><\/p>\r\n<p style=\"text-align: center;\"><em><span class=\"css-901oao css-16my406 r-poiln3 r-bcqeeo r-qvutc0\">To zdj\u0119cie z Suwa\u0142k. Poliniakom rozum odebra\u0142 najpierw David 19y, a teraz Banderamok 2022.<\/span><\/em><\/p>\r\n<p>&nbsp;<\/p>\r\n<p>Stare przys\u0142owie m\u00f3wi,\u017ce jak Pan B\u00f3g chce cz\u0142owieka ukara\u0107, to mu rozum odbiera. I taki w\u0142a\u015bnie przypadek nieprzychylno\u015bci niebios, w ka\u017cdym razie do wi\u0119kszo\u015bci polskiego spo\u0142ecze\u0144stwa, mo\u017cemy obserwowa\u0107 w\u0142a\u015bnie teraz. A dzieje si\u0119 tak z prostego powodu, gdy\u017c wi\u0119kszo\u015b\u0107 naszych rodak\u00f3w robi sama z w\u0142asnej woli, wszystko aby na to zas\u0142u\u017cy\u0107, zar\u00f3wno przez w\u0142asn\u0105 g\u0142upot\u0119 i umi\u0142owanie k\u0142amstwa, kt\u00f3remu oddali si\u0119 w niewol\u0119 ca\u0142y sercem i dusz\u0105. Niczego nie tylko nie nauczyli si\u0119 z historii i nie wyci\u0105gn\u0119li z niej \u017cadnych wniosk\u00f3w, ale jeszcze bardziej brn\u0105 w jej b\u0142\u0119dy, dlatego powt\u00f3rzymy j\u0105 jeszcze raz wszyscy, z o wiele gorszymi konsekwencjami, ni\u017c poprzednio.<\/p>\r\n<p>&nbsp;<\/p>\r\n<p><img loading=\"lazy\" decoding=\"async\" class=\"aligncenter\" src=\"https:\/\/pbs.twimg.com\/media\/FRkVJAKVkAA-Lo-?format=jpg&amp;name=small\" width=\"737\" height=\"807\"><\/p>\r\n<p style=\"text-align: center;\"><em>&nbsp;Dlaczego to co\u015b wisi w Polsce?<\/em><\/p>\r\n<p>&nbsp;<\/p>\r\n<p><img loading=\"lazy\" decoding=\"async\" class=\"aligncenter\" src=\"https:\/\/blogger.googleusercontent.com\/img\/b\/R29vZ2xl\/AVvXsEgD7RmAeDprfB54an7IKx2Wui2QehhtSRQgNPL8hfXd7lZo5h3mpNAJKi8zh-az_EpAGYuKeugLXGXgN062PQ-O0E0_4-iyfFWQQ8eIfEjnDb0H2CdqVuTuupQ292jkuWKKQAu84Z1uKlxqqCsjxOx3A_5AnmuwsanG4lhH8oNj8H--8REwc8mzaENv\/w597-h762\/o%C5%82tarzykzbrodniarza.jpg\" width=\"751\" height=\"957\"><\/p>\r\n<p style=\"text-align: center;\"><em>&nbsp;O\u0142tarzyk ku czci \u015bwi\u0119tego kijowskiego klauna i zbrodniarza wojennego w witrynie jednej z ksi\u0119garni na Podkarpaciu<\/em><\/p>\r\n<p>&nbsp;<\/p>\r\n<p>&nbsp;<\/p>\r\n<p>Przez ca\u0142kowicie bezrozumne i bezrefleksyjne przyjmowanie ukrai\u0144skich nachod\u017ac\u00f3w, nawet nie widz\u0105, \u017ce ju\u017c stali obywatelami drugiej kategorii we w\u0142asnym kraju, a ju\u017c nied\u0142ugo zostan\u0105 sprowadzeni do roli podludzi, jak w czasach Generalnego Gubernatorstwa zarz\u0105dzanego przez Hansa Franka, gdzie Ukrai\u0144cy, tak ja dzieje si\u0119 to dzisiaj, otrzymali wszelkie mo\u017cliwe przywileje, a Polacy zostali sprowadzeni do roli niewolniczych rab\u00f3w, kt\u00f3rych jedynym prawem by\u0142a niewolnicza praca, wykonywania najprostszych czynno\u015bci, zakaz edukacji, sprowadzony jedynie do umiej\u0119tno\u015bci napisania swojego imienia i nazwiska i liczenia g\u00f3ra do stu, a tak\u017ce zakaz jakiejkolwiek opieki medycznej, itp. I to samo co mia\u0142o miejsce osiemdziesi\u0105t lat temu, mo\u017cemy obserwowa\u0107 w naszym kraju r\u00f3wnie\u017c teraz, a mianowicie, \u017ce Ukrai\u0144cy maj\u0105 tak jak w tamtych czasach, dost\u0119p do us\u0142ug medycznych w Polsce poza wszelk\u0105 kolejno\u015bci\u0105 w trybie natychmiastowym, gdy Polacy musz\u0105 czeka\u0107 na wizyt\u0119 u specjalist\u00f3w od kilku miesi\u0119cy do dw\u00f3ch lat, a nawet gdy odczekali taki termin co do minuty, a zjawi si\u0119 nagle Ukrainiec, Polak zn\u00f3w czeka na kolejny termin, bo nachod\u017aca zza wschodniej granicy jest przyjmowany przed nim.<\/p>\r\n<p>Ukrai\u0144cy po 24 lutego otrzymali z marszu takie przywileje w naszym kraju, o jakich my Polacy mo\u017cemy jedynie pomarzy\u0107 i to obejmuj\u0105ce wszystkie poziomy ludzkiego \u017cycia. Oddali\u015bmy wszystko zupe\u0142nie bezrefleksyjnie i bez \u017cadnego sprzeciwu, pozwalaj\u0105c si\u0119 sprowadzi\u0107 do roli przys\u0142owiowych Eloj\u00f3w na w\u0142asnej ziemi, wi\u0119c nie miejmy za nasz\u0105 sytuacj\u0119, w jakiej si\u0119 znale\u017ali\u015bmy do nikogo, poza nami samymi. A oto tylko kilka przyk\u0142ad\u00f3w naszego tragicznego po\u0142o\u017cenia, b\u0119d\u0105cego wy\u0142\u0105cznie skutkiem naszej bezmiernej g\u0142upoty i bierno\u015bci, bo nie mamy nawet cywilnej odwagi zapyta\u0107 naszych okupant\u00f3w, w czyim imieniu i za czyj\u0105 zgod\u0105, a tak\u017ce za czyje pieni\u0105dze, nie pytaj\u0105c w og\u00f3le o zdanie, a tym bardziej o pozwolenie na swoje dzia\u0142ania suwerena, wysy\u0142aj\u0105 bro\u0144 banderowskiej juncie z Kijowa, pchaj\u0105c nas w wojn\u0119, z kt\u00f3r\u0105 nie chcemy mie\u0107 nic wsp\u00f3lnego, a tak\u017ce przyjmuj\u0105c miliony Ukrai\u0144c\u00f3w, gdy jeszcze niedawno ten sam re\u017cim opowiada\u0142 wszystkim bzdury, \u017ce nie jest w stanie sprowadzi\u0107 kilkuset tysi\u0119cy Polak\u00f3w, potomk\u00f3w Kresowian z czas\u00f3w drugiej wojny \u015bwiatowej, zes\u0142anych na daleki wsch\u00f3d Rosji i Kazachstanu. Wszystko to pokazuje, \u017ce historia zatoczy\u0142a ko\u0142o, a my Polacy znale\u017ali\u015bmy si\u0119 z powrotem w Generalnym Gubernatorstwie. I tak jak w Generalnym Gubernatorstwie, czas\u00f3w Hansa Franka, Ukrai\u0144cy byli nie tylko najbardziej uprzywilejowan\u0105 grup\u0105 narodowo\u015bciow\u0105, ale stanowili w\u00f3wczas jego elit\u0119, tak i dzi\u015b spe\u0142nia si\u0119 sen, nie tyle Gowina, Bartosiaka i Zychowicza, co Adolfa Hitlera, \u017ce jego projekt jest wprowadzany w Nebenlandzie przez samych poli\u0144skich podludzi, kt\u00f3rymi ostentacyjnie gardzi\u0142. To prawdziwe szyderstwo historii, z kt\u00f3rej polactwo jeszcze si\u0119 cieszy.<\/p>\r\n<p>W szpitalu wojew\u00f3dzkim we Wroc\u0142awiu chorych onkologicznych do leczenia onkologicznego zapisuje si\u0119 na pierwsz\u0105 wizyt\u0119 na najbli\u017cszy termin &#8230; za 2 dwa lata. Od jednego z czytelnik\u00f3w (autentyk):<\/p>\r\n<p>&#8222;<em>Kluczbork, ponad dwudziestotysi\u0119czne miasteczko, nie wy\u0142amuje si\u0119 ze schematu i te\u017c zosta\u0142 ow\u0142adni\u0119ty banderamokiem &#8211; flaga krainy U przed budynkiem urz\u0119du miasta, rysunki w barwach ukrowych w szkolnych oknach, mn\u00f3stwo samochod\u00f3w na ukrai\u0144skich blachach, banderowcy ulokowani w ka\u017cdym miejscu (w tym tak\u017ce tu\u017c za \u015bcian\u0105 w kamienicy, w kt\u00f3rej mieszkaj\u0105 moi rodzice &#8211; awantury i darcie g\u0119by na porz\u0105dku dziennym, a po zwr\u00f3ceniu uwagi, za ka\u017cdym razem, odpowiadaj\u0105, \u017ce obchodz\u0105 urodziny), a tak\u017ce&#8230;<\/em><\/p>\r\n<p><em>No w\u0142a\u015bnie, w Kluczborku zrobi\u0142o si\u0119 g\u0142o\u015bno o sytuacji z jednego z salon\u00f3w fryzjerskich. Ot\u00f3\u017c do salonu przysz\u0142y trzy nachod\u017aczynie zrobi\u0107 si\u0119 na b\u00f3stwo, ka\u017cda z nich zrobi\u0142a metamorfozy za 300 z\u0142 i jak przysz\u0142o do zap\u0142aty, kaza\u0142y wystawi\u0107 faktur\u0119 na Pana Kielara, burmistrza miasta. Pani fryzjerka nie wiedz\u0105c, co zrobi\u0107, zadzwoni\u0142a na milicj\u0119, a milicja zg\u0142osi\u0142a si\u0119 po odpowied\u017a do urz\u0119du miasta. Odpowied\u017a z urz\u0119du miasta nie mog\u0142a by\u0107 inna i faktura rzeczywi\u015bcie zosta\u0142a wystawiona na Pana Kielara, tfu, na urz\u0105d miasta, w istocie.<\/em>&#8222;<\/p>\r\n<p><a href=\"https:\/\/www.youtube.com\/channel\/UCYypAWpzVYF0HzOu3rVHaAg\/community?lb=Ugkxncy9OoGFwNcp_DF31LVfGfkw9Ld75Udv\">https:\/\/www.youtube.com\/channel\/UCYypAWpzVYF0HzOu3rVHaAg\/community?lb=Ugkxncy9OoGFwNcp_DF31LVfGfkw9Ld75Udv<\/a><\/p>\r\n<p><span class=\"style-scope yt-formatted-string\" dir=\"auto\">Kolejna poczt\u00f3wka znad kraw\u0119dzi:<\/span><\/p>\r\n<p>&#8222;<em>Szanowny Panie Tomaszu,Mam zaszczyt by\u0107 c\u00f3rk\u0105 polonistyki ucz\u0105cej w jednej z wielkopolskich szk\u00f3\u0142 na terytorium przemarszu. W \u015brod\u0119 Moja Mama by\u0142a \u015bwiadkiem, a p\u00f3\u017aniej tak\u017ce uczestnikiem okropnej sytuacji w pokoju nauczycielskim. Pani Diana, zatrudniona niedawno w charakterze psychologa dla dzieci ukrai\u0144skich (sic!), zacz\u0119\u0142a obra\u017ca\u0107 polskie nauczycielki, kt\u00f3re skar\u017cy\u0142y si\u0119 jej na skandaliczne zachowanie m\u0142odszych ukrai\u0144c\u00f3w (tak, z ma\u0142ej litery, gdy\u017c to nie nar\u00f3d). Te dzieci zupe\u0142nie ignoruj\u0105 wszelkie polecenia, przeszkadzaj\u0105 swoim r\u00f3wie\u015bnikom i nie szanuj\u0105 nauczycieli. Diana, by\u0142a pracownica sklepu wielobran\u017cowego, a teraz zatrudniona jako psycholog bez dyplomu (\u201edyplom zagin\u0105\u0142 na wojnie\u201d) uwa\u017ca, \u017ce takie zachowanie to wina z\u0142ego wychowywania polskich nauczycieli, bo te dzieci by\u0142y bardzo grzeczne zanim przyjecha\u0142y do Polski. Moja Mama, nie wytrzymawszy kuriozalnych oskar\u017ce\u0144, zapyta\u0142a: \u201dJak te dzieci maj\u0105 szanowa\u0107 polskiego nauczyciela, skoro w ukrai\u0144skich szko\u0142ach uczycie banderyzmu, kt\u00f3ry jest skrajnie antypolski?\u201d. Doda\u0142a r\u00f3wnie\u017c, \u017ce Dla Bandery \u201eka\u017cdy zamordowany Polak to jeden metr wolnej Ukrainy\u201d. Kobieta ukrai\u0144ska wpad\u0142a w sza\u0142 i zacz\u0119\u0142a wykrzykiwa\u0107, \u017ce to wszystko nieprawda. Na to moja Mama, jako jedyna po\u015br\u00f3d sze\u015bciu nauczycielek obecnych w pokoju, zapyta\u0142a: \u201eCzy nieprawd\u0105 jest, \u017ce stawiacie pomniki mordercom Polak\u00f3w, a rok 2022 jest rokiem Bandery?\u201d. Zapyta\u0142a r\u00f3wnie\u017c siedz\u0105cej obok historyczki czy nie ma racji. Milczenie. Absolutnie nikt nie popar\u0142 Mojej Mamy, a ukrainka wybieg\u0142a z pokoju nauczycielskiego na skarg\u0119 do dyrektora pokrzykuj\u0105c, \u017ce przecie\u017c \u201ePi\u0142sudski robi\u0142 to samo\u201d. Tego samego dnia wieczorem mia\u0142a miejsce rada pedagogiczna, na kt\u00f3rej \u00f3w dyrektor, nie robi\u0105c wycieczek osobistych, powiedzia\u0142, \u017ce szko\u0142a jest \u201emultikulturalna i nie \u017cyczy sobie g\u0142oszenia pogl\u0105d\u00f3w, kt\u00f3rejkolwiek partii politycznej w szkole\u201d. Nadmieni\u0119 jedynie, i\u017c Moja Mama nie przynale\u017cy i nie sympatyzuje z \u017cadna parti\u0105 polityczn\u0105. Jest normaln\u0105, dumn\u0105 Polk\u0105. Dzisiaj r\u00f3wnie\u017c powinny odby\u0107 si\u0119 szkolne obchody z okazji 3 maja. Szko\u0142a ca\u0142a wyklejona niebiesko-\u017c\u00f3\u0142tymi serduszkami. Zabrak\u0142o miejsca na akademi\u0119, pie\u015bni patriotyczne, flagi, a nawet na symboliczne bia\u0142o-czerwone przypinki. Moja Mama i kilkoro dzieci z jej klasy mia\u0142y takowe przypinki. Oburzona, pr\u00f3bowa\u0142a dociec, co jest przyczyn\u0105 braku jakichkolwiek szkolnych obchod\u00f3w, b\u0105d\u017a co b\u0105d\u017a, wa\u017cnego (jak dotychczas) polskiego \u015bwi\u0119ta. Ko\u0142o historyczne odpowiedzialne za tego typu wydarzenia schowa\u0142o g\u0142ow\u0119 w piasek t\u0142umacz\u0105c, \u017ce \u201eprzecie\u017c co chwile jest jaka\u015b rocznica\u201d. Obawiam si\u0119, \u017ce Moja Mama nieformalnie skazana jest na pot\u0119pienie w gronie nauczycieli za m\u00f3wienie prawdy historycznej. Ta sklepowa zatrudniona w szkole jest wys\u0142annikiem SBU i stra\u017cnikiem banderyzmu, bo to nie pierwsza taka osoba zatrudniona w polskich plac\u00f3wkach edukacyjnych, dla kt\u00f3rej znalaz\u0142o si\u0119 jakie\u015b zupe\u0142nie niepotrzebne i absurdalne stanowisko w bud\u017cet\u00f3wce. Podejrzewam, \u017ce nauczyciele dostali \u201eprikaz\u201d od MEN, aby nie robi\u0107 banderowcom przykro\u015bci i nie obchodzi\u0107 \u017cadnych patriotycznych \u015bwi\u0105t. Czy w innych szko\u0142ach r\u00f3wnie\u017c nie by\u0142o jakichkolwiek obchod\u00f3w? To ju\u017c nawet nie jest banderamok, to masowy pogrzeb polsko\u015bci, polskiej kultury, historii i ca\u0142ej naszej ojczyzny.<\/em>&#8222;<\/p>\r\n<p>&nbsp;<\/p>\r\n<p><iframe title=\"Wolni i niewolni\" width=\"800\" height=\"450\" src=\"https:\/\/www.youtube.com\/embed\/3Vt2h85y1Yg?feature=oembed\" frameborder=\"0\" allow=\"accelerometer; autoplay; clipboard-write; encrypted-media; gyroscope; picture-in-picture\" allowfullscreen><\/iframe><\/p>\r\n<p>&nbsp;<\/p>\r\n<p><strong><em>Jacek Boki<\/em><\/strong><br>\r\n30 Kwiecie\u0144 &#8211; 1 Maj 2022 r.<\/p>\r\n<p><b>\u0179r\u00f3d\u0142a: <br>\r\n<\/b><\/p>\r\n<ul>\r\n\t<li><a href=\"https:\/\/www.dakowski.pl\/cenzura-internetu-w-polsce-stala-sie-faktem\/\">Cenzura internetu w Polsce sta\u0142a si\u0119 faktem &nbsp;<\/a><\/li>\r\n\t<li><a href=\"https:\/\/pl.wikiquote.org\/wiki\/Hans_Frank\">Hans Frank &#8211; Wikicytaty<\/a><\/li>\r\n\t<li><a href=\"https:\/\/www.google.com\/amp\/s\/pulsmedycyny.pl\/amp\/gus-wspolczynnik-zgonow-w-2020-r-byl-najwyzszy-od-blisko-50-lat-1137871\">GUS: wsp\u00f3\u0142czynnik zgon\u00f3w w 2020 r. by\u0142 najwy\u017cszy od blisko 50 lat<\/a><\/li>\r\n\t<li><a href=\"https:\/\/stat.gov.pl\/obszary-tematyczne\/ludnosc\/statystyka-przyczyn-zgonow\/umieralnosc-i-zgony-wedlug-przyczyn-w-2020-roku,10,1.html\">Umieralno\u015b\u0107 i zgony wed\u0142ug przyczyn w 2020 roku<\/a><\/li>\r\n\t<li><a href=\"https:\/\/www.google.com\/amp\/s\/www.portalsamorzadowy.pl\/polityka-i-spoleczenstwo\/ponad-pol-miliona-zgonow-w-2021-roku-te-dane-pokazuja-skale-zapasci,345835.amp\">Rok 2021, 517 tysi\u0119cy zmar\u0142ych Polak\u00f3w<\/a><\/li>\r\n\t<li><a href=\"https:\/\/konkret24.tvn24.pl\/polska,108\/zgony-w-styczniu-pierwszy-spadek-od-miesiecy-w-trzech-wojewodztwach-znaczny-udzial-covid-19,1095540.html\">Stycze\u0144 2022, 48 tysi\u0119cy zgon\u00f3w w Polsce<\/a><\/li>\r\n\t<li><a href=\"https:\/\/konkret24.tvn24.pl\/polska,108\/zgony-w-lutym-najwiecej-w-tym-miesiacu-od-co-najmniej-szesciu-lat,1098910.html\">Luty 2022 41 tysi\u0119cy<\/a><\/li>\r\n\t<li><a href=\"https:\/\/konkret24.tvn24.pl\/polska,108\/zgony-w-marcu-tego-roku-wciaz-wiecej-niz-na-poczatku-pandemii,1102360.html\">40 tysi\u0119cy zgon\u00f3w tylko w marcu 2022<\/a><\/li>\r\n\t<li>Dr. Leszek Andrzej Szcze\u015bniak &#8211; Plan zag\u0142ady S\u0142owian. Generalplan Ost, Wydawnictwo Polwen<\/li>\r\n<\/ul>\r\n<p>&nbsp;<\/p>\r\n<p class=\"podpis_sz2\">[Jacek Boki:] Prowadzenie tego bloga to moja pasja ale tak\u017ce wielogodzinna praca. Je\u015bli uwa\u017casz, \u017ce to co robi\u0119 ma sens to mo\u017cesz wesprze\u0107 mnie w tym co robi\u0119, za co serca ju\u017c teraz dzi\u0119kuj\u0119.<br>\r\nPKO BP SA Numer konta: 44 1020 1752 0000 0402 0095 7431<\/p>\r\n<\/div>","protected":false},"excerpt":{"rendered":"&#8222;Kto nale\u017cy do narodu polskiego, musi znikn\u0105\u0107. Najzaszczytniejszym dla nas zadaniem jest uczynienie wszystkiego, aby ka\u017cdy przejaw polsko\u015bci zgin\u0105\u0142 bez reszty&#8221; &#8211; Albert Forster. &nbsp; Jak poda\u0142 na swoich stronach internetowych GUS, w Polsce od stycznia 2020 do marca 2022 roku zmar\u0142o 1 milion 123, 374 tysi\u0119cy ludzi, a urodzi\u0142o si\u0119 w tym samym czasie [&hellip;]","protected":false},"author":1,"featured_media":0,"comment_status":"closed","ping_status":"closed","sticky":false,"template":"","format":"standard","meta":{"_acf_changed":false,"_monsterinsights_skip_tracking":false,"_monsterinsights_sitenote_active":false,"_monsterinsights_sitenote_note":"","_monsterinsights_sitenote_category":0,"ngg_post_thumbnail":0,"footnotes":"","_wp_rev_ctl_limit":""},"categories":[13,9],"tags":[65,76,98,20,167,17],"acf":[],"_links":{"self":[{"href":"https:\/\/www.bibula.com\/index.php?rest_route=\/wp\/v2\/posts\/133728"}],"collection":[{"href":"https:\/\/www.bibula.com\/index.php?rest_route=\/wp\/v2\/posts"}],"about":[{"href":"https:\/\/www.bibula.com\/index.php?rest_route=\/wp\/v2\/types\/post"}],"author":[{"embeddable":true,"href":"https:\/\/www.bibula.com\/index.php?rest_route=\/wp\/v2\/users\/1"}],"replies":[{"embeddable":true,"href":"https:\/\/www.bibula.com\/index.php?rest_route=%2Fwp%2Fv2%2Fcomments&post=133728"}],"version-history":[{"count":9,"href":"https:\/\/www.bibula.com\/index.php?rest_route=\/wp\/v2\/posts\/133728\/revisions"}],"predecessor-version":[{"id":133771,"href":"https:\/\/www.bibula.com\/index.php?rest_route=\/wp\/v2\/posts\/133728\/revisions\/133771"}],"wp:attachment":[{"href":"https:\/\/www.bibula.com\/index.php?rest_route=%2Fwp%2Fv2%2Fmedia&parent=133728"}],"wp:term":[{"taxonomy":"category","embeddable":true,"href":"https:\/\/www.bibula.com\/index.php?rest_route=%2Fwp%2Fv2%2Fcategories&post=133728"},{"taxonomy":"post_tag","embeddable":true,"href":"https:\/\/www.bibula.com\/index.php?rest_route=%2Fwp%2Fv2%2Ftags&post=133728"}],"curies":[{"name":"wp","href":"https:\/\/api.w.org\/{rel}","templated":true}]}}