{"id":133698,"date":"2022-04-29T12:03:06","date_gmt":"2022-04-29T16:03:06","guid":{"rendered":"https:\/\/www.bibula.com\/?p=133698"},"modified":"2022-04-29T15:24:19","modified_gmt":"2022-04-29T19:24:19","slug":"ukraina-test-z-cywilizacji-polski-prof-anna-razny","status":"publish","type":"post","link":"https:\/\/www.bibula.com\/?p=133698","title":{"rendered":"Ukraina \u2013 test z cywilizacji Polski &#8211; <em>Prof. Anna Ra\u017any<\/em>"},"content":{"rendered":"<p class=\"has-drop-cap\"><strong>Tocz\u0105ca si\u0119 na Ukrainie wojna ods\u0142ania prawdziwe oblicze tych, kt\u00f3rzy decyduj\u0105 o losach Polski i postawach Polak\u00f3w w czasie skrajnego zagro\u017cenia naszego bytu pa\u0144stwowego i narodowego. Obna\u017ca oblicze nie tylko ludzi polityki oraz podporz\u0105dkowanych im medi\u00f3w, kultury i nauki, ale r\u00f3wnie\u017c Ko\u015bcio\u0142a.<\/strong><\/p>\r\n<p>Nigdy wcze\u015bniej nie by\u0142o mi\u0119dzy nimi takiej jednomy\u015blno\u015bci w sprawie Ukrainy i Rosji, jak\u0105 reprezentuj\u0105 od 24 lutego bie\u017c\u0105cego roku. Wszyscy zgodnie popieraj\u0105 wszelkie wcze\u015bniejsze oraz obecne dzia\u0142ania Ukrainy\u2013 r\u00f3wnie\u017c zbrodnie dokonywane na mniejszo\u015bci rosyjskiej zamieszkuj\u0105cej Donbas. Wszyscy zgodnie pot\u0119piaj\u0105 Rosj\u0119 i odrzucaj\u0105 jej prawo do obrony tej mniejszo\u015bci przed ukrai\u0144skim ludob\u00f3jstwem. Poparcie dla Ukrainy osi\u0105gn\u0119\u0142o niespotykany dotychczas w Polsce poziom w dwustronnych relacjach z innym pa\u0144stwem.<\/p>\r\n<p>&nbsp;<\/p>\r\n<h4>Jednostronna uleg\u0142o\u015b\u0107<\/h4>\r\n<p>Taki kierunek polityki polskiej nie jednak wyrazem identyczno\u015bci polskich i ukrai\u0144skich interes\u00f3w narodowych. Te s\u0105 bowiem rozbie\u017cne w wielu kwestiach \u2013 nade wszystko jednak w sferze polityki historycznej i zwi\u0105zanej z ni\u0105 dyskryminacji mniejszo\u015bci narodowych na Ukrainie. R\u00f3wnie\u017c mniejszo\u015bci polskiej, kt\u00f3ra nie mia\u0142a i nadal nie ma takich praw, jakie ma mniejszo\u015b\u0107 ukrai\u0144ska w Polsce. Wiedza na ten temat jest w polskim spo\u0142ecze\u0144stwie znikoma, gdy\u017c jest wr\u0119cz reglamentowana przez elity polityczne i mainstreamowe media.<\/p>\r\n<p>Nadal nie zna ono pe\u0142nej prawdy r\u00f3wnie\u017c o ludob\u00f3jstwie ukrai\u0144skim dokonanym na polskiej ludno\u015bci Wo\u0142ynia i Galicji Wschodniej \u2013 m.in. dlatego, \u017ce w polskich podr\u0119cznikach w dalszym ci\u0105gu przekazywana jest na ten temat informacja o \u201ekonflikcie polsko-ukrai\u0144skim\u201d. Przeinaczenia, fa\u0142sz, p\u00f3\u0142prawdy \u2013 to instrumenty ukrainizacji polskiej polityki w szkolnictwie, nauce, mediach. Dzi\u0119ki takim instrumentom propaganda wojenna osi\u0105gn\u0119\u0142a w mediach apogeum niespotykane gdzie indziej. Jego d\u017awigni\u0105 jest czarna manipulacja prawd\u0105 i faktami, kt\u00f3rej klasycznym przyk\u0142adem jest ludob\u00f3jstwo w Buczy. Jeszcze nie dzia\u0142a \u017cadna mi\u0119dzynarodowa komisja, kt\u00f3ra by je bada\u0142a, \u017caden zesp\u00f3\u0142 niezale\u017cnych bieg\u0142ych \u015bledczych, ale polscy politycy i wszystkie bez wyj\u0105tku upolitycznione media twierdz\u0105 za ukrai\u0144skimi mentorami, \u017ce win\u0119 za Bucz\u0119 ponosi wy\u0142\u0105cznie Rosja.<\/p>\r\n<p>Zar\u00f3wno zafa\u0142szowana polityka historyczna, jak i manipulacja prawd\u0105 w propagandzie wojennej s\u0142u\u017c\u0105 kszta\u0142towaniu uleg\u0142o\u015bci polskiego spo\u0142ecze\u0144stwa wobec transatlantycko-natowskiej polityki Warszawy. W polityce tej Polsce zosta\u0142a wyznaczona przymusowa przyja\u017a\u0144 dla Ukrainy i jednoczesna wrogo\u015b\u0107 wobec Rosji. Te przymusowe postawy s\u0105 oderwane od polskiej racji stanu, w kt\u00f3rej ponad wszelk\u0105 przyja\u017a\u0144 winny by\u0107 postawione nasze interesy narodowe okre\u015blane przez warto\u015bci cywilizacji, z kt\u00f3r\u0105 uto\u017csamia si\u0119 Polska. \u017badna bowiem wojna nie uniewa\u017cnia to\u017csamo\u015bciowych kryteri\u00f3w cywilizacyjnych danego narodu, r\u00f3wnie\u017c polskiego.<\/p>\r\n<p>Je\u015bli chcemy twierdzi\u0107 nadal, \u017ce pozostajemy w cywilizacji \u0142aci\u0144skiej\/chrze\u015bcija\u0144skiej, to musimy pami\u0119ta\u0107, \u017ce nie przewiduje ona wersji wojennej. Przewiduje, a raczej dopuszcza natomiast wojn\u0119 sprawiedliw\u0105\/s\u0142uszn\u0105. Jej warunkiem jest s\u0142uszno\u015b\u0107 sprawy \u2013 causa iusta. Wed\u0142ug zar\u00f3wno \u015bw. Augustyna, jak i \u015bw. Tomasza \u2013 jest ni\u0105 naprawienie wyrz\u0105dzonych krzywd i zaprowadzenie sprawiedliwo\u015bci. Celem s\u0142usznej wojny jest zawsze pok\u00f3j. Czy wobec tych kryteri\u00f3w cywilizacyjnych Polska znajduje si\u0119 obecnie jeszcze w cywilizacji chrze\u015bcija\u0144skiej, czy dominuj\u0105 w niej obce tej cywilizacji warto\u015bci oraz idee? Czy wskutek tego buduje jak\u0105\u015b mieszank\u0119 cywilizacyjn\u0105, kt\u00f3ra \u2013 w koncepcji <strong>Feliksa Konecznego<\/strong> jest zawsze \u201etruj\u0105ca\u201d\u2026<\/p>\r\n<p>\u015awiadectwem naszej \u0142aci\u0144sko\u015bci jest niew\u0105tpliwie wojenna \u201emi\u0142o\u015b\u0107\u201d Polski do Ukrainy. <strong>W hierarchii warto\u015bci moralnych, a tak\u017ce psychologicznych postawie tej nale\u017cy si\u0119 wysoka ocena. Rodzi si\u0119 ona bowiem z moralnego niepokoju o los cierpi\u0105cych z powodu wojny szarych obywateli Ukrainy<\/strong>. Empatia, solidarno\u015b\u0107, ofiarna pomoc s\u0105 tu przejawem wci\u0105\u017c \u017cywego jeszcze polskiego etosu narodowego, ukszta\u0142towanego przez chrze\u015bcija\u0144skie warto\u015bci.<\/p>\r\n<p>Natomiast transport broni na Ukrain\u0119, szkolenie najemnik\u00f3w dla nazistowskich formacji, kt\u00f3re od 2014 roku eksterminowa\u0142y rosyjskoj\u0119zyczn\u0105 ludno\u015b\u0107 Donbasu, przeczy tym warto\u015bciom Jest dowodem uzale\u017cnienia Polski od ameryka\u0144skich i natowskich o\u015brodk\u00f3w w\u0142adzy, nie s\u0142u\u017cy osi\u0105gni\u0119ciu pokoju i sprawiedliwo\u015bci. Te dwa nastawienia&nbsp; kszta\u0142tuj\u0105 si\u0119 na odmiennych warto\u015bciach moralnych i cywilizacyjnych; s\u0105 na poziomie aksjologicznym sprzeczne. Mog\u0105 jednak rodzi\u0107 postaw\u0119 \u0142\u0105cz\u0105c\u0105 owe sprzeczno\u015bci: fa\u0142szyw\u0105 wojenn\u0105 \u201emi\u0142o\u015b\u0107\u201d do Ukrainy. <strong>Kieruje si\u0119 ona zasad\u0105: im bardziej nienawidz\u0119 Rosji, tym bardziej kocham Ukrain\u0119 \u2013 b\u0105d\u017a regu\u0142\u0105: wr\u00f3g mojego wroga jest moim przyjacielem<\/strong><\/p>\r\n<p>Truizmem jest konstatacja, i\u017c polski etos narodowy ukszta\u0142towany zosta\u0142 na fundamencie chrze\u015bcija\u0144skich warto\u015bci. Niestety, nie jest jeszcze truizmem stwierdzenie, i\u017c ideologia transatlantycka oraz oparta na niej polityczna praktyka maj\u0105 inny fundament \u2013 nie tylko areligijny, ale wr\u0119cz antychrze\u015bcija\u0144ski. Wystarczy przywo\u0142a\u0107 w tym miejscu tylko dwa \u015bwiadectwa: Europa podporz\u0105dkowana promotorowi transatlantyzmu \u2013 Stanom Zjednoczonym \u2013 odesz\u0142a od swych chrze\u015bcija\u0144skich korzeni. Odci\u0105\u0142 j\u0105 od nich nie komunizm, lecz transatlantycki globalizm. Kieruj\u0105c si\u0119 tym samym ideowym trendem, USA i NATO nie tylko nie obroni\u0142y chrze\u015bcija\u0144stwa na Bliskim Wschodzie, ale przyczyni\u0142y si\u0119 do ludob\u00f3jstwa jego wyznawc\u00f3w.<\/p>\r\n<p>&nbsp;<\/p>\r\n<h4>Dominanta wojny i sankcje<\/h4>\r\n<p>Czynnik wojny nie od dzi\u015b uwidacznia si\u0119 w polskich programach polityki wewn\u0119trznej i zewn\u0119trznej. Mo\u017cna zaryzykowa\u0107 stwierdzenie, \u017ce pojawi\u0142 si\u0119 w momencie rozwi\u0105zania Uk\u0142adu Warszawskiego \u2013 w 1991 roku. W strachu przed konsekwencjami powsta\u0142ego braku r\u00f3wnowagi militarnej mi\u0119dzy Wschodem i Zachodem \u2013 rz\u0105dz\u0105ce Polsk\u0105 okr\u0105g\u0142osto\u0142owe elity zdecydowa\u0142y zapewni\u0107 jej bezpiecze\u0144stwo pod parasolem NATO.<\/p>\r\n<p><strong>Wst\u0105pienie do Sojuszu P\u00f3\u0142nocnoatlantyckiego 12 marca 1999 r. wi\u0105za\u0142o si\u0119 z natychmiastowym zderzeniem z natowskim czynnikiem wojny.<\/strong> Kilkana\u015bcie dni p\u00f3\u017aniej NATO rozpocz\u0119\u0142o bombardowanie Serbii, kt\u00f3re trwa\u0142o 78 dni. Polska wprawdzie w nim nie uczestniczy\u0142a, ale dla cz\u0142onka rozwi\u0105zanego Uk\u0142adu Warszawskiego by\u0142a to forma chrztu bojowego w Sojuszu. Gdy okrzep\u0142a w nowym uk\u0142adzie politycznym i militarnym, \u0142atwo zapad\u0142a decyzja postsolidarno\u015bciowych w\u0142adz Polski o udziale w zbrojnej agresji na Afganistan, a nast\u0119pnie jego dwudziestoletniej okupacji \u2013 na fali walki ze \u015bwiatowym terroryzmem. Jeszcze \u0142atwiej podj\u0119\u0142a Warszawa decyzj\u0119 o wsp\u00f3\u0142udziale w wojnie USA I NATO z Irakiem i okupacji tego kraju. Do dzi\u015b przebywaj\u0105 w nim polscy \u201especjali\u015bci\u201d. Nast\u0105pi\u0142 jeszcze udzia\u0142 w wojnie Ameryki i \u201eobronnego\u201d Sojuszu z Syri\u0105, kt\u00f3rej legalna i&nbsp; pokojowa w\u0142adza Baszara Al Asada zosta\u0142a obwo\u0142ana przez&nbsp; zachodnie media mianem gro\u017anego re\u017cimu.<\/p>\r\n<p>Wobec takiego do\u015bwiadczenia w natowskich wojnach, nie powinna dziwi\u0107 rola, jak\u0105 Polsce wyznaczyli decydenci Sojuszu w przygotowywanej od 2014 roku wojnie z Rosj\u0105 \u2013 pod\u017cegacza i propagandzisty. <strong>Obecnie okazuje si\u0119 r\u00f3wnie\u017c, \u017ce jest to rola pa\u0144stwa frontowego, kt\u00f3rego los zale\u017cy od dobrej lub z\u0142ej roli Kremla<\/strong>. W najczarniejszym scenariuszu os\u0142awiona wschodnia flanka, o kt\u00f3r\u0105 tyle lat walczy\u0142y polskie w\u0142adze, mo\u017ce sprowokowa\u0107 Rosj\u0119 do dzia\u0142a\u0144 daj\u0105cych \u201egwarancj\u0119 jej bezpiecze\u0144stwa\u201d, o kt\u00f3rych pisa\u0142 prezydent Putin w swym grudniowym li\u015bcie skierowanym do USA i pa\u0144stw Unii Europejskiej. T\u0105 gwarancj\u0105 mia\u0142oby by\u0107 cofniecie NATO za Odr\u0119. W obecnej sytuacji dla Polski by\u0142by to wyrok \u015bmierci.<\/p>\r\n<p>Z cywilizacyjnego punktu widzenia los Polski by\u0142by przyk\u0142adem tego, i\u017c czynnik wojny nigdy nie jest czynnikiem bezpiecze\u0144stwa, o kt\u00f3rym tyle m\u00f3wi\u0105 ideologowie transatlantyzmu. W ich perspektywie owo kluczowe bezpiecze\u0144stwo oznacza jedynie bezpiecze\u0144stwo \u201eswoich\u201d. Jego przyk\u0142adem jest s\u0142ynna ucieczka z Kabulu. Po dwudziestu latach okupacji USA i NATO \u2013 z Polsk\u0105 w\u0142\u0105cznie \u2013 pozostawi\u0142y ten kraj na pastw\u0119 talib\u00f3w, pogr\u0105\u017caj\u0105c go w chaosie, g\u0142odzie i n\u0119dzy. Co to ma wsp\u00f3lnego z cywilizacj\u0105 \u0142aci\u0144sk\u0105\/chrze\u015bcija\u0144sk\u0105, kt\u00f3r\u0105 si\u0119 tak bardzo chlubi\u0105 jeszcze \u015brodowiska PiS i katolickie media? Obecno\u015b\u0107 Polski w Afganistanie, Iraku, Syrii \u2013 to zaprzeczenie tej cywilizacji. Co wi\u0119cej \u2013 to \u015bwiadectwo degraduj\u0105cej niemo\u017cno\u015bci, a raczej niezdolno\u015bci do ustanawiania pokoju.<\/p>\r\n<p>&nbsp;<\/p>\r\n<h4>Na szkod\u0119 Polski<\/h4>\r\n<p>Obecna wojna na Ukrainie potwierdza t\u0119 indolentno\u015b\u0107, niezdatno\u015b\u0107 w sferze pokoju. Daje ona o sobie zna\u0107 r\u00f3wnie\u017c w dzia\u0142aniach Polski na rzecz kolejnych sankcji wobec Rosji i ostatnio wobec&nbsp; Bia\u0142orusi. S\u0105 to dzia\u0142ania w trwaj\u0105cej od 2014 roku wojnie gospodarczej, wyniszczaj\u0105cej nie w\u0142adz\u0119, lecz spo\u0142ecze\u0144stwo, szarych obywateli tych pa\u0144stw. Polacy powinni o tym pami\u0119ta\u0107, bo prze\u017cyli sankcje Zachodu na\u0142o\u017cone na Polsk\u0119 na pro\u015bby Solidarno\u015bci. Z pustymi p\u00f3\u0142kami zderzyli si\u0119 zwykli ludzie, z kt\u00f3rymi w\u0142adza nie mia\u0142a nic wsp\u00f3lnego. Jerzy Urban uj\u0105\u0142 te sytuacj\u0119 w s\u0142ynnym powiedzeniu: rz\u0105d si\u0119 wy\u017cywi. <strong>R\u00f3wnie\u017c&nbsp; obecne w\u0142adze doskonale wiedz\u0105, \u017ce sankcje na Rosj\u0119 i Bia\u0142oru\u015b uderzaj\u0105 tak\u017ce w Zach\u00f3d i radykalnie obni\u017caj\u0105 poziom \u017cycia jego mieszka\u0144c\u00f3w<\/strong>. Jeszcze bardziej odczuwa je o wiele biedniejsze polskie spo\u0142ecze\u0144stwo, pogr\u0105\u017cane w szalej\u0105cej inflacji i kryzysie gospodarczym.<\/p>\r\n<p>Determinacja Polski w walce o sankcje jest tym bardziej niezrozumia\u0142a, gdy ju\u017c wiadomo, \u017ce nie powstrzyma\u0142y one wojny na Ukrainie, a wr\u0119cz przeciwnie \u2013 nada\u0142y Rosji nowego dynamizmu. Czy\u017cby Polska by\u0142a skazana na wej\u015bcie do historii w roli nie tylko pod\u017cegacza i awanturnika wojennego, ale r\u00f3wnie\u017c destruktora gospodarczego? W ka\u017cdej z tych r\u00f3l odcina si\u0119 od kryteri\u00f3w swej historycznej cywilizacji i jej g\u0142\u00f3wnych wektor\u00f3w z pi\u0119ciomianu Feliksa Konecznego. Okoliczno\u015bci wojny nie zmieniaj\u0105 ich. Wie o tym premier W\u0119gier <strong>Wiktor Orban<\/strong>, kt\u00f3ry nie zwa\u017caj\u0105c na natowsk\u0105 i unijn\u0105 krytyk\u0119, nie przepuszcza na Ukrain\u0119 broni i nawo\u0142uje walcz\u0105ce strony do rozpocz\u0119cia rozm\u00f3w pokojowych. Oferuje W\u0119gry jako ich miejsce. To jest klasyczny przyk\u0142ad ci\u0105g\u0142o\u015bci cywilizacyjnej, kt\u00f3rej nie uniewa\u017cniaj\u0105 \u017cadne kataklizmy \u2013 r\u00f3wnie\u017c dziejowe, r\u00f3wnie\u017c wojenne. W nich tylko cywilizacja si\u0119 umacnia. Pod warunkiem, \u017ce w\u0142adza i jej suweren pozostaj\u0105 wierne swemu narodowemu etosowi.<\/p>\r\n<p><strong>Mo\u017cna przypuszcza\u0107, \u017ce W\u0119gry w roli pokojowego mediatora maj\u0105 wizj\u0119 przysz\u0142ej Ukrainy, nie tylko odrodzonej po wojnie i odbudowanej, ale r\u00f3wnie\u017c zreformowanej jako jednolite pa\u0144stwo b\u0105d\u017a jako federacja<\/strong>. Premier Orban wie, jaki problem dla obecnej Ukrainy stanowi\u0105 mniejszo\u015bci narodowe, z rosyjsk\u0105 na czele. Na jakie trudno\u015bci napotyka mniejszo\u015b\u0107 w\u0119gierska. Jako obro\u0144ca cywilizacji chrze\u015bcija\u0144skiej b\u0119dzie nadal walczy\u0142 o jej prawa, r\u00f3wnie\u017c&nbsp; po zako\u0144czonej wojnie. <strong>Mo\u017cna za\u0142o\u017cy\u0107, \u017ce do\u0142o\u017cy wszelkich stara\u0144, aby sama Ukraina, niezale\u017cnie od Rosji, dobrowolnie odci\u0119\u0142a si\u0119 od banderyzmu. <\/strong>Temu um\u0119czonemu wojn\u0105 spo\u0142ecze\u0144stwu niczego tak nie potrzeba, jak pokoju i oczyszczenia ze szkodz\u0105cej mu ideologii, kt\u00f3ra sta\u0142a si\u0119 inspiracj\u0105 dla wytoczonej przez Kij\u00f3w ju\u017c w 2014 roku wojny ze zbuntowanymi republikami Doniecka i \u0141uga\u0144ska. W 2022 roku sta\u0142a si\u0119 natomiast dla Rosji argumentem dla interwencji&nbsp; zbrojnej na Ukrainie.<\/p>\r\n<p>Polska nie ma \u017cadnej w\u0142asnej wizji przysz\u0142ej Ukrainy. Poch\u0142oni\u0119ta jest podtrzymywaniem trwaj\u0105cej na jej po\u0142udniu i wschodzie wojny. Nie ma \u017cadnych dla niej propozycji cywilizacyjnych. jako gwarancji pokojowego i harmonijnego rozwoju. Nie ma, poniewa\u017c sama utraci\u0142a cywilizacyjny kierunek.<\/p>\r\n<p><strong><em>Prof. Anna Ra\u017any<\/em> <\/strong><\/p>\r\n<p>My\u015bl Polska, nr 17-18 (24.04-1.05.2022)<\/p>","protected":false},"excerpt":{"rendered":"Tocz\u0105ca si\u0119 na Ukrainie wojna ods\u0142ania prawdziwe oblicze tych, kt\u00f3rzy decyduj\u0105 o losach Polski i postawach Polak\u00f3w w czasie skrajnego zagro\u017cenia naszego bytu pa\u0144stwowego i narodowego. Obna\u017ca oblicze nie tylko ludzi polityki oraz podporz\u0105dkowanych im medi\u00f3w, kultury i nauki, ale r\u00f3wnie\u017c Ko\u015bcio\u0142a. Nigdy wcze\u015bniej nie by\u0142o mi\u0119dzy nimi takiej jednomy\u015blno\u015bci w sprawie Ukrainy i Rosji, [&hellip;]","protected":false},"author":1,"featured_media":0,"comment_status":"closed","ping_status":"closed","sticky":false,"template":"","format":"standard","meta":{"_acf_changed":false,"_monsterinsights_skip_tracking":false,"_monsterinsights_sitenote_active":false,"_monsterinsights_sitenote_note":"","_monsterinsights_sitenote_category":0,"ngg_post_thumbnail":0,"footnotes":"","_wp_rev_ctl_limit":""},"categories":[13,9],"tags":[65,168,84,98,179,141,167,17],"acf":[],"_links":{"self":[{"href":"https:\/\/www.bibula.com\/index.php?rest_route=\/wp\/v2\/posts\/133698"}],"collection":[{"href":"https:\/\/www.bibula.com\/index.php?rest_route=\/wp\/v2\/posts"}],"about":[{"href":"https:\/\/www.bibula.com\/index.php?rest_route=\/wp\/v2\/types\/post"}],"author":[{"embeddable":true,"href":"https:\/\/www.bibula.com\/index.php?rest_route=\/wp\/v2\/users\/1"}],"replies":[{"embeddable":true,"href":"https:\/\/www.bibula.com\/index.php?rest_route=%2Fwp%2Fv2%2Fcomments&post=133698"}],"version-history":[{"count":6,"href":"https:\/\/www.bibula.com\/index.php?rest_route=\/wp\/v2\/posts\/133698\/revisions"}],"predecessor-version":[{"id":133705,"href":"https:\/\/www.bibula.com\/index.php?rest_route=\/wp\/v2\/posts\/133698\/revisions\/133705"}],"wp:attachment":[{"href":"https:\/\/www.bibula.com\/index.php?rest_route=%2Fwp%2Fv2%2Fmedia&parent=133698"}],"wp:term":[{"taxonomy":"category","embeddable":true,"href":"https:\/\/www.bibula.com\/index.php?rest_route=%2Fwp%2Fv2%2Fcategories&post=133698"},{"taxonomy":"post_tag","embeddable":true,"href":"https:\/\/www.bibula.com\/index.php?rest_route=%2Fwp%2Fv2%2Ftags&post=133698"}],"curies":[{"name":"wp","href":"https:\/\/api.w.org\/{rel}","templated":true}]}}