{"id":133592,"date":"2022-04-26T12:40:06","date_gmt":"2022-04-26T16:40:06","guid":{"rendered":"https:\/\/www.bibula.com\/?p=133592"},"modified":"2022-04-26T13:11:36","modified_gmt":"2022-04-26T17:11:36","slug":"tajemniczy-lot-z-lublina-do-moskwy","status":"publish","type":"post","link":"https:\/\/www.bibula.com\/?p=133592","title":{"rendered":"Tajemniczy lot z Lublina do Moskwy"},"content":{"rendered":"<p class=\"has-drop-cap\">We wtorek rano, 26 kwietnia br. o godzinie 7:14 wystartowa\u0142 z lotniska w Lublinie czarterowy samolot z docelowym portem w Moskwie.<\/p>\r\n<p>&nbsp;<\/p>\r\n<p>Lot odby\u0142 si\u0119 na terytorium powietrznym Polski, Litwy, \u0141otwy oraz oczywi\u015bcie Rosji, i wyl\u0105dowa\u0142 na lotnisku Wnukowo o godzinie 10:04 (UTC+3).<\/p>\r\n<p>Co prawda rzecznik Portu Lotniczego w Lublinie nie chcia\u0142 komentowa\u0107 sprawy lotu, a nawet nie o\u015bmieli\u0142 si\u0119 potwierdzi\u0107 czy takowy lot w og\u00f3le mia\u0142 miejsce, zachowanie takie jest w dzisiejszych czasach jest po prostu infantylne.<\/p>\r\n<p>Wystarczy 3 minuty szukania w internecie, aby wydoby\u0107 wiele informacji, kt\u00f3re &#8222;w czasie wojny&#8221; \u015bmieszne Ministerstwo Obrony Narodowej utrzymuje jako &#8222;tajemnic\u0119&#8221;. Nie te czasy, panowie \u017co\u0142nierzyki&#8230;<\/p>\r\n<p>Oto co wiemy o locie i samym samolocie:<\/p>\r\n<ul>\r\n\t<li>Samolot firmy Bombardier nale\u017cy do niemieckiej firmy Global Express<\/li>\r\n\t<li>Zabiera max. 15 pasa\u017cer\u00f3w. Za\u0142oga to 2 pilot\u00f3w, b\u0105d\u017a 3 na d\u0142ugich dystansach.<\/li>\r\n\t<li>Posiada 8 miejsc sypialnych (4 pojedyncze i 2 podw\u00f3jne)<\/li>\r\n\t<li>Pr\u0119dko\u015b\u0107 max. 900 km\/h \/ Mach 0.85<\/li>\r\n\t<li>Zasi\u0119g 11 140 km<\/li>\r\n\t<li>Maksymalna wysoko\u015b\u0107 przelotowa: 51 tys. st\u00f3p<\/li>\r\n\t<li>Numer seryjny samolotu: 9028<\/li>\r\n\t<li>Zarejestrowany w niemieckiej bazie D-AFAM<\/li>\r\n\t<li>Jego baza to Norymberga EDDN (NUE)<\/li>\r\n\t<li>Samolot ma 23 lata, w 2012 roku przechodzi\u0142 gruntowny remont, na nowo przemalowany w 2014 roku<\/li>\r\n\t<li>Samolot mo\u017ce by\u0107 wyczarterowany z firmy FAI rent-a-jet GmbH<\/li>\r\n\t<li>Jak wy\u017cej, lot odby\u0142 z Lublina do Moskwy (LUZ-VKO)<\/li>\r\n\t<li>Lot zarejstrowany zosta\u0142 jako IFA6165<\/li>\r\n\t<li><strong>Co ciekawe, zaraz potem wystartowa\u0142 z VKO\/UUWW i wyl\u0105dowa\u0142 w Zurichu (ZRH\/LSZH)<\/strong><\/li>\r\n<\/ul>\r\n<p>&nbsp;<\/p>\r\n<p>Czego na razie nie wiemy, to w jakim celu odby\u0142 si\u0119 lot z Lublina do Moskwy, a dalej do Zurichu i kto by\u0142 na pok\u0142adzie samolotu.<\/p>\r\n<p>&#8222;Ukrai\u0144ska Prawda&#8221; podaje, \u017ce lot mo\u017ce by\u0107 zwi\u0105zany z planowanym na dzie\u0144 dzisiejszy spotkaniem Sekretarza Generalnego ONZ, Ant\u00f3nio Guterresa z Prezydentem Federacji Rosji, W\u0142adimirem Putinem oraz ministrem spraw zagranicznych Rosji, Siergiejem \u0141awrowem.<\/p>\r\n<p>A co m\u00f3wi\u0105 polscy &#8222;dziennikarze&#8221; g\u0142\u00f3wnych medi\u00f3w? Nic nie m\u00f3wi\u0105, bo nie zajmuj\u0105 si\u0119 dociekaniami i informowaniem spo\u0142ecze\u0144stwa, lecz jednym g\u0142osem wsp\u00f3\u0142dzia\u0142aj\u0105 z w\u0142adz\u0105, kt\u00f3ra finansuje ich propagand\u0119.<\/p>\r\n<p class=\"zrodlo\">Oprac. www.bibula.com<br>\r\n2022-04-26<\/p>","protected":false},"excerpt":{"rendered":"We wtorek rano, 26 kwietnia br. o godzinie 7:14 wystartowa\u0142 z lotniska w Lublinie czarterowy samolot z docelowym portem w Moskwie. &nbsp; Lot odby\u0142 si\u0119 na terytorium powietrznym Polski, Litwy, \u0141otwy oraz oczywi\u015bcie Rosji, i wyl\u0105dowa\u0142 na lotnisku Wnukowo o godzinie 10:04 (UTC+3). Co prawda rzecznik Portu Lotniczego w Lublinie nie chcia\u0142 komentowa\u0107 sprawy lotu, [&hellip;]","protected":false},"author":1,"featured_media":0,"comment_status":"closed","ping_status":"closed","sticky":false,"template":"","format":"standard","meta":{"_acf_changed":false,"_monsterinsights_skip_tracking":false,"_monsterinsights_sitenote_active":false,"_monsterinsights_sitenote_note":"","_monsterinsights_sitenote_category":0,"ngg_post_thumbnail":0,"footnotes":"","_wp_rev_ctl_limit":""},"categories":[13,8],"tags":[84,98,141,104],"acf":[],"_links":{"self":[{"href":"https:\/\/www.bibula.com\/index.php?rest_route=\/wp\/v2\/posts\/133592"}],"collection":[{"href":"https:\/\/www.bibula.com\/index.php?rest_route=\/wp\/v2\/posts"}],"about":[{"href":"https:\/\/www.bibula.com\/index.php?rest_route=\/wp\/v2\/types\/post"}],"author":[{"embeddable":true,"href":"https:\/\/www.bibula.com\/index.php?rest_route=\/wp\/v2\/users\/1"}],"replies":[{"embeddable":true,"href":"https:\/\/www.bibula.com\/index.php?rest_route=%2Fwp%2Fv2%2Fcomments&post=133592"}],"version-history":[{"count":10,"href":"https:\/\/www.bibula.com\/index.php?rest_route=\/wp\/v2\/posts\/133592\/revisions"}],"predecessor-version":[{"id":133607,"href":"https:\/\/www.bibula.com\/index.php?rest_route=\/wp\/v2\/posts\/133592\/revisions\/133607"}],"wp:attachment":[{"href":"https:\/\/www.bibula.com\/index.php?rest_route=%2Fwp%2Fv2%2Fmedia&parent=133592"}],"wp:term":[{"taxonomy":"category","embeddable":true,"href":"https:\/\/www.bibula.com\/index.php?rest_route=%2Fwp%2Fv2%2Fcategories&post=133592"},{"taxonomy":"post_tag","embeddable":true,"href":"https:\/\/www.bibula.com\/index.php?rest_route=%2Fwp%2Fv2%2Ftags&post=133592"}],"curies":[{"name":"wp","href":"https:\/\/api.w.org\/{rel}","templated":true}]}}