{"id":133569,"date":"2022-04-25T15:37:46","date_gmt":"2022-04-25T19:37:46","guid":{"rendered":"https:\/\/www.bibula.com\/?p=133569"},"modified":"2022-04-25T15:37:46","modified_gmt":"2022-04-25T19:37:46","slug":"zbrodnia-w-janowej-dolinie","status":"publish","type":"post","link":"https:\/\/www.bibula.com\/?p=133569","title":{"rendered":"Zbrodnia w Janowej Dolinie"},"content":{"rendered":"<p>79 lat temu w miejscowo\u015bci Janowa Dolina na Wo\u0142yniu mia\u0142 miejsce jeden z najbardziej krwawych epizod\u00f3w ludob\u00f3jstwa dokonanego przez siepaczy z UPA i ich pomagier\u00f3w na ludno\u015bci polskiej. W nocy z Wielkiego Czwartku na Wielki Pi\u0105tek (22-23 kwietnia) 1943 roku sotnia UPA pod d\u00f3w\u00f3dztwem Iwana \u0141ytwy\u0144czuka ps. \u201eDubowyj\u201d wymordowa\u0142a, wykazuj\u0105c si\u0119 przy tym szczeg\u00f3lnym okrucie\u0144stwem ok. 600 polskich mieszka\u0144c\u00f3w wspomnianego osiedla.<\/p>\r\n<p>Napad rozpocz\u0119to ok. p\u00f3\u0142nocy 22 kwietnia, kiedy to mordercy z UPA ostrzelali z broni maszynowej zabudowania miejscowo\u015bci. Nast\u0119pnie rozpocz\u0119to podpalanie kolejnych domostw. Ratuj\u0105cych si\u0119 ucieczk\u0105 Polak\u00f3w mordowano przy pomocy siekier, wide\u0142 i no\u017cy. Wed\u0142ug relacji \u015bwiadk\u00f3w szczeg\u00f3ln\u0105 uciech\u0119 ukrai\u0144skim zwyrodnialcom sprawia\u0142o nabijanie polskich dzieci na pal lub podpalanie \u017cywcem, po uprzednim \u201ezawini\u0119ciu\u201d w s\u0142omiane snopki. Ukrai\u0144scy zwyrodnialcy nie oszcz\u0119dzili r\u00f3wnie\u017c miejscowego szpitala, pal\u0105c \u017cywcem rannych i chorych, a personel medyczny morduj\u0105c w bestialski spos\u00f3b przy pomocy narz\u0119dzi gospodarskich. Z rzezi uratowa\u0142a si\u0119 cz\u0119\u015b\u0107 mieszka\u0144c\u00f3w, kt\u00f3ra znalaz\u0142a schronienie w miejscowym niemieckim garnizonie.<\/p>\r\n<p>Do dnia dzisiejszego pami\u0119\u0107 pomordowanych w Janowej Dolinie Polak\u00f3w nie zosta\u0142a nale\u017cycie uczczona. Cho\u0107 w miejscu zbrodni rodziny pomordowanych ufundowa\u0142y pami\u0105tkowy pomnik, to w ostatniej chwili jego ukrai\u0144ski wykonawca usun\u0105\u0142 bez wiedzy zamawiaj\u0105cych dat\u0119 \u201e23 kwietnia 1943 roku\u201d pozostawiaj\u0105c tylko napis \u201ePami\u0119ci Polak\u00f3w z Janowej Doliny\u201d. W trakcie ods\u0142aniania pomnika , w dniu 18 kwietnia 1998 roku protestowa\u0142a kilkudziesi\u0119cioosobowa grupa Ukrai\u0144c\u00f3w, trzymaj\u0105cych w d\u0142oniach antypolskie transparenty i wznosz\u0105c okrzyki: \u201eprecz st\u0105d polscy okupanci\u201d, \u201eprecz ss- ma\u0144skie s\u0142ugusy\u201d.<\/p>\r\n<p>W kolejnych latach w Janowej Dolinie (obecnie miejscowo\u015b\u0107 Bazaltowe) postawiono tablic\u0119 \u201eupami\u0119tniaj\u0105c\u0105\u201d, \u201eakcj\u0119 bojow\u0105\u201d oddzia\u0142u UPA, kt\u00f3ry 22 kwietnia 1943 roku mia\u0142 zlikwidowa\u0107 \u201ebaz\u0119 polsko- niemieckich okupant\u00f3w Wo\u0142ynia\u201d. Pami\u0119tajmy o ofiarach w Janowej Doliny i innych pomordowanych Polakach na wschodnich kresach RP, szczeg\u00f3lnie dzi\u015b, gdy nasz nar\u00f3d w ge\u015bcie i\u015bcie boskiego mi\u0142osierdzia otwiera szeroko ramiona dla ukrai\u0144skich uchod\u017ac\u00f3w, niepomny krzywd, wyrz\u0105dzonych na wielk\u0105 skal\u0119 w\u0142asnym rodakom.<\/p>\r\n<p><strong><em>dr Jacek Misztal<\/em><\/strong><\/p>","protected":false},"excerpt":{"rendered":"79 lat temu w miejscowo\u015bci Janowa Dolina na Wo\u0142yniu mia\u0142 miejsce jeden z najbardziej krwawych epizod\u00f3w ludob\u00f3jstwa dokonanego przez siepaczy z UPA i ich pomagier\u00f3w na ludno\u015bci polskiej. W nocy z Wielkiego Czwartku na Wielki Pi\u0105tek (22-23 kwietnia) 1943 roku sotnia UPA pod d\u00f3w\u00f3dztwem Iwana \u0141ytwy\u0144czuka ps. \u201eDubowyj\u201d wymordowa\u0142a, wykazuj\u0105c si\u0119 przy tym szczeg\u00f3lnym okrucie\u0144stwem [&hellip;]","protected":false},"author":1,"featured_media":0,"comment_status":"closed","ping_status":"closed","sticky":false,"template":"","format":"standard","meta":{"_acf_changed":false,"_monsterinsights_skip_tracking":false,"_monsterinsights_sitenote_active":false,"_monsterinsights_sitenote_note":"","_monsterinsights_sitenote_category":0,"ngg_post_thumbnail":0,"footnotes":"","_wp_rev_ctl_limit":""},"categories":[13,9],"tags":[65,167,17,59],"acf":[],"_links":{"self":[{"href":"https:\/\/www.bibula.com\/index.php?rest_route=\/wp\/v2\/posts\/133569"}],"collection":[{"href":"https:\/\/www.bibula.com\/index.php?rest_route=\/wp\/v2\/posts"}],"about":[{"href":"https:\/\/www.bibula.com\/index.php?rest_route=\/wp\/v2\/types\/post"}],"author":[{"embeddable":true,"href":"https:\/\/www.bibula.com\/index.php?rest_route=\/wp\/v2\/users\/1"}],"replies":[{"embeddable":true,"href":"https:\/\/www.bibula.com\/index.php?rest_route=%2Fwp%2Fv2%2Fcomments&post=133569"}],"version-history":[{"count":1,"href":"https:\/\/www.bibula.com\/index.php?rest_route=\/wp\/v2\/posts\/133569\/revisions"}],"predecessor-version":[{"id":133572,"href":"https:\/\/www.bibula.com\/index.php?rest_route=\/wp\/v2\/posts\/133569\/revisions\/133572"}],"wp:attachment":[{"href":"https:\/\/www.bibula.com\/index.php?rest_route=%2Fwp%2Fv2%2Fmedia&parent=133569"}],"wp:term":[{"taxonomy":"category","embeddable":true,"href":"https:\/\/www.bibula.com\/index.php?rest_route=%2Fwp%2Fv2%2Fcategories&post=133569"},{"taxonomy":"post_tag","embeddable":true,"href":"https:\/\/www.bibula.com\/index.php?rest_route=%2Fwp%2Fv2%2Ftags&post=133569"}],"curies":[{"name":"wp","href":"https:\/\/api.w.org\/{rel}","templated":true}]}}