{"id":133539,"date":"2022-04-25T11:55:33","date_gmt":"2022-04-25T15:55:33","guid":{"rendered":"https:\/\/www.bibula.com\/?p=133539"},"modified":"2022-04-25T12:37:34","modified_gmt":"2022-04-25T16:37:34","slug":"niemcy-eksmituja-uchodzcow-afganskich-aby-zrobic-miejsce-dla-ukraincow","status":"publish","type":"post","link":"https:\/\/www.bibula.com\/?p=133539","title":{"rendered":"Niemcy eksmituj\u0105 uchod\u017ac\u00f3w afga\u0144skich aby zrobi\u0107 miejsce dla Ukrai\u0144c\u00f3w"},"content":{"rendered":"<div class=\"p_underline\">\r\n<p class=\"has-drop-cap\">Wed\u0142ug nowego raportu opublikowanego przez ameryka\u0144skie media, Niemcy wysiedlaj\u0105 setki Afga\u0144czyk\u00f3w, aby zrobi\u0107 miejsce dla nap\u0142ywaj\u0105cych do kraju ukrai\u0144skich uchod\u017ac\u00f3w wojennych &#8211; podaje ira\u0144ska agencja <a href=\"https:\/\/www.presstv.ir\/Detail\/2022\/04\/21\/680752\/Germany-Afghan-refugees-Taliban-Ukraine-Russia-displacement-\">PressTV<\/a>.<\/p>\r\n<p>&nbsp;<\/p>\r\n<p>Ameryka\u0144ski magazyn Foreign Policy opisa\u0142 histori\u0119 bezradnych afga\u0144skich rodzin, kt\u00f3re przyby\u0142y do Niemiec jako uchod\u017acy uciekaj\u0105cy przed rz\u0105dami talib\u00f3w, ale zosta\u0142y ca\u0142kiem niedawno usuni\u0119te przez niemiecki rz\u0105d z dotychczasowych miejsc, aby zrobi\u0107 miejsce dla przybywaj\u0105cych uchod\u017ac\u00f3w z Ukrainy. Nawet niemieccy pracownicy socjalni wyrazili frustracj\u0119 z powodu traktowania przez Berlin afga\u0144skich uchod\u017ac\u00f3w.<\/p>\r\n<p>&#8222;<em><strong>Eksmisje celowo nie by\u0142y nag\u0142a\u015bniane.<\/strong> Niekt\u00f3rzy ludzie mieszkali w swoich domach od lat i zostali wyrwani ze swoich struktur spo\u0142ecznych, w tym dzieci, kt\u00f3re przeniesiono do miejsc oddalonych od ich szk\u00f3\u0142<\/em>&#8221; &#8211; powiedzia\u0142 Tareq Alaows, cz\u0142onek zarz\u0105du Berli\u0144skiej Rady ds. Uchod\u017ac\u00f3w, zrzeszaj\u0105cej r\u00f3\u017cne organizacje dzia\u0142aj\u0105ce na rzecz poprawy warunk\u00f3w \u017cycia uchod\u017ac\u00f3w w stolicy Niemiec i dbaj\u0105ce o przestrzeganie ich praw.<\/p>\r\n<p>Berlin poinformowa\u0142, \u017ce Afga\u0144czycy zostali eksmitowani z tak zwanych &#8222;o\u015brodk\u00f3w przyjazdowych&#8221;, w kt\u00f3rych powinni przebywa\u0107 tylko przez kr\u00f3tki czas. Jednak niekt\u00f3re rodziny mieszka\u0142y tam od lat, podczas gdy inne mieszka\u0142y w innych miejscach ni\u017c o\u015brodki przyjazdowe.<\/p>\r\n<p>Przed rozpocz\u0119ciem operacji wojskowej Rosji na Ukrainie 24 lutego Niemcy by\u0142y najwi\u0119kszym w Europie krajem przyjmuj\u0105cym uchod\u017ac\u00f3w, w kt\u00f3rym mieszka\u0142o ponad 1,24 mln os\u00f3b, po tym jak Berlin otworzy\u0142 swoje granice w 2015 r. dla ludzi uciekaj\u0105cych g\u0142\u00f3wnie przed wojn\u0105 w Syrii.<\/p>\r\n<p>Po wojnie na Ukrainie Polska sta\u0142a si\u0119 najwi\u0119kszym krajem przyjmuj\u0105cym uchod\u017ac\u00f3w w Europie, kt\u00f3ry do tej pory przyj\u0105\u0142 2,8 mln Ukrai\u0144c\u00f3w. [<em>dane sprzed kilku dni<\/em>]<\/p>\r\n<p class=\"zrodlo\">Oprac. www.bibula.com<br>\r\n2022-04-25<\/p>\r\n<\/div>","protected":false},"excerpt":{"rendered":"Wed\u0142ug nowego raportu opublikowanego przez ameryka\u0144skie media, Niemcy wysiedlaj\u0105 setki Afga\u0144czyk\u00f3w, aby zrobi\u0107 miejsce dla nap\u0142ywaj\u0105cych do kraju ukrai\u0144skich uchod\u017ac\u00f3w wojennych &#8211; podaje ira\u0144ska agencja PressTV. &nbsp; Ameryka\u0144ski magazyn Foreign Policy opisa\u0142 histori\u0119 bezradnych afga\u0144skich rodzin, kt\u00f3re przyby\u0142y do Niemiec jako uchod\u017acy uciekaj\u0105cy przed rz\u0105dami talib\u00f3w, ale zosta\u0142y ca\u0142kiem niedawno usuni\u0119te przez niemiecki rz\u0105d z [&hellip;]","protected":false},"author":1,"featured_media":0,"comment_status":"closed","ping_status":"closed","sticky":false,"template":"","format":"standard","meta":{"_acf_changed":false,"_monsterinsights_skip_tracking":false,"_monsterinsights_sitenote_active":false,"_monsterinsights_sitenote_note":"","_monsterinsights_sitenote_category":0,"ngg_post_thumbnail":0,"footnotes":"","_wp_rev_ctl_limit":""},"categories":[13,6],"tags":[353,166,76,167],"acf":[],"_links":{"self":[{"href":"https:\/\/www.bibula.com\/index.php?rest_route=\/wp\/v2\/posts\/133539"}],"collection":[{"href":"https:\/\/www.bibula.com\/index.php?rest_route=\/wp\/v2\/posts"}],"about":[{"href":"https:\/\/www.bibula.com\/index.php?rest_route=\/wp\/v2\/types\/post"}],"author":[{"embeddable":true,"href":"https:\/\/www.bibula.com\/index.php?rest_route=\/wp\/v2\/users\/1"}],"replies":[{"embeddable":true,"href":"https:\/\/www.bibula.com\/index.php?rest_route=%2Fwp%2Fv2%2Fcomments&post=133539"}],"version-history":[{"count":4,"href":"https:\/\/www.bibula.com\/index.php?rest_route=\/wp\/v2\/posts\/133539\/revisions"}],"predecessor-version":[{"id":133554,"href":"https:\/\/www.bibula.com\/index.php?rest_route=\/wp\/v2\/posts\/133539\/revisions\/133554"}],"wp:attachment":[{"href":"https:\/\/www.bibula.com\/index.php?rest_route=%2Fwp%2Fv2%2Fmedia&parent=133539"}],"wp:term":[{"taxonomy":"category","embeddable":true,"href":"https:\/\/www.bibula.com\/index.php?rest_route=%2Fwp%2Fv2%2Fcategories&post=133539"},{"taxonomy":"post_tag","embeddable":true,"href":"https:\/\/www.bibula.com\/index.php?rest_route=%2Fwp%2Fv2%2Ftags&post=133539"}],"curies":[{"name":"wp","href":"https:\/\/api.w.org\/{rel}","templated":true}]}}