{"id":133456,"date":"2022-04-23T07:43:57","date_gmt":"2022-04-23T11:43:57","guid":{"rendered":"https:\/\/www.bibula.com\/?p=133456"},"modified":"2022-04-23T07:43:57","modified_gmt":"2022-04-23T11:43:57","slug":"inteligencja-i-motloch-izabela-brodacka","status":"publish","type":"post","link":"https:\/\/www.bibula.com\/?p=133456","title":{"rendered":"Inteligencja i mot\u0142och &#8211; <em>Izabela Brodacka<\/em>"},"content":{"rendered":"<p class=\"has-drop-cap\">Naomi Klein w swojej ksi\u0105\u017cce \u201eDoktryna szoku\u201d opisa\u0142a metod\u0119 odsuni\u0119cia w niebyt i w niepami\u0119\u0107 takich warto\u015bci jak demokracja czy pa\u0144stwo narodowe. Spo\u0142ecze\u0144stwa wprawia si\u0119 w stan l\u0119ku, przed terroryzmem, wojn\u0105 lub zaraz\u0105. W sytuacji zagro\u017cenia albo nawet tylko l\u0119ku przed mo\u017cliwym zagro\u017ceniem ludzie szukaj\u0105 ratunku. Szukaj\u0105 wi\u0119c silnego przyw\u00f3dcy, kt\u00f3ry wybawi ich z opresji. \u0141atwiej godz\u0105 si\u0119 na pozbawienie ich praw obywatelskich.<\/p>\r\n<p>Nie protestujemy gdy na lotnisku obs\u0142uga wyrzuca do kosza buteleczk\u0119 z mlekiem przeznaczonym dla naszego niemowl\u0119cia, bo boimy si\u0119 terroryst\u00f3w. Nie protestujemy gdy musimy paradowa\u0107 w filharmonii podczas koncertu w szmacie zas\u0142aniaj\u0105cej twarz, bo boimy si\u0119 epidemii. Najzabawniejsze jest gdy spotykaj\u0105 si\u0119 ca\u0142kowicie sprzeczne i jednakowo surowo egzekwowane obostrzenia. Na przyk\u0142ad we Francji w obawie przed islamskim terroryzmem zakazano zas\u0142aniania twarzy szmatami zwanymi czador, nikab czy te\u017c burka. Mieszkaj\u0105ce we Francji znajome licealistki narodowo\u015bci polskiej (posiadaj\u0105ce jednak francuskie obywatelstwo) poczu\u0142y si\u0119 nagle muzu\u0142mankami i zadr\u0119cza\u0142y szko\u0142\u0119 awanturami o prawo do zakrywania twarzy.<\/p>\r\n<p>Jest w tym pewna logika, je\u017celi dziewczyna mo\u017ce z dnia na dzie\u0144 poczu\u0107 si\u0119 ch\u0142opcem i ma prawo wchodzi\u0107 do m\u0119skiej ubikacji dlaczego nie mog\u0142aby si\u0119 nagle poczu\u0107 muzu\u0142mank\u0105?<\/p>\r\n<p>Po wybuchu \u201epandemii\u201d gdy okaza\u0142o si\u0119, \u017ce obowi\u0105zkowe jest zakrywanie twarzy, rozw\u015bcieczone nauczycielki egzekwowa\u0142y przymus noszenia maseczki medycznej lub wr\u0119cz chirurgicznej nadal jednak zabraniaj\u0105c u\u017cywania burki. Batali\u0119 przerwa\u0142a dyrekcja gdy pewnego dnia kilka uczennic pojawi\u0142o si\u0119 w szkole w wygrzebanych w piwnicy maskach przeciwgazowych z czas\u00f3w I Wojny \u015awiatowej i jedna z nich wyl\u0105dowa\u0142a w szpitalu z objawami silnego niedotlenienia gdy\u017c czego\u015b tam w masce nie przestawi\u0142a albo by\u0142a ona zepsuta. Gdy rozpaczliwie macha\u0142a r\u0119kami usi\u0142uj\u0105c zedrze\u0107 z twarzy gumowy ryj koledzy p\u0142akali ze \u015bmiechu traktuj\u0105c to jako jej brawurowy aktorski popis.<\/p>\r\n<p>Powsta\u0142a podkultura maseczki traktowanej jako przekaz. W Warszawie widywa\u0142am maseczki zdobione nutkami na pi\u0119ciolinii z kluczem wiolinowym, kwiatkami, kotkami, oraz z logo znanych firm (Naomi Klein jest autork\u0105 r\u00f3wnie znakomitej ksi\u0105\u017cki \u201e No logo\u201d ) albo z dowcipnymi has\u0142ami. Aborcjonistki paradowa\u0142y w maskach z czerwon\u0105 b\u0142yskawic\u0105. W nieformalnym obiegu pojawi\u0142y si\u0119 ostatnio maseczki ze znanym has\u0142em z Wyspy W\u0119\u017cy ,kt\u00f3re sta\u0142o si\u0119 zawo\u0142aniem nie tylko ukrai\u0144skich patriot\u00f3w i mi\u0119dzynarodowej m\u0142odzie\u017cy szkolnej lecz przede wszystkim wyrafinowanych intelektualist\u00f3w.<\/p>\r\n<p>Ja te\u017c uleg\u0142am zmys\u0142owi zupe\u0142nie niestosownej w moim wieku zabawy i zeznaj\u0105c w s\u0105dzie jako \u015bwiadek wezwana do na\u0142o\u017cenia maski wyci\u0105gn\u0119\u0142am z torebki s\u0142u\u017cbow\u0105 maseczk\u0119 PTWK z galopuj\u0105cymi na zielonym tle wy\u015bcigowymi ko\u0144mi. Zrobi\u0142am b\u0142\u0105d, zdumiona s\u0119dzia s\u0142ucha\u0142a mnie niezbyt uwa\u017cnie i b\u0119d\u0119 zapewne musia\u0142a zeznawa\u0107 ponownie. Dodam, \u017ce s\u0119dzia siedzia\u0142a za szyb\u0105, w plastikowej przy\u0142bicy, adwokaci byli w czarnych, przypominaj\u0105cych przest\u0119pcze maskach, nikt nic nie s\u0142ysza\u0142, a ca\u0142y proces sta\u0142 si\u0119 autentyczn\u0105 cho\u0107 niezamierzon\u0105 parodi\u0105. Bareja by tego nie wymy\u015bli\u0142.<\/p>\r\n<p>Wkr\u00f3tce potem przy\u0142bice zdelegalizowano. W zwi\u0105zku z nowym straszakiem jakim jest ukrai\u0144ska wojna zniesiono wszelkie obostrzenia i mo\u017cna przekracza\u0107 granic\u0119 bez szczepie\u0144, kwarantanny a nawet test\u00f3w. Gorliwi, kt\u00f3rzy zaszczepili si\u0119 tylko dlatego, \u017ce planowali urlop na Hawajach albo w Turcji s\u0105 teraz w\u015bciekli. Zostali z t\u0105 szczepionk\u0105 jak Himilsbach z angielskim.<\/p>\r\n<p>Wiele os\u00f3b oburza, \u017ce cytuj\u0119 i polecam Naomi Klein gdy\u017c wywodzi si\u0119 ona z lewicowej rodziny o \u017cydowskich korzeniach. Wydaje mi si\u0119 jednak, \u017ce gdy Urban m\u00f3wi, \u017ce dwa i dwa jest cztery nie powinni\u015bmy tylko dla zasady temu zaprzecza\u0107. Podobnie gdy Naomi perfekcyjnie opisuje w jaki spos\u00f3b wielkie korporacje rz\u0105dz\u0105 \u015bwiatem. O uczciwo\u015bci intelektualnej Naomi Klein \u015bwiadczy fakt, \u017ce 1990 roku opublikowa\u0142a w pi\u015bmie \u201eThe Varsity\u201d artyku\u0142 zatytu\u0142owany \u201eVictim do Victimizer\u201d, b\u0119d\u0105cy reakcj\u0105 na brutaln\u0105 polityk\u0119 Izraela w Strefie Gazy, kt\u00f3ry to artyku\u0142 wywo\u0142a\u0142 w\u015bciek\u0142o\u015b\u0107 \u015brodowisk \u017cydowskich. Podobno Naomi Klein nie jest r\u00f3wnie\u017c zadowolona, \u017ce uczyniono j\u0105 ikon\u0105 antyglobalizmu. Pisze to co my\u015bli nie ogl\u0105daj\u0105c si\u0119 na intelektualne kody i mody. A to naprawd\u0119 jest bardzo trudne.<\/p>\r\n<p>Zawsze przestrzegano nas przed reakcjami t\u0142umu, kt\u00f3ry potrafi w owczym p\u0119dzie zadepta\u0107 bli\u017anich na \u015bmier\u0107, kt\u00f3ry w czasach rewolucji francuskiej rozkoszowa\u0142 si\u0119 ogl\u0105daniem okrutnych egzekucji, kt\u00f3ry za\u017c\u0105da\u0142 od Pi\u0142ata ukrzy\u017cowania Chrystusa. Bezrefleksyjne reakcje stadne by\u0142y zawsze obyczajem mot\u0142ochu. Natomiast prawdziwi intelektuali\u015bci uwa\u017cali, \u017ce poszukuj\u0105 prawdy w\u0105tpi\u0105c we wszystko (m\u00f3wi\u0105c za Sokratesem \u201ewiem, \u017ce nic nie wiem\u201d) i \u017ce maj\u0105 prawo a nawet obowi\u0105zek we wszystko w\u0105tpi\u0107.<\/p>\r\n<p>Od d\u0142u\u017cszego czasu rejestrujemy jednak zamian\u0119 r\u00f3l. Obecnie intelektuali\u015bci m\u00f3wi\u0105 jednym g\u0142osem nawet w tak niejednoznacznych sprawach jak globalne ocieplenie czy przymusowe szczepienia i prze\u015bcigaj\u0105 si\u0119 w reakcjach stadnych wykluczaj\u0105c ze swego grona tych kt\u00f3rzy o\u015bmielili si\u0119 w\u0105tpi\u0107 w obowi\u0105zuj\u0105cy paradygmat. Intelektuali\u015bci przej\u0119li wi\u0119c rol\u0119 spo\u0142eczn\u0105 mot\u0142ochu a ludziom prostym pozostawili sceptycyzm, wnikliwo\u015b\u0107, umiar i rozs\u0105dek. Nic dziwnego \u017ce pewien m\u0142ody raper nazwa\u0142 grup\u0119 spo\u0142eczn\u0105 z kt\u00f3rej si\u0119 podobno sam wywodzi pato-inteligencj\u0105. To poj\u0119cie jest bliskie poj\u0119ciu \u201ewykszta\u0142ciucha\u201d, kt\u00f3re wymy\u015bli\u0142 przed laty Aleksander So\u0142\u017cenicyn (\u043e\u0431\u0440\u0430\u0437\u043e\u0432\u0430\u043d\u0449\u0438\u043d\u0430), a polski odpowiednik tego s\u0142owa zaproponowa\u0142 Roman Zimand. Oznacza\u0142o ono ludzi posiadaj\u0105cych formalne wykszta\u0142cenie, kt\u00f3rzy nie podj\u0119li jednak zadania s\u0142u\u017cenia prawdzie. Faktycznie za czas\u00f3w komunizmu czo\u0142owi intelektuali\u015bci s\u0142u\u017cyli komunie a nie prawdzie -przeprowadzali egzegez\u0119 dzie\u0142 Marksa, pisali wiersze na cze\u015b\u0107 Stalina i popierali prze\u015bladowanie biskupa Kaczmarka. T\u0142umaczyli si\u0119 potem pok\u0105saniem przez Hegla, strachem przed okrutn\u0105 w\u0142adz\u0105, dobrymi intencjami. Czuli si\u0119 ofiarami nawet gdy byli katami. Przypominamy to wsp\u00f3\u0142czesnym ku przestrodze.<\/p>\r\n<p><strong><em>Izabela Brodacka<\/em><\/strong><\/p>","protected":false},"excerpt":{"rendered":"Naomi Klein w swojej ksi\u0105\u017cce \u201eDoktryna szoku\u201d opisa\u0142a metod\u0119 odsuni\u0119cia w niebyt i w niepami\u0119\u0107 takich warto\u015bci jak demokracja czy pa\u0144stwo narodowe. Spo\u0142ecze\u0144stwa wprawia si\u0119 w stan l\u0119ku, przed terroryzmem, wojn\u0105 lub zaraz\u0105. W sytuacji zagro\u017cenia albo nawet tylko l\u0119ku przed mo\u017cliwym zagro\u017ceniem ludzie szukaj\u0105 ratunku. Szukaj\u0105 wi\u0119c silnego przyw\u00f3dcy, kt\u00f3ry wybawi ich z opresji. [&hellip;]","protected":false},"author":1,"featured_media":0,"comment_status":"closed","ping_status":"closed","sticky":false,"template":"","format":"standard","meta":{"_acf_changed":false,"_monsterinsights_skip_tracking":false,"ngg_post_thumbnail":0,"footnotes":"","_wp_rev_ctl_limit":""},"categories":[13,9],"tags":[433,93,136,20,452],"acf":[],"_links":{"self":[{"href":"https:\/\/www.bibula.com\/index.php?rest_route=\/wp\/v2\/posts\/133456"}],"collection":[{"href":"https:\/\/www.bibula.com\/index.php?rest_route=\/wp\/v2\/posts"}],"about":[{"href":"https:\/\/www.bibula.com\/index.php?rest_route=\/wp\/v2\/types\/post"}],"author":[{"embeddable":true,"href":"https:\/\/www.bibula.com\/index.php?rest_route=\/wp\/v2\/users\/1"}],"replies":[{"embeddable":true,"href":"https:\/\/www.bibula.com\/index.php?rest_route=%2Fwp%2Fv2%2Fcomments&post=133456"}],"version-history":[{"count":1,"href":"https:\/\/www.bibula.com\/index.php?rest_route=\/wp\/v2\/posts\/133456\/revisions"}],"predecessor-version":[{"id":133457,"href":"https:\/\/www.bibula.com\/index.php?rest_route=\/wp\/v2\/posts\/133456\/revisions\/133457"}],"wp:attachment":[{"href":"https:\/\/www.bibula.com\/index.php?rest_route=%2Fwp%2Fv2%2Fmedia&parent=133456"}],"wp:term":[{"taxonomy":"category","embeddable":true,"href":"https:\/\/www.bibula.com\/index.php?rest_route=%2Fwp%2Fv2%2Fcategories&post=133456"},{"taxonomy":"post_tag","embeddable":true,"href":"https:\/\/www.bibula.com\/index.php?rest_route=%2Fwp%2Fv2%2Ftags&post=133456"}],"curies":[{"name":"wp","href":"https:\/\/api.w.org\/{rel}","templated":true}]}}