{"id":133262,"date":"2022-04-15T21:19:11","date_gmt":"2022-04-16T01:19:11","guid":{"rendered":"https:\/\/www.bibula.com\/?p=133262"},"modified":"2022-05-01T13:15:52","modified_gmt":"2022-05-01T17:15:52","slug":"zrobieni-w-szczepionkowe-bambuko-katarzyna-ts","status":"publish","type":"post","link":"https:\/\/www.bibula.com\/?p=133262","title":{"rendered":"Zrobieni w szczepionkowe bambuko &#8211; <em>Katarzyna TS<\/em>"},"content":{"rendered":"<p class=\"has-drop-cap\">W czwartek (14.04.2022) minister zdrowia Adam Niedzielski by\u0142 go\u015bciem redaktora Marcina Fio\u0142ka w programie \u201eGraffiti\u201d w Polsat News, a to, co m\u00f3wi\u0142, musi by\u0107 ciosem w serce ka\u017cdego kowidianina. Niedzielski o\u015bwiadczy\u0142, \u017ce Polska zamierza zerwa\u0107 kontrakt z Pfizerem na dostaw\u0119 kolejnej partii szczepionek kowidowych. A kontrakt jest nie byle jaki, poniewa\u017c chodzi o 67 milion\u00f3w dawek wartych 6 miliard\u00f3w z\u0142otych. Niedzielski stwierdzi\u0142, \u017ce \u201eklauzula dotycz\u0105ca niespodziewanej sytuacji pozwala nam nie przyjmowa\u0107 kolejnych dostaw\u201d. Tak\u0105 niespodziewan\u0105 sytuacj\u0105 jest wojna na Ukrainie i nap\u0142yw uchod\u017ac\u00f3w, kt\u00f3rych Polska wzi\u0119\u0142a na sw\u00f3j garnuszek, co w lecznictwie ma przek\u0142ada\u0107 si\u0119 na 300 mln z\u0142 na milion uchod\u017ac\u00f3w miesi\u0119cznie. Na razie Komisja Europejska nie raczy\u0142a wyasygnowa\u0107 na ten cel ani jednego euro. Zatem koncepcja Niedzielskiego jest taka, \u017ceby pieni\u0105dze, kt\u00f3re mia\u0142y p\u00f3j\u015b\u0107 na szczepionki, przeznaczy\u0107 na opiek\u0119 medyczn\u0105 dla uchod\u017ac\u00f3w z Ukrainy.<\/p>\r\n<p>Ka\u017cdy pow\u00f3d jest dobry, \u017ceby zerwa\u0107 ten nieszcz\u0119sny kontrakt. Oczywi\u015bcie skandalem jest to, \u017ce w ramach \u201eeuropejskiej solidarno\u015bci\u201d Polska zosta\u0142a w ca\u0142o\u015bci obarczona kosztami leczenia ukrai\u0144skich uchod\u017ac\u00f3w. Pozostaje mie\u0107 nadziej\u0119, \u017ce cz\u0119\u015b\u0107 rachunku zostanie jednak zap\u0142acona przez pozosta\u0142e kraje cz\u0142onkowskie, chocia\u017c na razie zamiast p\u0142aci\u0107 Polsce za leczenie Ukrai\u0144c\u00f3w, Komisja Europejska potr\u0105ca nam miliony euro z unijnych funduszy w ramach kar za Tur\u00f3w i Izb\u0119 Dyscyplinarn\u0105. To jest w\u0142a\u015bnie Unia Europejska w pe\u0142nej krasie i mo\u017ce ten przyk\u0142ad sprawi, \u017ce do wielu Polak\u00f3w dotrze, co to za potworek.<\/p>\r\n<p>Wracaj\u0105c do rewelacji Niedzielskiego \u2013 ciesz\u0119 si\u0119, \u017ce w g\u0142owach naszych rz\u0105dz\u0105cych powsta\u0142 pomys\u0142 zerwania kontraktu na kowidowe szczepionki. Mam nadziej\u0119, \u017ce Pfizer faktycznie zostanie pos\u0142any na drzewo. Ale nawet je\u015bli do tego dojdzie, nie znaczy to, \u017ce mamy zapomnie\u0107 o rzeczy podstawowej, czyli o tym, \u017ce za podpisanie tego kontraktu rz\u0105dz\u0105cy powinni odpowiedzie\u0107. Je\u015bli nie karnie, to przynajmniej politycznie. Przypominam, \u017ce polski rz\u0105d zakontraktowa\u0142 co najmniej 175 milion\u00f3w dawek tego zajzajeru. Dotychczas wykorzystano 54 miliony, a 25 milion\u00f3w le\u017cy w magazynach. Zajzajer nie okaza\u0142 si\u0119 ani skuteczny, ani bezpieczny, wi\u0119c nic dziwnego, \u017ce nie ma ju\u017c ch\u0119tnych na udzia\u0142 w tym eksperymencie. Tym bardziej, \u017ce na skutek przyj\u0119cia szczepionki mo\u017cna powa\u017cnie zapa\u015b\u0107 na zdrowiu, a nawet przenie\u015b\u0107 si\u0119 na tamten \u015bwiat. Co nie zmienia faktu, \u017ce kowidianie, kt\u00f3rzy \u201ezaufali nauce\u201d, gotowi s\u0105 na kolejne dawki. I w\u0142a\u015bnie minister Niedzielski powiedzia\u0142 im, \u017ce kontrakt na dostawy trzeba wym\u00f3wi\u0107, bo sytuacja jest nadzwyczajna i ka\u017cdy grosz si\u0119 liczy. Do tego Ukrai\u0144cy nie chc\u0105 si\u0119 szczepi\u0107, a zmusza\u0107 ich do tego nie mo\u017cna.<\/p>\r\n<p>Tak oto kowidianie zostali zrobieni w szczepionkowe bambuko. Jeszcze niedawno s\u0142yszeli od polityk\u00f3w i ekspert\u00f3w, \u017ce szczepienia na kowid powinny by\u0107 obowi\u0105zkowe, bo wszystkich niezaszczepionych szlag trafi. S\u0142yszeli te\u017c, \u017ce nale\u017cy wprowadzi\u0107 segregacj\u0119 sanitarn\u0105, bo tylko tak mo\u017cna pokona\u0107 pandemi\u0119. Tymczasem pandemi\u0119 pokona\u0142 Putin i to w minut\u0119 osiem. Wystarczy\u0142o, \u017ce Rosja najecha\u0142a Ukrain\u0119 i sko\u0144czy\u0142a si\u0119 izolacja, kwarantanna, DDM i podzia\u0142 na zaszczepionych nadludzi i niezaszczepionych podludzi. Uwaga! Niedzielski stwierdzi\u0142 dzi\u015b, \u017ce \u201epowoli \u017cegnamy si\u0119 z paszportami kowidowymi\u201d, poniewa\u017c \u201es\u0105 wyra\u017ane wskazania, \u017ce to jest instrument, kt\u00f3ry wygasa\u201d. Instrument mo\u017ce i wygasa, ale nie powinna wygasn\u0105\u0107 pami\u0119\u0107 o tym, co wyprawiali zwolennicy tych paszport\u00f3w postuluj\u0105cy dyskryminacj\u0119 rodem z III Rzeszy.<\/p>\r\n<p>Kolejna rzecz, kt\u00f3r\u0105 powiedzia\u0142 Niedzielski, a kt\u00f3ra musi by\u0107 wstrz\u0105sem dla kowidian, to to, \u017ce w kwietniu ma zapa\u015b\u0107 decyzja o zniesieniu stanu epidemii. Jak to? Przecie\u017c epidemia mia\u0142a sko\u0144czy\u0107 si\u0119 dopiero wtedy, gdy wszyscy przyjm\u0105 kowidowy eliksir i to w co najmniej trzech dawkach. A tu taka niespodzianka. Nie tylko ma nie by\u0107 nowych dawek, ale prawie po\u0142owa Polak\u00f3w nie wzi\u0119\u0142a ani jednej dawki. I \u017cyj\u0105. I nie mo\u017cna ju\u017c na nich szczu\u0107, \u017ce s\u0105 szurami i antyszczepami, bo trzeba by te\u017c szczu\u0107 na Ukrai\u0144c\u00f3w, a to \u201enie przechodzi do \u017cadna rubryka\u201d. Niezaszczepieni uchod\u017acy z Ukrainy sprawili, \u017ce ma\u0142e Hitlerki zamkn\u0119\u0142y dzioby i udaj\u0105 Greka. Nic si\u0119 nie sta\u0142o, oj tam, oj tam.<\/p>\r\n<p>Czy mo\u017cemy mie\u0107 pewno\u015b\u0107, \u017ce pandemiczne szale\u0144stwo nie wr\u00f3ci jesieni\u0105? Z ostro\u017cnym optymizmem zak\u0142adam, \u017ce nie wr\u00f3ci. Co prawda Niedzielski o\u015bwiadczy\u0142, \u017ce ma by\u0107 utrzymany stan zagro\u017cenia epidemicznego i \u201ez takim niepokojem b\u0119dziemy czekali na wrzesie\u0144, na okres powakacyjny\u201d, ale rz\u0105dz\u0105cy musieliby kompletnie upa\u015b\u0107 na g\u0142ow\u0119, \u017ceby przy dwucyfrowej inflacji urz\u0105dza\u0107 kolejne hucpy kowidowe. Dzi\u015b premier Morawiecki zaj\u0119ty jest wmawianiem Polakom, \u017ce dro\u017cyzna to wina Putina. Ale kolejnych restrykcji generuj\u0105cych inflacj\u0119 nijak nie da si\u0119 podci\u0105gn\u0105\u0107 pod Putina. Przynajmniej tak mi si\u0119 wydaje, bo w opowie\u015bciach Morawieckiego pojawia\u0142y si\u0119 ju\u017c takie nonsensy, \u017ce g\u0142owa ma\u0142a, a ludzie \u0142ykali te brednie bez popitki.<\/p>\r\n<p>Ale b\u0105d\u017amy optymistami. Skoro Niedzielski zapowiada zerwanie kontraktu na szczepionki, to dobra nasza. Niestety, w tej beczce miodu, jakim s\u0105 dzisiejsze wypowiedzi ministra zdrowia, jest te\u017c \u0142y\u017cka dziegciu. Niedzielski nadal siedzi na sto\u0142ku, a powinien siedzie\u0107 zupe\u0142nie gdzie indziej. Jego decyzje doprowadzi\u0142y do prawie 200 tys. nadmiarowych zgon\u00f3w. I o tym nie wolno zapomnie\u0107. Miejmy nadziej\u0119, \u017ce co ma wisie\u0107, nie utonie.<\/p>\r\n<p><strong><em>Katarzyna Treter-Sierpi\u0144ska<\/em><\/strong><\/p>\r\n<p class=\"podpis_sz2\"><em>Je\u015bli podobaj\u0105 si\u0119 Pa\u0144stwu moje felietony i chcieliby\u015bcie wesprze\u0107 moj\u0105 dzia\u0142alno\u015b\u0107 publicystyczn\u0105, mo\u017cecie to zrobi\u0107 dokonuj\u0105c przelewu na poni\u017csze konto PayPal. B\u0119dzie to dla mnie nie tylko wsparcie w wymiarze finansowym, ale r\u00f3wnie\u017c sygna\u0142, \u017ce to, co robi\u0119, jest dla Pa\u0144stwa wa\u017cne i godne uwagi. Z g\u00f3ry dzi\u0119kuj\u0119. <a class=\"auto-link\" style=\"color: #808080;\" title=\"Katarzyna Treter-Sierpi\u0144ska\" href=\"https:\/\/wprawo.pl\/author\/katarzyna-ts\/\" target=\"_blank\" rel=\"noopener\">Katarzyna Treter-Sierpi\u0144ska<\/a> <\/em><a style=\"color: #808080;\" href=\"https:\/\/www.paypal.me\/katarzynats\"><em>https:\/\/www.paypal.me\/katarzynats<\/em><\/a><\/p>\r\n<p>&nbsp;<\/p>","protected":false},"excerpt":{"rendered":"W czwartek (14.04.2022) minister zdrowia Adam Niedzielski by\u0142 go\u015bciem redaktora Marcina Fio\u0142ka w programie \u201eGraffiti\u201d w Polsat News, a to, co m\u00f3wi\u0142, musi by\u0107 ciosem w serce ka\u017cdego kowidianina. Niedzielski o\u015bwiadczy\u0142, \u017ce Polska zamierza zerwa\u0107 kontrakt z Pfizerem na dostaw\u0119 kolejnej partii szczepionek kowidowych. A kontrakt jest nie byle jaki, poniewa\u017c chodzi o 67 milion\u00f3w [&hellip;]","protected":false},"author":1,"featured_media":0,"comment_status":"closed","ping_status":"closed","sticky":false,"template":"","format":"standard","meta":{"_acf_changed":false,"_monsterinsights_skip_tracking":false,"_monsterinsights_sitenote_active":false,"_monsterinsights_sitenote_note":"","_monsterinsights_sitenote_category":0,"ngg_post_thumbnail":0,"footnotes":"","_wp_rev_ctl_limit":""},"categories":[13,451],"tags":[433,98,20,452],"acf":[],"_links":{"self":[{"href":"https:\/\/www.bibula.com\/index.php?rest_route=\/wp\/v2\/posts\/133262"}],"collection":[{"href":"https:\/\/www.bibula.com\/index.php?rest_route=\/wp\/v2\/posts"}],"about":[{"href":"https:\/\/www.bibula.com\/index.php?rest_route=\/wp\/v2\/types\/post"}],"author":[{"embeddable":true,"href":"https:\/\/www.bibula.com\/index.php?rest_route=\/wp\/v2\/users\/1"}],"replies":[{"embeddable":true,"href":"https:\/\/www.bibula.com\/index.php?rest_route=%2Fwp%2Fv2%2Fcomments&post=133262"}],"version-history":[{"count":4,"href":"https:\/\/www.bibula.com\/index.php?rest_route=\/wp\/v2\/posts\/133262\/revisions"}],"predecessor-version":[{"id":133517,"href":"https:\/\/www.bibula.com\/index.php?rest_route=\/wp\/v2\/posts\/133262\/revisions\/133517"}],"wp:attachment":[{"href":"https:\/\/www.bibula.com\/index.php?rest_route=%2Fwp%2Fv2%2Fmedia&parent=133262"}],"wp:term":[{"taxonomy":"category","embeddable":true,"href":"https:\/\/www.bibula.com\/index.php?rest_route=%2Fwp%2Fv2%2Fcategories&post=133262"},{"taxonomy":"post_tag","embeddable":true,"href":"https:\/\/www.bibula.com\/index.php?rest_route=%2Fwp%2Fv2%2Ftags&post=133262"}],"curies":[{"name":"wp","href":"https:\/\/api.w.org\/{rel}","templated":true}]}}