{"id":133155,"date":"2022-04-12T19:26:19","date_gmt":"2022-04-12T23:26:19","guid":{"rendered":"https:\/\/www.bibula.com\/?p=133155"},"modified":"2022-04-12T19:31:13","modified_gmt":"2022-04-12T23:31:13","slug":"sojusz-mi6-i-cia-z-banderowcami-thierry-meyssan","status":"publish","type":"post","link":"https:\/\/www.bibula.com\/?p=133155","title":{"rendered":"Sojusz MI6 i CIA z banderowcami &#8211; <em>Thierry Meyssan<\/em>"},"content":{"rendered":"<h4>Poparcie Zachodu dla nazist\u00f3w w latach 1933-1940<\/h4>\r\n<p class=\"has-drop-cap\">Masowe poparcie Stan\u00f3w Zjednoczonych i ich sojusznik\u00f3w dla ukrai\u0144skich banderowc\u00f3w przeciwko Rosji przypomina poparcie udzielane hitlerowskim Niemcom w pierwszych latach ich istnienia przeciwko Zwi\u0105zkowi Radzieckiemu. Przypomnijmy, \u017ce w pewnym okresie wszystkie, bez wyj\u0105tku kraje Zachodu wierzy\u0142y, \u017ce nazi\u015bci stanowi\u0105 remedium na kryzys ekonomiczny, kt\u00f3ry rozpocz\u0105\u0142 si\u0119 w 1929 roku. Wydawali si\u0119 oni w\u00f3wczas jedyn\u0105 wiarygodn\u0105 alternatyw\u0105 dla kapitalizmu. Oczywi\u015bcie, niemal wszyscy zmienili zdanie dopiero wtedy, gdy nazi\u015bci okazali si\u0119 zagro\u017ceniem i dla nich.<\/p>\r\n<p>Tytu\u0142em przyk\u0142adu, przypomnijmy, \u017ce francuski minister spraw zagranicznych <strong>Georges Bonnet<\/strong> zachwycony by\u0142 polityk\u0105 Rzeszy wobec \u017byd\u00f3w i <a href=\"https:\/\/www.voltairenet.org\/article208691.html\"><span style=\"text-decoration: underline;\">proponowa\u0142<\/span><\/a> swojemu niemieckiemu koledze, <strong>Joachimowi von Ribbentropowi<\/strong>, deportowanie francuskich, polskich i niemieckich przedstawicieli tej narodowo\u015bci na daleki, b\u0119d\u0105cy w\u00f3wczas koloni\u0105 Madagaskar. 6 grudnia 1938 roku ten sam Bonnet podpisywa\u0142 z Ribbentropem francusko-niemiecki uk\u0142ad o przyjaznej wsp\u00f3\u0142pracy.<\/p>\r\n<p>Z kolei brytyjski premier <strong>Neville Chamberlain<\/strong> zorganizowa\u0142 podpisanie <a href=\"https:\/\/www.voltairenet.org\/article188799.html\"><span style=\"text-decoration: underline;\">traktat\u00f3w monachijskich<\/span><\/a> 30 wrze\u015bnia 1938 roku, kt\u00f3re likwidowa\u0142y Czechos\u0142owacj\u0119 na rzecz Rzeszy, za\u015b w tym samym czasie prezes Banku Anglii, <strong>Montagu Norman<\/strong> <a href=\"https:\/\/www.voltairenet.org\/article187508.html\"><span style=\"text-decoration: underline;\">ukrad\u0142<\/span><\/a> 27 ton czechos\u0142owackiego z\u0142ota, kt\u00f3re przeznaczy\u0142 na wzmocnienie nazistowskich si\u0142 zbrojnych.<\/p>\r\n<p>Albo <strong>Prescott Bush<\/strong>, ojciec prezydenta <strong>George\u2019a H. Busha<\/strong> i dziadek prezydenta <strong>George\u2019a W. Busha<\/strong>, kt\u00f3ry <a href=\"https:\/\/www.voltairenet.org\/article9723.html\"><span style=\"text-decoration: underline;\">zainwestowa\u0142<\/span><\/a> w 1940 roku w budow\u0119 fabryki na terenie obozu jenieckiego w O\u015bwi\u0119cimiu (w 1942 roku przekszta\u0142conego w ob\u00f3z zag\u0142ady).<\/p>\r\n<p>Nikt nie poci\u0105gn\u0105\u0142 do odpowiedzialno\u015bci tych ludzi po upadku nazizmu. Przeciwnie, podejmowano wysi\u0142ki, by zatuszowa\u0107 spraw\u0119 i zapomnie\u0107 o wszystkim. Spr\u00f3bujmy nie pope\u0142nia\u0107 tych samych b\u0142\u0119d\u00f3w.<\/p>\r\n<p>&nbsp;<\/p>\r\n<p><img fetchpriority=\"high\" decoding=\"async\" class=\"aligncenter\" src=\"https:\/\/myslpolska.info\/wp-content\/uploads\/2022\/04\/Radio-Swoboda-Monachium-redakcja-640x491.jpg\" width=\"766\" height=\"588\"><\/p>\r\n<p style=\"text-align: center;\"><em>Radio Wolna Europa w Monachium. Przyw\u00f3dca ukrai\u0144skich kolaborant\u00f3w z nazistami Stepan Bandera pracowa\u0142 w nim w tym samym czasie, co Said Ramadan, nast\u0119pca Hassana al-Banny na czele Braci Muzu\u0142ma\u0144skich.<\/em><\/p>\r\n<p>&nbsp;<\/p>\r\n<h4>Rola Ukrai\u0144c\u00f3w w czasie zimnej wojny<\/h4>\r\n<p>Podczas II wojny \u015bwiatowej nazistowski ideolog i minister ds. Wschodu (<em>Ostminister<\/em>) <strong>Alfred Rosenberg<\/strong> poleci\u0142 pochodz\u0105cemu z \u0141otwy <strong>Gerhardowi von Mende<\/strong> zorganizowanie poparcia narod\u00f3w ZSRR dla <strong>Adolfa Hitlera<\/strong>. Opracowa\u0142 on przy tej okazji metod\u0119 manipulacji mniejszo\u015bciami, kt\u00f3ra po upadku III Rzeszy przej\u0119ta zosta\u0142a przez CIA. Z pomoc\u0105 wielkiego muftiego Jerozolimy, <strong>Amina al-Husajniego<\/strong>, von Mende stworzy\u0142 szko\u0142y dla mu\u0142\u0142\u00f3w w Getyndze i Dre\u017anie, mianowa\u0142 wielkiego muftiego Krymu i zorganizowa\u0142 werbunek do wschodnich oddzia\u0142\u00f3w SS. By\u0142 r\u00f3wnie\u017c kuratorem ukrai\u0144skiego \u201enacjonalisty\u201d, <strong>Stepana Bandery<\/strong>.<\/p>\r\n<p>W Waszyngtonie prezydenci <strong>Harry Truman<\/strong> i <strong>Dwight Eisenhower<\/strong> zdecydowali si\u0119 na prowadzenie wojny psychologicznej przeciwko stronie radzieckiej. CIA powo\u0142a\u0142o w\u00f3wczas Ameryka\u0144ski Komitet na rzecz Wyzwolenia Narod\u00f3w ZSRR (AmComLib), kt\u00f3ry uruchomi\u0142 radiostacj\u0119 Liberty w Monachium. Si\u0119gn\u0105\u0142 r\u00f3wnie\u017c po Gerharda von Mende. To on doprowadzi\u0142 do otwarcia w tym mie\u015bcie meczetu, kt\u00f3ry ostatecznie przekazano <strong>Saidowi Ramadanowi <\/strong>(zi\u0119ciowi za\u0142o\u017cyciela Braci Muzu\u0142ma\u0144skich, <strong>Hassana al-Banny<\/strong>, zob. Ian Johnson, <em>A Mosque in Munich : Nazis, the CIA, and the Rise of the Muslim Brotherhood in the West<\/em>, Mariner Books 2011). Doprowadzi\u0142 tak\u017ce do rozwi\u0105zania wszelkich problem\u00f3w Bandery i przekazania go pod kuratel\u0119 MI6 i CIA (zob. Grzegorz Rossoli\u0144ski-Liebe, <em>Bandera. Faszyzm, ludob\u00f3jstwo, kult. \u017bycie i mit ukrai\u0144skiego nacjonalisty<\/em>, Warszawa 2018).<\/p>\r\n<p>By\u0142y zast\u0119pca Bandery, zainstalowany przez nazist\u00f3w premier Ukrainy <strong>Jaros\u0142aw Ste\u0107ko<\/strong>, utworzy\u0142 na polecenie III Rzeszy Antybolszewicki Blok Narod\u00f3w (ABN) podczas II wojny \u015bwiatowej. Po wojnie kontynuowa\u0142 ten projekt, ju\u017c na rzecz Stan\u00f3w Zjednoczonych. Sta\u0142 si\u0119 on w\u00f3wczas filarem za\u0142o\u017conej przez CIA \u015awiatowej Ligi Antykomunistycznej (<a href=\"https:\/\/www.voltairenet.org\/article202294.html\"><span style=\"text-decoration: underline;\">WACL<\/span><\/a>).<\/p>\r\n<p>Siedziba ABN mie\u015bci\u0142a si\u0119 w Monachium, z kt\u00f3rego Stepan Bandera i Jaros\u0142aw Ste\u0107ko koordynowali operacje sabota\u017cowe w ZSRR. Prezesem organizacji zosta\u0142 Du\u0144czyk <strong>Ole Bj\u00f8rn Kraft<\/strong>, by\u0142y szef Rady P\u00f3\u0142nocnoatlantyckiej &nbsp;(cywilna struktura koordynuj\u0105ca si\u0142y sojuszu). Wiele operacji przygotowano we wsp\u00f3\u0142pracy z CIA i MI6, w tym pod nadzorem <strong>Franka Wisnera<\/strong> (spokrewniony by\u0142 z nim <strong>Nicolas Sarkozy<\/strong>) oraz <strong>Kima Philby\u2019ego<\/strong>. Ten ostatni zdradzi\u0142 Koron\u0119 i podj\u0105\u0142 wsp\u00f3\u0142prac\u0119 z KGB (zob. Stephen Dorril, <em>MI6, Inside the Covert World of Her Majesty\u2019s Secret Intelligence Service<\/em>, The Free Press 2000).<\/p>\r\n<p>Jeden ze wsp\u00f3\u0142pracownik\u00f3w Jaros\u0142awa Ste\u0107ki, <strong>Lev Dobriansky<\/strong> zosta\u0142 ambasadorem Stan\u00f3w Zjednoczonych na Bahamach, za\u015b jego c\u00f3rka, <strong>Paula Dobriansky<\/strong> obj\u0119\u0142a funkcj\u0119 zast\u0119pcy sekretarza stanu ds. demokracji (<em>sic!<\/em>) w administracji George\u2019a W. Busha. To w\u0142a\u015bnie ona zdecydowa\u0142a o finansowaniu przez dziesi\u0119\u0107 lat program\u00f3w badawczych w zakresie historii, kt\u00f3re mia\u0142y doprowadzi\u0107 do zapomnienia faktu, \u017ce wielki g\u0142\u00f3d, kt\u00f3ry panowa\u0142 na Ukrainie w latach 1932-1933, <em>Ho\u0142odomor<\/em>, dotkn\u0105\u0142 w r\u00f3wnym stopniu ludno\u015b\u0107 Rosji i Kazachstanu; i powstania przekonania, \u017ce zosta\u0142 on sztucznie wywo\u0142any przez <strong>Josifa Stalina<\/strong> w celu eksterminacji narodu ukrai\u0144skiego. W p\u00f3\u017aniejszych latach Dobriansky pracowa\u0142a na kierowniczych stanowiskach w agencji Reutersa, a obecnie zatrudniona jest w Radzie Atlantyckiej. Podczas przewrotu na Majdanie by\u0142a wiceprezesem Narodowej Fundacji na rzecz Demokracji (NED).<\/p>\r\n<p>&nbsp;<\/p>\r\n<p><em><img decoding=\"async\" class=\"aligncenter\" src=\"https:\/\/myslpolska.info\/wp-content\/uploads\/2022\/04\/ABN-Correspondence-640x486.jpg\" width=\"761\" height=\"578\"><\/em><\/p>\r\n<p style=\"text-align: center;\"><em>Prezydent Ronald Reagan i wiceprezydent George H. Bush przyj\u0119li delegacj\u0119 banderowc\u00f3w, w tym Jaros\u0142awa Ste\u0107k\u0119, w Bia\u0142ym Domu, w 1983 roku (zob. Russ Bellant, Old Nazis, the New Right and the Republican Party, Russ Bellant, South End Press, 1988).<\/em><\/p>\r\n<p>Bandera zgin\u0105\u0142 w wyniku zamachu przeprowadzonego przez KGB w 1955 roku. Ste\u0107ko zmar\u0142 w 1986 roku. Obu pochowano na niemieckim cmentarzu Walffriedhof.<\/p>\r\n<p>&nbsp;<\/p>\r\n<h4>Anglosasi wspieraj\u0105 d\u017cihadyst\u00f3w<\/h4>\r\n<p>W 1979 roku prezydent Stan\u00f3w Zjednoczonych <strong>Jimmy Carter<\/strong> zatwierdzi\u0142 operacj\u0119 \u201eHurricane\u201d. Polega\u0142a ona na wys\u0142aniu do walki z komunistycznym rz\u0105dem Afganistanu arabskich d\u017cihadyst\u00f3w, cz\u0142onk\u00f3w Braci Muzu\u0142ma\u0144skich. To wtedy ta niewielka organizacja terrorystyczna rozros\u0142a si\u0119 do rozmiar\u00f3w prawdziwej <a href=\"https:\/\/www.voltairenet.org\/article206955.html\">armii<\/a>. Anga\u017cowa\u0142a si\u0119 w kolejne <a href=\"https:\/\/www.amazon.com\/Before-Very-Eyes-Fake-Wars\/dp\/1615770127\">operacje<\/a>, od Afganistanu, poprzez Jugos\u0142awi\u0119 i Czeczeni\u0119, a\u017c do Pa\u0144stwa Islamskiego w Iraku i Syrii.<\/p>\r\n<p>Przez czterdzie\u015bci lat wszystkie kraje cz\u0142onkowskie NATO proszone by\u0142y o zagwarantowanie \u201eazylu politycznego\u201d dla d\u017cihadyst\u00f3w \u201eprze\u015bladowanych\u201d przez dyktatury arabskie. Co najmniej 17 pa\u0144stw cz\u0142onkowskich wzi\u0119\u0142o udzia\u0142 w operacji \u201eTimber Sycamore\u201d, polegaj\u0105cej na dostarczaniu d\u017cihadystom <a href=\"https:\/\/www.voltairenet.org\/article197144.html\">broni<\/a> wartej miliardy dolar\u00f3w, a\u017c do mementu, gdy stali si\u0119 oni zagro\u017ceniem dla samego Zachodu. Uwa\u017cajmy, by nie pope\u0142ni\u0107 tych samych b\u0142\u0119d\u00f3w.<\/p>\r\n<p>&nbsp;<\/p>\r\n<h4>Zach\u00f3d wspiera ukrai\u0144skich banderowc\u00f3w, chorwackich ustaszy i ba\u0142tyckich neonazist\u00f3w<\/h4>\r\n<p>Podczas zimnej wojny byli wykonawcy represji nazistowskich w\u0142\u0105czeni zostali do struktur antyradzieckich Stan\u00f3w Zjednoczonych. Przypomnijmy \u201erze\u017anika Lyonu\u201d, <strong>Klausa Barbiego<\/strong>, kt\u00f3ry kierowa\u0142 represjami w Boliwii; czy <strong>Aloisa Brunera<\/strong>, kt\u00f3ry zosta\u0142 specjalnym doradc\u0105 syryjskiego prezydenta (przed doj\u015bciem do w\u0142adzy partii Baas), a wcze\u015bniej organizowa\u0142 eksterminacj\u0119 \u017byd\u00f3w w Austrii, Grecji i Francji. Wydawa\u0142o si\u0119, \u017ce aktywno\u015b\u0107 ta usta\u0142a wraz z rozpadem ZSRR.<\/p>\r\n<p>Tymczasem banderowcy, ustasze i nazistowskie boj\u00f3wki zn\u00f3w pojawi\u0142y si\u0119 w przestrzeni publicznej po tym, jak rozwi\u0105zano Uk\u0142ad Warszawski, a kraje by\u0142ego Zwi\u0105zku Radzieckiego uzyska\u0142y niepodleg\u0142o\u015b\u0107. Uzyskali wsparcie Anglosas\u00f3w, kt\u00f3rzy pami\u0119tali kolaboracj\u0119 z pokoleniem ich rodzic\u00f3w podczas zimnej wojny. Podajmy kilka przyk\u0142ad\u00f3w.<\/p>\r\n<p>W <span style=\"text-decoration: underline;\"><a href=\"https:\/\/www.voltairenet.org\/article199830.html\">Bu\u0142garii<\/a><\/span> od 15 lat odbywaj\u0105 si\u0119 w Sofii coroczne obchody na cze\u015b\u0107 pami\u0119ci genera\u0142a <strong>Christo \u0141ukowa<\/strong>.<\/p>\r\n<p>W Estonii zacz\u0119\u0142o si\u0119 w 2009 roku od sprowadzenia proch\u00f3w pu\u0142kownika SS <strong>Alfonsa Rebanego<\/strong> (nazywanego \u201eesto\u0144skim Rommelem\u201d), po kt\u00f3rym nast\u0105pi\u0142y kolejne celebracje, za ka\u017cdym razem wspierane przez prezydenta <strong>Toomasa Hendrika Ilvesa<\/strong> (by\u0142ego urz\u0119dnika ameryka\u0144skiego). Minister obrony <strong>Urmas Reinsalu<\/strong> w 2012 roku <span style=\"text-decoration: underline;\"><a href=\"https:\/\/www.voltairenet.org\/article179350.html\">odwiedzi\u0142<\/a><\/span> wysp\u0119 Saaremaa, gdzie wzi\u0105\u0142 udzia\u0142 w obchodach po\u015bwi\u0119conych Sojuszowi Esto\u0144skich Bojownik\u00f3w o Wolno\u015b\u0107 (nazistowskich kolaborant\u00f3w) i dzi\u0119kowa\u0142 by\u0142ym SS-manom za \u201ewyzwolenie ojczyzny\u201d.<\/p>\r\n<p>Na \u0141otwie prezydent z lat 1999-2007, <strong>Vaira V\u012b\u0137e-Freiberga<\/strong> twierdzi\u0142a, \u017ce <em>\u201cSS-mani byli bohaterami zmaga\u0144 antyradzieckich\u201d<\/em>. Doprowadzi\u0142a do zmiany zawarto\u015bci szkolnych podr\u0119cznik\u00f3w do nauki historii, wprowadzaj\u0105c do nich pami\u0119\u0107 o tych \u201ebohaterach\u201d. \u0141otwa, kt\u00f3rej \u00bc populacji stanowi\u0105 Rosjanie, zakaza\u0142a u\u017cywania j\u0119zyka rosyjskiego w szko\u0142ach \u015brednich. W 2018 roku, razem z Estoni\u0105, zdecydowa\u0142a si\u0119 na budow\u0119 <span style=\"text-decoration: underline;\"><a href=\"https:\/\/www.voltairenet.org\/article203059.html\">muru granicznego<\/a><\/span> na granicy rosyjskiej.<\/p>\r\n<p>W Boliwii do obalenia prezydenta <strong>Evo Moralesa<\/strong> MI6 wykorzysta\u0142o chorwackich <span style=\"text-decoration: underline;\"><a href=\"https:\/\/www.voltairenet.org\/article212423.html\">ustaszy<\/a><\/span>.<\/p>\r\n<p>18 listopada 2020 roku Zgromadzenie Og\u00f3lne Narod\u00f3w Zjednoczonych przyj\u0119\u0142o rezolucj\u0119 w sprawie Zwalczania gloryfikacji nazizmu, neonazizmu oraz innych praktyk przyczyniaj\u0105cych si\u0119 do wspierania wsp\u00f3\u0142czesnych form rasizmu, dyskryminacji rasowej, ksenofobii i zwi\u0105zanej z tym nietolerancji (zob. UN A\/C.3\/75\/L.49). Wspar\u0142y j\u0105 wszystkie kraje ONZ, przy dw\u00f3ch g\u0142osach sprzeciwu \u2013 Stan\u00f3w Zjednoczonych i Ukrainy. Wszyscy inni cz\u0142onkowie NATO oraz pa\u0144stwa Unii Europejskiej wstrzyma\u0142y si\u0119 od g\u0142osu.<\/p>\r\n<h4>Podobne \u015brodki, podobne rezultaty<\/h4>\r\n<p>8 maja 2007 roku, w Tarnopolu (Ukraina Zachodnia) grupy nazistowskie i islamistyczne utworzy\u0142y tzw. Front Antyimperialistyczny. Wzi\u0119\u0142y w nim udzia\u0142 organizacje z Litwy, Polski, Ukrainy i Rosji wraz z islamistyczni separatystami z Krymu, Adygei, Dagestanu, Inguszetii, Kabardyno-Ba\u0142karii, Karaczajo-Czerkiesji, Osetii i Czeczenii. W zwi\u0105zku z sankcjami mi\u0119dzynarodowymi nie m\u00f3g\u0142 wzi\u0105\u0107 w nim udzia\u0142u <strong>Doku Umarow<\/strong>, samozwa\u0144czy emir Czeczenii, kt\u00f3rego ONZ podejrzewa\u0142o o cz\u0142onkostwo w al-Kaidzie. Na czele frontu stan\u0105\u0142 <strong>Dmytro Jarosz<\/strong>, uczestnik walk w Czeczenii. Wraz z \u201ebia\u0142ym <em>F\u00fchrerem<\/em>\u201d, <strong>Andirijem Bi\u0142eckim<\/strong>, stworzy\u0142 Prawy Sektor, kt\u00f3ry przeprowadzi\u0142 rewolucj\u0119 Euromajdanu, a p\u00f3\u017aniej tak\u017ce pu\u0142ku Azow. 2 listopada 2021 roku zosta\u0142 on doradc\u0105 szefa sztabu armii ukrai\u0144skiej, <strong>Walerija Za\u0142u\u017cnego<\/strong>.<\/p>\r\n<p>Od rozpadu ZSRR na Ukrainie budzi\u0142y si\u0119 stare demony. Zmieniono tre\u015b\u0107 podr\u0119cznik\u00f3w. Przez trzydzie\u015bci lat dzieci uczone by\u0142y w szkole, \u017ce ich kraj sta\u0142 si\u0119 niepodleg\u0142y dzi\u0119ki nazistom i \u017ce oni sami nie maj\u0105 nic wsp\u00f3lnego z Rosjanami, przedstawicielami ni\u017cszej rasy. Co roku dziesi\u0105tki tysi\u0119cy dzieci i nastolatk\u00f3w uczestniczy w \u201eobozach letnich\u201d banderowc\u00f3w, przypominaj\u0105cych obozy <em>Hitler Jugend<\/em>. Krzycz\u0105 na nich swoje <em>\u201eS\u0142awa Ukrainie!\u201d<\/em>. Dzi\u015b znajduj\u0105 oni schronienie w Unii Europejskiej. Jutro, podobnie jak ich sojusznicy z Braci Muzu\u0142man\u00f3w, niekt\u00f3rzy z nich przeprowadza\u0107 b\u0119d\u0105 ataki na jej terytorium.<\/p>\r\n<p>&nbsp;<\/p>\r\n<div class=\"mejs-mediaelement\"><video id=\"video-9224-1_html5\" class=\"wp-video-shortcode\" src=\"https:\/\/myslpolska.info\/wp-content\/uploads\/2022\/04\/Centuria.mp4?_=1\" preload=\"metadata\" data-mce-fragment=\"1\" width=\"1200\" height=\"675\"><\/video><\/div>\r\n<p>&nbsp;<\/p>\r\n<p>Ju\u017c od jakiego\u015b czasu banderowcy rekrutuj\u0105 swych \u017co\u0142nierzy w Kanadzie, Francji, Niemczech, Polsce, Wielkiej Brytanii i Stanach Zjednoczonych, ostatnio poszukuj\u0105c oficer\u00f3w z tych kraj\u00f3w. W tym celu w 2019 roku utworzyli utajnion\u0105 organizacj\u0119 Centuria, kt\u00f3ra zajmuje si\u0119 rozpowszechnianiem ich ideologii. Grupa ta sprzeciwia si\u0119 procedurom demokratycznym oraz powszechnemu r\u00f3wnouprawnieniu. Jej cz\u0142onkowie recytuj\u0105 pochodz\u0105c\u0105 z lat mi\u0119dzywojennych <em>Modlitw\u0119 ukrai\u0144skiego nacjonalisty <\/em>autorstwa <strong>Josifa Maszczaka<\/strong>. Eksponuj\u0105 du\u0144ski krzy\u017c s\u0142oneczny i odwo\u0142uj\u0105 si\u0119 do zakonu Thule, do kt\u00f3rego nale\u017celi najwy\u017csi dygnitarze nazistowscy. Niegdy\u015b zachodnie armie nie bra\u0142y tego zagro\u017cenia powa\u017cnie. Tymczasem ideologia ta, podobnie jak ideologia Braci Muzu\u0142ma\u0144skich na Bliskim Wschodzie, rozszerza si\u0119 niczym le\u015bny po\u017car.<\/p>\r\n<p>Obrzydliwa bestia ju\u017c tu jest, w\u015br\u00f3d nas. Jak mo\u017cemy by\u0107 wci\u0105\u017c tak \u015blepi?<\/p>\r\n<p><strong><em>Thierry Meyssan<\/em><\/strong><\/p>","protected":false},"excerpt":{"rendered":"Poparcie Zachodu dla nazist\u00f3w w latach 1933-1940 Masowe poparcie Stan\u00f3w Zjednoczonych i ich sojusznik\u00f3w dla ukrai\u0144skich banderowc\u00f3w przeciwko Rosji przypomina poparcie udzielane hitlerowskim Niemcom w pierwszych latach ich istnienia przeciwko Zwi\u0105zkowi Radzieckiemu. Przypomnijmy, \u017ce w pewnym okresie wszystkie, bez wyj\u0105tku kraje Zachodu wierzy\u0142y, \u017ce nazi\u015bci stanowi\u0105 remedium na kryzys ekonomiczny, kt\u00f3ry rozpocz\u0105\u0142 si\u0119 w 1929 [&hellip;]","protected":false},"author":1,"featured_media":0,"comment_status":"closed","ping_status":"closed","sticky":false,"template":"","format":"standard","meta":{"_acf_changed":false,"_monsterinsights_skip_tracking":false,"_monsterinsights_sitenote_active":false,"_monsterinsights_sitenote_note":"","_monsterinsights_sitenote_category":0,"ngg_post_thumbnail":0,"footnotes":"","_wp_rev_ctl_limit":""},"categories":[13,9],"tags":[84,102,29,20,17,221],"acf":[],"_links":{"self":[{"href":"https:\/\/www.bibula.com\/index.php?rest_route=\/wp\/v2\/posts\/133155"}],"collection":[{"href":"https:\/\/www.bibula.com\/index.php?rest_route=\/wp\/v2\/posts"}],"about":[{"href":"https:\/\/www.bibula.com\/index.php?rest_route=\/wp\/v2\/types\/post"}],"author":[{"embeddable":true,"href":"https:\/\/www.bibula.com\/index.php?rest_route=\/wp\/v2\/users\/1"}],"replies":[{"embeddable":true,"href":"https:\/\/www.bibula.com\/index.php?rest_route=%2Fwp%2Fv2%2Fcomments&post=133155"}],"version-history":[{"count":4,"href":"https:\/\/www.bibula.com\/index.php?rest_route=\/wp\/v2\/posts\/133155\/revisions"}],"predecessor-version":[{"id":133159,"href":"https:\/\/www.bibula.com\/index.php?rest_route=\/wp\/v2\/posts\/133155\/revisions\/133159"}],"wp:attachment":[{"href":"https:\/\/www.bibula.com\/index.php?rest_route=%2Fwp%2Fv2%2Fmedia&parent=133155"}],"wp:term":[{"taxonomy":"category","embeddable":true,"href":"https:\/\/www.bibula.com\/index.php?rest_route=%2Fwp%2Fv2%2Fcategories&post=133155"},{"taxonomy":"post_tag","embeddable":true,"href":"https:\/\/www.bibula.com\/index.php?rest_route=%2Fwp%2Fv2%2Ftags&post=133155"}],"curies":[{"name":"wp","href":"https:\/\/api.w.org\/{rel}","templated":true}]}}