{"id":133122,"date":"2022-04-11T11:29:35","date_gmt":"2022-04-11T15:29:35","guid":{"rendered":"https:\/\/www.bibula.com\/?p=133122"},"modified":"2022-04-25T08:38:47","modified_gmt":"2022-04-25T12:38:47","slug":"gdzie-godnosc-gdzie-honor-gdzie-sluzba-rzeczypospolitej-katarzyna-ts","status":"publish","type":"post","link":"https:\/\/www.bibula.com\/?p=133122","title":{"rendered":"Gdzie godno\u015b\u0107, gdzie honor, gdzie s\u0142u\u017cba Rzeczypospolitej?! &#8211; <em>Katarzyna TS<\/em>"},"content":{"rendered":"<p class=\"has-drop-cap\">W \u015brod\u0119 (6.04.2022) rozpocz\u0119\u0142o si\u0119 pierwsze bezmaseczkowe posiedzenie Sejmu RP po zniesieniem nakazu zakrywania nosa i ust w pomieszczeniach zamkni\u0119tych. Marsza\u0142ek El\u017cbieta Witek nie mog\u0142a ju\u017c wykluczy\u0107 pos\u0142a Grzegorza Brauna z obrad za brak bezu\u017cytecznej szmaty na twarzy. Wobec tego niezamaskowany pose\u0142 Braun wszed\u0142 na m\u00f3wnic\u0119 i zaapelowa\u0142 do niedawno zamaskowanej marsza\u0142ek Witek, \u017ceby zrobi\u0142a porz\u0105dek z niew\u0142a\u015bciwie zawieszonymi flagami przy wej\u015bciu do budynku Sejmu. 14 marca 2022 roku zawieszono tam flagi polskie i ukrai\u0144skie, a zrobiono to tak: flaga ukrai\u0144ska wisi w miejscy przynale\u017cnym fladze gospodarza, a flaga polska w miejscu przynale\u017cnym fladze go\u015bcia. Protok\u00f3\u0142 flagowy dok\u0142adnie okre\u015bla, jak nale\u017cy wiesza\u0107 flag\u0119 Polski w towarzystwie flag innych pa\u0144stw. Je\u015bli flagi s\u0105 dwie, to flaga polska wisi jako pierwsza. Koniec i kropka.<\/p>\r\n<p>Marsza\u0142ek Witek odm\u00f3wi\u0142a przewieszenia flag zgodnie z protoko\u0142em, a wypowied\u017a pos\u0142a Brauna by\u0142a zag\u0142uszana okrzykami \u201eha\u0144ba\u201d dolatuj\u0105cymi z \u0142aw poselskich. Krzycz\u0105cy pos\u0142owie albo nie zrozumieli, o co chodzi, albo maj\u0105 ju\u017c tak nastukane w g\u0142owach, \u017ce dopominanie si\u0119 o traktowanie polskiej flagi zgodnie z protoko\u0142em jest dla nich \u201eha\u0144b\u0105\u201d. Ten obrazek sejmowych troglodyt\u00f3w i zachowanie marsza\u0142ek Witek, kt\u00f3ra z premedytacj\u0105 poni\u017ca polska flag\u0119, jest czym\u015b tak nies\u0142ychanym, \u017ce trudno przej\u015b\u0107 nad nim do porz\u0105dku dziennego. A gdy dodamy do tego niedawn\u0105 wypowied\u017a rzecznika MSZ, \u0141ukasza Jasiny, kt\u00f3ry zadeklarowa\u0142, \u017ce \u201ejeste\u015bmy s\u0142ugami narodu ukrai\u0144skiego\u201d, to w\u0142os je\u017cy si\u0119 na g\u0142owie. Gdzie godno\u015b\u0107, gdzie honor, gdzie s\u0142u\u017cba Rzeczypospolitej?!<\/p>\r\n<p>Jest w \u201eOgniem i mieczem\u201d taka scena, gdy wojewoda Kisiel przywozi Chmielnickiemu bu\u0142aw\u0119 hetma\u0144sk\u0105. Jako eskorta towarzyszy mu dragonia pod wodz\u0105 Skrzetuskiego:<\/p>\r\n<p style=\"padding-left: 40px;\"><em>Pokaza\u0142 si\u0119 orszak komisarski. Na czele szli dobosze, bij\u0105cy w kot\u0142y, oraz tr\u0119bacze z tr\u0105bami przy ustach i wyd\u0119tymi policzkami, b\u0119bni\u0105c i wydobywaj\u0105c z mosi\u0105dzu d\u0142ugie \u017ca\u0142osne g\u0142osy, jakoby na pogrzebie s\u0142awy i godno\u015bci Rzeczypospolitej. Za ow\u0105 kapel\u0105 ni\u00f3s\u0142 \u0142owczy Krzetowski bu\u0142aw\u0119 na aksamitnej poduszce, Kulczy\u0144ski, skarbnik kijowski, czerwon\u0105 chor\u0105giew z or\u0142em i napisem \u2014 a dalej Kisiel szed\u0142 samotnie wysoki, szczup\u0142y, z bia\u0142\u0105 brod\u0105, sp\u0142ywaj\u0105c\u0105 na piersi, z cierpieniem w arystokratycznej twarzy i b\u00f3lem bezdennym w duszy. O kilka krok\u00f3w za wojewod\u0105 wlok\u0142a si\u0119 reszta komisarzy, a orszak zamyka\u0142a dragonia Bryszowskiego pod Skrzetuskim.(\u2026) Chmielnicki czeka\u0142 na niego wsparty pod boki z wyd\u0119tymi usty i namarszczon\u0105 brwi\u0105. \u2009Orszak zbli\u017cy\u0142 si\u0119 na koniec. Kisiel, wysun\u0105wszy si\u0119 naprz\u00f3d, post\u0105pi\u0142 kilka krok\u00f3w a\u017c do podniesienia. Dobosze przestali b\u0119bni\u0107, tr\u0119bacze tr\u0105bi\u0107 \u2014 i nasta\u0142a wielka cisza w t\u0142umach, jeno powiew mro\u017any \u0142opota\u0142 czerwon\u0105 chor\u0105giew, niesion\u0105 przez pana Kulczy\u0144skiego.\u2009Nagle cisz\u0119 t\u0119 przerwa\u0142 g\u0142os jaki\u015b kr\u00f3tki, dono\u015bny a rozkazuj\u0105cy, kt\u00f3ry zabrzmia\u0142 z niewypowiedzian\u0105 si\u0142\u0105 desperacji, nie licz\u0105cej si\u0119 z niczym i z nikim:\u2009\u2014 Dragonia w ty\u0142! Za mn\u0105! \u2009By\u0142 to g\u0142os pana Skrzetuskiego. \u2009Wszystkie g\u0142owy zwr\u00f3ci\u0142y si\u0119 w jego stron\u0119. Sam Chmielnicki podni\u00f3s\u0142 si\u0119 nieco na siedzeniu, aby zobaczy\u0107, co si\u0119 dzieje; komisarzom krew uciek\u0142a z twarzy. Skrzetuski sta\u0142 na koniu, wyprostowany, blady, z iskrz\u0105cymi oczyma i go\u0142\u0105 szabl\u0105 w r\u0119ku i na wp\u00f3\u0142 zwr\u00f3cony ku dragonom, powt\u00f3rzy\u0142 raz jeszcze grzmi\u0105cy rozkaz:\u2009\u2014 Za mn\u0105!\u2026\u2009W\u015br\u00f3d ciszy kopyta ko\u0144skie zako\u0142ata\u0142y po umiecionej grudzie ulicznej. Wy\u0107wiczeni dragoni zwr\u00f3cili na miejscu konie, porucznik stan\u0105\u0142 na ich czele, da\u0142 znak mieczem i ca\u0142y oddzia\u0142 ruszy\u0142 zwolna, na powr\u00f3t ku domostwu komisarzy. (\u2026) Wojewoda Kisiel, zm\u0119czony, wyczerpany, ledwie na nogach si\u0119 trzymaj\u0105cy, natychmiast po\u0142o\u017cy\u0142 si\u0119 do \u0142\u00f3\u017cka i a\u017c do nast\u0119pnego dnia nie chcia\u0142 nikogo widzie\u0107; dopiero przed po\u0142udniem kaza\u0142 przywo\u0142a\u0107 Skrzetuskiego. \u2009\u2014 Co\u015b wa\u0107pan uczyni\u0142 najlepszego? \u2014 rzek\u0142 do niego \u2014 co\u015b wa\u0107pan uczyni\u0142! Swoje i nasze \u017cycie na zgub\u0119 mog\u0142e\u015b narazi\u0107. \u2009\u2014 JW. wojewodo, mea culpa! \u2014 odrzek\u0142 rycerz \u2014 ale mnie delirium porwa\u0142o i wola\u0142em sto razy zgin\u0105\u0107, ni\u017c na takie rzeczy patrze\u0107.<\/em><\/p>\r\n<p>&nbsp;<\/p>\r\n<p>Skrzetuski nie m\u00f3g\u0142 patrze\u0107 na poni\u017cenie Rzeczypospolitej. Marsza\u0142ek Witek i pos\u0142owie krzycz\u0105cy \u201eha\u0144ba\u201d w odpowiedzi na apel pos\u0142a Brauna nie tylko patrz\u0105 na poni\u017cenie polskiej flagi, ale wr\u0119cz mu przyklaskuj\u0105. I to s\u0105 wybra\u0144cy narodu polskiego. O tempora, o mores! Takich wybra\u0144c\u00f3w powinno si\u0119 pogoni\u0107, gdzie pieprz ro\u015bnie. Ale kto ma to zrobi\u0107? Dzi\u015b Skrzetuskich ju\u017c nie ma, chocia\u017c najwi\u0119ksi internetowi \u201epatrioci\u201d wstawiaj\u0105 sobie husari\u0119 w awatary. Tacy bojowi! Ci sami, kt\u00f3rzy jeszcze niedawno zak\u0142adali bezu\u017cyteczne maseczki, \u017ceby ustrzec si\u0119 przed wirusem o \u015bmiertelno\u015bci na poziomie u\u0142amka procenta, dzi\u015b gotowi na Moskw\u0119 rusza\u0107. W ramach \u201esolidarno\u015bci z Ukrain\u0105\u201d tak im ju\u017c odbi\u0142o, \u017ce nie tylko przerabiaj\u0105 pierogi ruskie na ukrai\u0144skie, ale zamienili polsk\u0105 flag\u0119 na ukrai\u0144sk\u0105. A kto nie zamieni\u0142, ten \u201eruska onuca\u201d.<\/p>\r\n<p>Dosz\u0142o do tego, \u017ce upominanie si\u0119 o godno\u015b\u0107 Polski jest kwalifikowane jako \u201epopieranie Putina\u201d. Zapewne Skrzetuski te\u017c by\u0142 \u201erusk\u0105 onuc\u0105\u201d, bo nie podoba\u0142o mu si\u0119 upokorzenie polskiej delegacji. Sejmowi troglodyci wykluczyliby Skrzetuskiego z obrad, a internetowi \u201epatrioci\u201d napisaliby mu: \u201eIdi na ch\u2026!\u201d. To jest poziom zg\u0142upienia i skundlenia, kt\u00f3ry dzi\u015b mo\u017cemy obserwowa\u0107 zar\u00f3wno w\u015br\u00f3d pos\u0142\u00f3w na Sejm RP, jaki i w\u015br\u00f3d g\u0142osuj\u0105cych na nich egzaltowanych histeryk\u00f3w, kt\u00f3rzy od\u0142o\u017cyli m\u00f3zgi na p\u00f3\u0142k\u0119, bo tylko im przeszkadzaj\u0105.<\/p>\r\n<p>Zasada jest prosta: tego, kto sam siebie nie szanuje, nikt nie b\u0119dzie szanowa\u0142. Kisiel ukorzy\u0142 si\u0119 przed Chmielnickim i w nagrod\u0119 zosta\u0142 potraktowany jak szmata. I tak jest zawsze, bo natura ludzka jest niezmienna. Obecny amok, w kt\u00f3rym dba\u0142o\u015b\u0107 o godno\u015b\u0107 Polski jest kwalifikowana jako \u201eha\u0144ba\u201d, sko\u0144czy si\u0119 tak samo. Polska zostanie potraktowana jak szmata. A szmaciarze, kt\u00f3rzy do tego doprowadz\u0105, b\u0119d\u0105 skroba\u0107 si\u0119 po g\u0142owach i zastanawia\u0107 si\u0119, jak do tego dosz\u0142o. Przy ich kwalifikacjach umys\u0142owych zapewne wymy\u015bl\u0105, \u017ce to wina \u201eruskich onuc\u201d. Nic innego wymy\u015ble\u0107 nie potrafi\u0105.<\/p>\r\n<p><strong><em>Katarzyna Treter-Sierpi\u0144ska<\/em><\/strong><\/p>\r\n<p class=\"podpis_sz2\"><em>Je\u015bli podobaj\u0105 si\u0119 Pa\u0144stwu moje felietony i chcieliby\u015bcie wesprze\u0107 moj\u0105 dzia\u0142alno\u015b\u0107 publicystyczn\u0105, mo\u017cecie to zrobi\u0107 dokonuj\u0105c przelewu na poni\u017csze konto PayPal. B\u0119dzie to dla mnie nie tylko wsparcie w wymiarze finansowym, ale r\u00f3wnie\u017c sygna\u0142, \u017ce to, co robi\u0119, jest dla Pa\u0144stwa wa\u017cne i godne uwagi. Z g\u00f3ry dzi\u0119kuj\u0119. <a class=\"auto-link\" style=\"color: #808080;\" title=\"Katarzyna Treter-Sierpi\u0144ska\" href=\"https:\/\/wprawo.pl\/author\/katarzyna-ts\/\" target=\"_blank\" rel=\"noopener\">Katarzyna Treter-Sierpi\u0144ska<\/a><\/em><a style=\"color: #808080;\" href=\"https:\/\/www.paypal.me\/katarzynats\"><em> https:\/\/www.paypal.me\/katarzynats<\/em><\/a><\/p>\r\n<p>&nbsp;<\/p>","protected":false},"excerpt":{"rendered":"W \u015brod\u0119 (6.04.2022) rozpocz\u0119\u0142o si\u0119 pierwsze bezmaseczkowe posiedzenie Sejmu RP po zniesieniem nakazu zakrywania nosa i ust w pomieszczeniach zamkni\u0119tych. Marsza\u0142ek El\u017cbieta Witek nie mog\u0142a ju\u017c wykluczy\u0107 pos\u0142a Grzegorza Brauna z obrad za brak bezu\u017cytecznej szmaty na twarzy. Wobec tego niezamaskowany pose\u0142 Braun wszed\u0142 na m\u00f3wnic\u0119 i zaapelowa\u0142 do niedawno zamaskowanej marsza\u0142ek Witek, \u017ceby zrobi\u0142a [&hellip;]","protected":false},"author":1,"featured_media":0,"comment_status":"closed","ping_status":"closed","sticky":false,"template":"","format":"standard","meta":{"_acf_changed":false,"_monsterinsights_skip_tracking":false,"_monsterinsights_sitenote_active":false,"_monsterinsights_sitenote_note":"","_monsterinsights_sitenote_category":0,"ngg_post_thumbnail":0,"footnotes":"","_wp_rev_ctl_limit":""},"categories":[13,9],"tags":[65,344,98,167],"acf":[],"_links":{"self":[{"href":"https:\/\/www.bibula.com\/index.php?rest_route=\/wp\/v2\/posts\/133122"}],"collection":[{"href":"https:\/\/www.bibula.com\/index.php?rest_route=\/wp\/v2\/posts"}],"about":[{"href":"https:\/\/www.bibula.com\/index.php?rest_route=\/wp\/v2\/types\/post"}],"author":[{"embeddable":true,"href":"https:\/\/www.bibula.com\/index.php?rest_route=\/wp\/v2\/users\/1"}],"replies":[{"embeddable":true,"href":"https:\/\/www.bibula.com\/index.php?rest_route=%2Fwp%2Fv2%2Fcomments&post=133122"}],"version-history":[{"count":3,"href":"https:\/\/www.bibula.com\/index.php?rest_route=\/wp\/v2\/posts\/133122\/revisions"}],"predecessor-version":[{"id":133519,"href":"https:\/\/www.bibula.com\/index.php?rest_route=\/wp\/v2\/posts\/133122\/revisions\/133519"}],"wp:attachment":[{"href":"https:\/\/www.bibula.com\/index.php?rest_route=%2Fwp%2Fv2%2Fmedia&parent=133122"}],"wp:term":[{"taxonomy":"category","embeddable":true,"href":"https:\/\/www.bibula.com\/index.php?rest_route=%2Fwp%2Fv2%2Fcategories&post=133122"},{"taxonomy":"post_tag","embeddable":true,"href":"https:\/\/www.bibula.com\/index.php?rest_route=%2Fwp%2Fv2%2Ftags&post=133122"}],"curies":[{"name":"wp","href":"https:\/\/api.w.org\/{rel}","templated":true}]}}