{"id":133056,"date":"2022-04-09T08:33:54","date_gmt":"2022-04-09T12:33:54","guid":{"rendered":"https:\/\/www.bibula.com\/?p=133056"},"modified":"2022-04-09T08:38:12","modified_gmt":"2022-04-09T12:38:12","slug":"zbyt-podobne-zeby-spac-spokojnie","status":"publish","type":"post","link":"https:\/\/www.bibula.com\/?p=133056","title":{"rendered":"Zbyt podobne, \u017ceby spa\u0107 spokojnie&#8230;"},"content":{"rendered":"<p class=\"has-drop-cap\">Mimo up\u0142ywu 79 lat od ludob\u00f3jstwa dokonanego na Polakach przez ukrai\u0144skich zwyrodnialc\u00f3w i psychopat\u00f3w z OUN &#8211; UPA na Wo\u0142yniu i Ma\u0142opolsce Wschodniej, ich potomkowie, jak wida\u0107 posiadaj\u0105cy te same geny, kt\u00f3re pompuj\u0105 t\u0119 sam\u0105 hajdamack\u0105 krew, robi\u0105 dzi\u015b dok\u0142adnie to samo co ich przodkowie, nawi\u0105zuj\u0105c do ludob\u00f3jczych tradycji swoich ojc\u00f3w i dziad\u00f3w, odwo\u0142uj\u0105c si\u0119 zarazem nie tylko do zbrodniczych idei swoich antenat\u00f3w, ale jak wida\u0107 r\u00f3wnie ochoczo, powielaj\u0105c ich czyny.&nbsp;<\/p>\r\n<p>I zn\u00f3w, tak jak na Wo\u0142yniu te same metody wobec ludzi nie podzielaj\u0105cych nazistowskich pogl\u0105d\u00f3w ich banderowskich oprawc\u00f3w. Przyjdzie jednak czas, pr\u0119dzej, czy p\u00f3\u017aniej, \u017ce \u015bwiat dowie si\u0119 prawdy. Do\u015b\u0107 ju\u017c nazizmu i wszystkiego co jest z nim zwi\u0105zane. Czy \u015bwiat ju\u017c zapomnia\u0142 ile dziesi\u0105tek milion\u00f3w ludzi poch\u0142on\u0119\u0142a wywo\u0142ana przez niemieckich narodowych socjalist\u00f3w druga wojna \u015bwiatowa, za kt\u00f3rymi wyszli z czelu\u015bci najg\u0142\u0119bszej otch\u0142ani ich na\u015bladowcy, kt\u00f3rzy stworzyli na ziemi dos\u0142owne piek\u0142o, kt\u00f3rego, nie wolno nam nigdy zapomnie\u0107? Czy \u015bwiat udaje, \u017ce jest \u015blepy na to kim s\u0105 ukrai\u0144scy szowini\u015bci i ich zbrodnicze formacje czasu obecnego, chlubi\u0105cy si\u0119, \u017ce ich wzorami, do kt\u00f3rych nawi\u0105zuj\u0105, s\u0105 najwi\u0119ksi ludob\u00f3jcy w historii \u015bwiata spod znaku OUN &#8211; UPA i SS Galizien, kt\u00f3rych to zbrodniczych, ukrai\u0144skich formacji kolaboranckich w s\u0142u\u017cbie III Rzeszy, idee, by\u0142y wprost zaczerpni\u0119te z ideologii niemieckiej NSDAP ?&nbsp; A w ko\u0144cu, gdzie podzia\u0142y si\u0119 idea\u0142y, gdzie cz\u0142owiecze\u0144stwo, kt\u00f3rymi to frazesami wycieraj\u0105 dzi\u015b sobie swoje brudne g\u0119by, z minami zatroskanych prawami cz\u0142owieka, kanalie bez sumienia, zwani politykami z tzw. ,,demokracji&#8221; \u015bwiata zachodu, kt\u00f3ry chyba dla jaj okre\u015blaj\u0105 mianem wolnego \u015bwiata, z kt\u00f3rym \u015bwiat zachodu, nigdy nie mia\u0142 nic wsp\u00f3lnego&#8230; Natomiast gdy padaj\u0105 nazwy takich pa\u0144stw jak Jugos\u0142awia, Libia, Irak, Syria i Palestyna, wtedy \u015bwiat nagle zamyka oczy i swoje brudne sumienia, udaj\u0105c, \u017ce niczego nie widzi, niczego nie pami\u0119ta, w og\u00f3le nie ma tematu, cho\u0107 ofiary do dzi\u015b upominaj\u0105 si\u0119 o sprawiedliwo\u015b\u0107.<\/p>\r\n<p>&nbsp;<\/p>\r\n<h4><strong>Dzicz banderowska<\/strong><\/h4>\r\n<p>Dzicz banderowska przywi\u0105zuje ludzi do s\u0142up\u00f3w, drzew i znak\u00f3w drogowych, a potem bez opami\u0119tania i \u017cadnych hamulc\u00f3w, bestialsko katuje nawet kobiety i dzieci.<\/p>\r\n<p>&nbsp;<\/p>\r\n<p><img fetchpriority=\"high\" decoding=\"async\" class=\"aligncenter\" src=\"https:\/\/blogger.googleusercontent.com\/img\/b\/R29vZ2xl\/AVvXsEh6ZZnRI-y25W_h5AhPGHt_0WKIomX9Ovm-y53fIAUr9G4-HJno2l4uSSFuEuNBPZq6y0rYmEMQRze5gX6We4mUHv69G1vsaAekN261T2PdjDvdzUGgm9GEQX2wLwT2qTsNLXWrOEgYj4-NgLznXKUmySYN_Rco5E2kU3lwtobP2GQ3_j9tuvbLUZV7\/s16000\/Wolyn1.jpg\" width=\"756\" height=\"1057\"><\/p>\r\n<p><img decoding=\"async\" class=\"aligncenter\" src=\"https:\/\/blogger.googleusercontent.com\/img\/b\/R29vZ2xl\/AVvXsEhC5BMPZ5Hm_2VZUzp2_o5l4OgIgc0miVNRbV9RYIHUJ9jnk6x6YEVmafNZPo3xMTPEyGti6CYYL_gl3Uj1I2qrbS__Pw8XtatzZVQkOzbhJWA54o4S7266xf0c_UHQ51VDXW8u3FTfwPNzGJIU_9xZ3TBeSLk-ipiC7rz5qrKn6XV61xamkWPX1Zs7\/w491-h746\/Bandera%2022-%201.jpg\" width=\"642\" height=\"976\"><\/p>\r\n<p style=\"text-align: center;\"><strong><em>Ukraina 2022 r.<\/em><\/strong><\/p>\r\n<p>&nbsp;<\/p>\r\n<p><img decoding=\"async\" class=\"aligncenter\" src=\"https:\/\/blogger.googleusercontent.com\/img\/b\/R29vZ2xl\/AVvXsEjftYDqqdkpV2q7cNY0BZtbGUIQIkz9csZSp2zeaZT2CTMIwIqUCNGPrOt0xx_EM_HAmpydcbs6RtPZ1beh_y6yQfYoPZjFyeu5TdP_GG3JYDAvN6TLSu2NAuYaQF94issYBsHhAqWKW-W7PNiQYTZhOnc64_3n4pHXoQo693Tr5TlmK0QoNNz176hK\/s16000\/Wolyn2.jpg\" width=\"760\" height=\"1078\"><\/p>\r\n<p>&nbsp;<\/p>\r\n<p><img loading=\"lazy\" decoding=\"async\" class=\"aligncenter\" src=\"https:\/\/blogger.googleusercontent.com\/img\/b\/R29vZ2xl\/AVvXsEhWFfJTeWrpBb3i-JIrTEk6wEMErSDb4yRQxigRox3mFahtgDKvlIdUGk1sr93j4ppaMX9YNS4abPQ57RX5v7md97h008DxgyR9QM2IDAqzOMq76yShqbploO6cj8Rae-GxphZMRJ3xS6WyfEMVt2hROBdb6GkhXPKf65FsVvRb7iDOP2UNBGpRkXvo\/w542-h726\/FOmaNpeXoAQU1vQ.jpg\" width=\"620\" height=\"831\"><\/p>\r\n<p style=\"text-align: center;\"><strong><em>Ukraina 2022 r.<\/em><\/strong><\/p>\r\n<p>&nbsp;<\/p>\r\n<p>&nbsp;<\/p>\r\n<p>&nbsp;<\/p>\r\n<p>&nbsp;<\/p>\r\n<h4><strong>&#8222;Bohater&#8221; z SS-Galizien<\/strong><\/h4>\r\n<p><img decoding=\"async\" class=\"aligncenter\" src=\"https:\/\/pbs.twimg.com\/media\/FPvsPQrVkBYlcbt?format=jpg&amp;name=small\"><\/p>\r\n<p style=\"text-align: center;\"><strong><em>A co tam ma na plecach ten bohater?<\/em><\/strong><\/p>\r\n<p>&nbsp;<\/p>\r\n<p>&nbsp;<\/p>\r\n<h4><strong>TVN24 prezentuje symbole nazistowskie<\/strong><\/h4>\r\n<p><img loading=\"lazy\" decoding=\"async\" class=\"aligncenter\" src=\"https:\/\/kresy.pl\/wp-content\/uploads\/2022\/04\/Banderowska-symbolika-w-materiale-TVN.-Fot.-Twitter-TVN24-zrzut-ekranu-kadrowane-970x542.jpg\" width=\"752\" height=\"420\"><\/p>\r\n<p style=\"text-align: center;\"><strong><em>Na antenie stacji TVN24 opublikowano materia\u0142y z Ukrainy, w kt\u00f3rych bez \u017cadnego komentarza prezentowano banderowsk\u0105 flag\u0119, portrety lider\u00f3w OUN-UPA, a nawet swastyk\u0119.<\/em><\/strong><\/p>\r\n<p>&nbsp;<\/p>\r\n<p>W miniony weekend w porannym programie na antenie TVN24 \u201eWstajesz i wiesz\u201d opublikowano materia\u0142y z Ukrainy, w kt\u00f3rych wyra\u017anie widoczna jest symbolika banderowska, a tak\u017ce neonazistowska.<\/p>\r\n<p>Najpierw pokazano materia\u0142 dotycz\u0105cy reporta\u017cu \u201eOddzia\u0142 Wowy staje do walki\u201d, po\u015bwi\u0119cony jednemu z oddzia\u0142\u00f3w ukrai\u0144skiej obrony terytorialnej, a \u015bci\u015blej 7. roty obrony terytorialnej Kijowa, kt\u00f3rego dzia\u0142aniom towarzyszy\u0142 reporter stacji TVN. W programie pokazano Wa\u0142erija Dolinowskiego ps. Hucul, dow\u00f3dc\u0119 jednej z rot obrony terytorialnej Kijowa, wypowiadaj\u0105cego si\u0119 w towarzystwie zamaskowanych, uzbrojonych cz\u0142onk\u00f3w swojego oddzia\u0142u.<\/p>\r\n<p>W tle, na \u015bcianie, bezpo\u015brednio obok du\u017cej ukrai\u0144skiej flagi pa\u0144stwowej wisia\u0142a czerwono-czarna flaga OUN-UPA. Eksponowano tam te\u017c inne elementy symboliki banderowskiej. Poni\u017cej flag wisia\u0142y portrety Romana Szuchewycza, g\u0142\u00f3wnodowodz\u0105cego UPA, odpowiedzialnego za ludob\u00f3jstwo pope\u0142nione na Polakach, oraz lidera OUN, Stepana Bandery. Symbole te by\u0142y \u015bwietnie widoczne w programie, ich eksponowanie nie spotka\u0142o si\u0119 z reakcj\u0105 prowadz\u0105cego ani stacji.<\/p>\r\n<p>P\u00f3\u017aniej wyemitowano relacj\u0119 polskiej wolontariuszki z Charkowa, miasta b\u0119d\u0105cego od ko\u0144ca lutego obiektem atak\u00f3w rosyjskiej armii oraz licznych ostrza\u0142\u00f3w i nalot\u00f3w. Przedstawia\u0142a ona par\u0119 Ukrai\u0144c\u00f3w, kt\u00f3rych przedstawi\u0142a imionami Anastazja i Antonio, kt\u00f3rzy tego dnia mieli si\u0119 pobra\u0107. Podczas rozmowy, z boku za par\u0105 Ukrai\u0144c\u00f3w, na p\u00f3\u0142ce wyra\u017anie widoczna jest plakietka lub tabliczka z wyryt\u0105 swastyk\u0105. R\u00f3wnie\u017c w tym przypadku nie zosta\u0142o to w \u017caden spos\u00f3b skomentowane.<\/p>\r\n<p>&nbsp;<\/p>\r\n<p>&nbsp;<\/p>\r\n<h4><b>TVN24 swastyka w relacji z Charkowa<\/b><\/h4>\r\n<p>&nbsp;<\/p>\r\n<p><img loading=\"lazy\" decoding=\"async\" class=\"aligncenter\" src=\"https:\/\/bacologia.files.wordpress.com\/2022\/04\/swastyka-1.jpg\" width=\"746\" height=\"408\"><\/p>\r\n<p>&nbsp;<a href=\"https:\/\/www.youtube.com\/watch?v=E_qWlX7dbsc\"><br>\r\n<\/a><\/p>\r\n<p><iframe title=\"YouTube video player\" src=\"https:\/\/www.youtube.com\/embed\/E_qWlX7dbsc\" allowfullscreen=\"allowfullscreen\" width=\"560\" height=\"315\" frameborder=\"0\"><\/iframe><\/p>\r\n<p>&nbsp;<\/p>\r\n<p>&nbsp;<\/p>\r\n<h4><strong>Dowody rozstrzeliwania je\u0144c\u00f3w rosyjskich przez neonazist\u00f3w ukrai\u0144skich<\/strong><\/h4>\r\n<p><img loading=\"lazy\" decoding=\"async\" class=\"aligncenter\" src=\"https:\/\/kresy.pl\/wp-content\/uploads\/2022\/04\/Bez-tytulu-2-970x542.jpg\" width=\"759\" height=\"424\"><\/p>\r\n<p>&nbsp;<\/p>\r\n<p class=\"first\">New York Times dotar\u0142 do nagrania maj\u0105cego by\u0107 dowodem rozstrzeliwania rosyjskich je\u0144c\u00f3w przez \u017co\u0142nierzy walcz\u0105cych po stronie ukrai\u0144skiej.<\/p>\r\n<p class=\"second\">W poniedzia\u0142ek w sieci pojawi\u0142o si\u0119 <span style=\"text-decoration: underline;\"><a href=\"https:\/\/twitter.com\/OAlexanderDK\/status\/1511133373783228416\" target=\"_blank\" rel=\"noopener\">nagranie<\/a> <\/span>maj\u0105ce pokazywa\u0107, jak ukrai\u0144scy \u017co\u0142nierze zabijaj\u0105 rosyjskiego je\u0144ca \u2013 podaje Business Insider powo\u0142uj\u0105c si\u0119 na gazet\u0119 New York Times, kt\u00f3ra zweryfikowa\u0142a nagranie. Na nagraniu, wykonanym najwyra\u017aniej przez cz\u0142onka ukrai\u0144skiego oddzia\u0142u, wida\u0107 co najmniej czterech rosyjskich \u017co\u0142nierzy le\u017c\u0105cych w ka\u0142u\u017cach krwi na drodze. Mo\u017cna ich zidentyfikowa\u0107 po bia\u0142ych opaskach na ramieniu, noszonych zazwyczaj przez Rosjan. Je\u0144cy maj\u0105 naci\u0105gni\u0119te na g\u0142ow\u0119 kurtki. Jeden z nich porusza si\u0119 i ci\u0119\u017cko oddycha. \u201ePatrz, on jeszcze \u017cyje, charczy\u201d \u2013 s\u0142ycha\u0107 komentarz zza kadru.<\/p>\r\n<p>W kadrze pojawia si\u0119 lufa karabinu i w stron\u0119 je\u0144ca padaj\u0105 dwa strza\u0142y. Mimo to \u017co\u0142nierz wci\u0105\u017c rz\u0119zi. W\u00f3wczas pada trzeci strza\u0142, po kt\u00f3rym jeniec nieruchomieje.<\/p>\r\n<p>Pozostali le\u017c\u0105cy \u017co\u0142nierze wygl\u0105daj\u0105 na martwych; jeden z nich ma r\u0119ce zwi\u0105zane za plecami.<\/p>\r\n<p>Po chwili w nagraniu pojawia si\u0119 brodaty \u017co\u0142nierz, kt\u00f3ry na has\u0142o \u201eS\u0142awa Ukrajini!\u201d odpowiada \u201eHerojam S\u0142awa!\u201d, co jest oficjalnym zawo\u0142aniem w ukrai\u0144skich si\u0142ach zbrojnych.<\/p>\r\n<p>Wed\u0142ug NYT do sfilmowanej sceny dosz\u0142o w pobli\u017cu wsi Dmytriwka, po\u0142o\u017conej oko\u0142o 11 km na po\u0142udniowy zach\u00f3d od Buczy.<\/p>\r\n<p>&nbsp;<\/p>\r\n<p><img loading=\"lazy\" decoding=\"async\" class=\"aligncenter\" src=\"https:\/\/pbs.twimg.com\/media\/FPtuzWZWUAIYTR7?format=png&amp;name=900x900\" width=\"748\" height=\"1014\"><\/p>\r\n<p>&nbsp;<\/p>\r\n<p><b>Rozpoznano 3 nazist\u00f3w z linku, w kt\u00f3rym znajduje si\u0119 film z dobijaniem przez ukrai\u0144skich banderowc\u00f3w rosyjskiego \u017co\u0142nierza. Film bardzo brutalny<br>\r\n<\/b><br>\r\n<a href=\"https:\/\/t.me\/siIoviki\/23\">https:\/\/t.me\/siIoviki\/23<br>\r\n<\/a>&nbsp;<\/p>\r\n<p>&nbsp; <img loading=\"lazy\" decoding=\"async\" class=\"aligncenter\" src=\"https:\/\/blogger.googleusercontent.com\/img\/b\/R29vZ2xl\/AVvXsEjn7aLv3gXJl7LG7UBPptN-8Uw32eSw7qkXl2PCHu4j-b7BsUusGsSJlkR2LBvnkBZtQ-zzqhkcZfijBMQSdC1RY2KggNxiSCFeW9OEJ2lnbIFsjOf9Q448gPdans5oNcv1MFwtJ-M6LFbzVmbjxUWcF9U6b7YoqMC-pINUfcGRKchDRQv5hj4Vj5lm\/w640-h512\/IMG-20220407-WA0011.jpg\" width=\"750\" height=\"600\"><\/p>\r\n<p><img loading=\"lazy\" decoding=\"async\" class=\"aligncenter\" src=\"https:\/\/blogger.googleusercontent.com\/img\/b\/R29vZ2xl\/AVvXsEhidRBXMiwAIuK3QK4sVKjsrHv1jWawbzWTH7TbHbOUm15sqL4Spax1E99jdUtFyJTlZ_iN62V9Na863PEt60AK6MD5Bvjf_GAj-VJ4D1bAeHd1LsrQ0l6dLe1rIe4GIKu1x9wvOyg5cKfxCPYki2Hm7n8fA1Cpwd0H6TwpAQhTK6yIWag17NqkQVSo\/w640-h512\/IMG-20220407-WA0012.jpg\" width=\"751\" height=\"601\"><\/p>\r\n<p><img loading=\"lazy\" decoding=\"async\" class=\"aligncenter\" src=\"https:\/\/blogger.googleusercontent.com\/img\/b\/R29vZ2xl\/AVvXsEj8vOnbjH6jCYEWzNaax4j-wQV7FQRbrBd4Ny3IjxAQxCm2pSVHZFZPsxPIiLZRCyPpQoTBUi7ONM2RTl4Y9cvueuWxTgthBfcJGLGdzNplpXBHr_ST4ZzDWPII2jxsfY7gXwJO2OrT8SFcX2I5qa-nRcg3AmYaS0cOZTDOhvH6fqJRN_TT1Ll9SdsN\/w640-h512\/IMG-20220407-WA0013.jpg\" width=\"749\" height=\"599\"><\/p>\r\n<p style=\"text-align: center;\"><em><b>Trzech rozpoznanych cz\u0142onk\u00f3w ukrai\u0144skich zbrodniczych formacji dobijaj\u0105cych rosyjskich je\u0144c\u00f3w<\/b><\/em><\/p>\r\n<p>&nbsp;<\/p>\r\n<p><img loading=\"lazy\" decoding=\"async\" class=\"aligncenter\" src=\"https:\/\/pbs.twimg.com\/media\/FPsLChYWYAs38Kk?format=jpg&amp;name=medium\" width=\"795\" height=\"1000\"><\/p>\r\n<p>&nbsp;<\/p>\r\n<p><span style=\"text-decoration: underline;\"><a href=\"https:\/\/twitter.com\/MarekMa88061202\/status\/1511814243401842688?t=LngF_vpUAbVXe4Ry-bIpjA&amp;s=01\">https:\/\/twitter.com\/MarekMa88061202\/status\/1511814243401842688?t=LngF_vpUAbVXe4Ry-bIpjA&amp;s=01<\/a><\/span><\/p>\r\n<p>&nbsp;<\/p>\r\n<p><a href=\"https:\/\/twitter.com\/evanhill\/status\/1511767949849161731?ref_src=twsrc%5Etfw%7Ctwcamp%5Etweetembed%7Ctwterm%5E1511771264909656065%7Ctwgr%5E%7Ctwcon%5Es2_&amp;ref_url=https%3A%2F%2Fkresy.pl%2Fwydarzenia%2Fregiony%2Fukraina%2Fgruzini-walczacy-po-stronie-ukrainy-zabijali-jencow-media-publikuja-wstrzasajace-nagranie-video%2F\"><span style=\"text-decoration: underline;\">https:\/\/twitter.com\/evanhill\/status\/1511767949849161731?ref_src=twsrc%5Etfw%7Ctwcamp%5Etweetembed%7Ctwterm%5E1511771264909656065%7Ctwgr%5E%7Ctwcon%5Es2_&amp;ref_url=https%3A%2F%2Fkresy.pl%2Fwydarzenia%2Fregiony%2Fukraina%2Fgruzini-walczacy-po-stronie-ukrainy-zabijali-jencow-media-publikuja-wstrzasajace-nagranie-video%2F<\/span><\/a><\/p>\r\n<p>&nbsp;<\/p>\r\n<p><b>Mamuka Mamulaszwili, jeden z lider\u00f3w \u201eGruzi\u0144skiego Legionu\u201d, podczas wywiadu przyzna\u0142, \u017ce jego formacja nie bierze i nie b\u0119dzie bra\u0107 do niewoli \u017cadnych rosyjskich je\u0144c\u00f3w.<\/b><br>\r\n<br>\r\nCzekam na te artyku\u0142y w prasie m\u00f3wi\u0105ce, o tym, jak to Gruzini przyznaj\u0105 si\u0119 do zabijania je\u0144c\u00f3w. Chyba, \u017ce to nie jest zbrodnia wojenna, a Mamuka pracuje dla Putina i m\u00f3wi to co mu kazano?<\/p>\r\n<p>&nbsp;<\/p>\r\n<p>&nbsp;<\/p>\r\n<h4><b>Bucza<\/b>&nbsp;<\/h4>\r\n<p>1. Rosjanie wychodz\u0105 z miejscowo\u015bci 31 marca. Za\u0142\u00f3\u017cmy, \u017ce zabijali cywil\u00f3w opuszczaj\u0105c miasto. Tylko czemu akurat swoich zwolennik\u00f3w? Poza tym wi\u0119kszo\u015b\u0107 z zabitych ma bia\u0142e opaski na r\u0119kawach, oznaczaj\u0105ce poparcie dla Rosjan. <br>\r\n<br>\r\n2. Nazi\u015bci z Azowa wchodz\u0105 do Buczy dopiero 24 godziny p\u00f3\u017aniej, czyli 1 kwietnia. <br>\r\n<br>\r\n3. Propagandowe materia\u0142y nazist\u00f3w wyemitowane zostaj\u0105 dopiero&#8230;&nbsp; 4 kwietnia. Zaaran\u017cowanie sceny zaj\u0119\u0142o im tak d\u0142ugo? Czy re\u017cyser i aktorzy musieli dojecha\u0107 z innego planu? No a ludzie zostawili swoich bliskich na ulicy, w rynsztokach tak d\u0142ugo, gdy ju\u017c zostali &#8222;wyzwoleni&#8221; i nie mieli si\u0119 czego ba\u0107? No bo cia\u0142a nie sprz\u0105tni\u0119te przez 5 dni?<\/p>\r\n<p>To, czego nawet my nie zobaczyli\u015bmy od razu (kiedy publikowali\u015bmy te zdj\u0119cia w kontek\u015bcie innego fejku): na jednym zdj\u0119ciu z Buczy wida\u0107 dwa cia\u0142a, na drugim ju\u017c trzy. Nagle przy drewnianych paletach pojawi\u0142 si\u0119 trzeci trup. Przy czym zdj\u0119cie, na kt\u00f3rym wida\u0107 tylko dwa cia\u0142a, pojawi\u0142o si\u0119 wcze\u015bniej.<br>\r\n<br>\r\nW jaki spos\u00f3b cia\u0142a nagle pojawiaj\u0105 si\u0119 znik\u0105d i dok\u0105d potem znikaj\u0105 w trakcie rejestrowania &#8222;zbrodni&#8221;, strona ukrai\u0144ska nie m\u00f3wi. Ze wzgl\u0119du na to, \u017ce Bucza to obw\u00f3d kijowski, by\u0107 mo\u017ce, to kolejny &#8222;Duch Kijowa&#8221; pojawia si\u0119 i zaraz znika? Tylko po co\u015b bez <a>samolotu.<\/a><\/p>\r\n<p><a href=\"https:\/\/t.me\/pl_news_front\" target=\"_blank\" rel=\"noopener\"><span style=\"text-decoration: underline;\">https:\/\/t.me\/pl_news_front<\/span> <\/a><\/p>\r\n<p>&nbsp;<\/p>\r\n<p>I jeszcze taka ciekawostka!<\/p>\r\n<p><img loading=\"lazy\" decoding=\"async\" class=\"aligncenter\" src=\"https:\/\/blogger.googleusercontent.com\/img\/b\/R29vZ2xl\/AVvXsEhBX34v6k6a0TFGVTwvMo0c5Y3JFZCquELPtoGLiuHnUcA9P0bpvUwGCG6SqyLIVFe_ZuWUEu-YkAPti7trXUyddS0mq2v6lW8zTe2hl_4fx6r5qRO8i9bDYUvMp1-KJmBRFyklt69Sgv_lNfK13oQ_tbv79eU4rglGaOKlv62_hl1Ws4K4xdbOi8gX\/w520-h730\/IMG-20220407-WA0005.jpg\" width=\"751\" height=\"1053\"><\/p>\r\n<p>&nbsp;<\/p>\r\n<p style=\"text-align: center;\"><em><b>O\u015bwiadczenie firmy Maxar Technologies mo\u017cna podsumowa\u0107 jedynie parafraz\u0105 s\u0142\u00f3w z filmu Mi\u015b Stanis\u0142awa Bareji, kierownika szatni:<\/b><\/em><\/p>\r\n<p style=\"text-align: center;\"><b><em>,,Mamy te zdj\u0119cia, kt\u00f3re was interesuj\u0105, ale wam ich nie udost\u0119pnimy. I co nam zrobicie?&#8221;<\/em><br>\r\n<\/b><\/p>\r\n<p><br>\r\n&nbsp;<\/p>\r\n<h4><strong>Kolejny Ukrai\u0144ski <span style=\"text-decoration: underline;\"><a href=\"http:\/\/bohatyr.Tylko\">bohatyr. <\/a><\/span><\/strong><\/h4>\r\n<p>Tylko dla ludzi o mocnych nerwach&#8230;&nbsp;<\/p>\r\n<p><a href=\"https:\/\/t.co\/Qz2QfKoAoo\"><span style=\"text-decoration: underline;\">https:\/\/t.co\/Qz2QfKoAoo<\/span><\/a><\/p>\r\n<p>&nbsp;<\/p>\r\n<p>&nbsp;<\/p>\r\n<h4><b>Ukrai\u0144scy zbrodniarze wojenni torturuj\u0105 i strzelaj\u0105 w nogi rosyjskich je\u0144c\u00f3w wojennych&nbsp;<\/b><\/h4>\r\n<p><a href=\"https:\/\/rumble.com\/vzji67-un-official-asking-for-investigation-into-reports-ukraine-troops-abusing-ru.html\" target=\"_blank\" rel=\"noopener\"><span style=\"text-decoration: underline;\">https:\/\/rumble.com\/vzji67-un-official-asking-for-investigation-into-reports-ukraine-troops-abusing-ru.html<\/span> <\/a><\/p>\r\n<p>&nbsp;<\/p>\r\n<p>&nbsp;<\/p>\r\n<h4><strong>Ukrai\u0144ski zwyrodnia\u0142y, nazistowski zbrodniarz wojenny<\/strong><\/h4>\r\n<p><a href=\"https:\/\/m.facebook.com\/100001371725531\/posts\/4893402724048737\/\"><span style=\"text-decoration: underline;\">https:\/\/m.facebook.com\/100001371725531\/posts\/4893402724048737\/<\/span><\/a><\/p>\r\n<p><img loading=\"lazy\" decoding=\"async\" class=\"aligncenter\" src=\"https:\/\/pbs.twimg.com\/media\/FPSX2OlX0AI9Ako?format=jpg&amp;name=4096x4096\" width=\"756\" height=\"640\"><\/p>\r\n<p>&nbsp;<\/p>\r\n<p style=\"text-align: center;\"><em><strong>Maksym Marczenko<\/strong> mianowany przez Ze\u0142e\u0144skiego gubernatorem Odessy. Nakaza\u0142 utworzy\u0107 stanowiska strzeleckie w szko\u0142ach i szpitalach. Zabroni\u0142 pod kar\u0105 \u015bmierci wypuszczania mieszka\u0144c\u00f3w korytarzami humanitarnymi. Typowy ukrai\u0144ski nazista i zwyrodnia\u0142y zbrodniarz wojenny.<\/em><\/p>\r\n<p>&nbsp;<\/p>\r\n<p><a href=\"https:\/\/twitter.com\/JarosawK2\/status\/1506905111590850564?t=B60fSqfFbvr1hVComRXNXQ&amp;s=01\"><span style=\"text-decoration: underline;\">https:\/\/twitter.com\/JarosawK2\/status\/1506905111590850564?t=B60fSqfFbvr1hVComRXNXQ&amp;s=01<\/span><\/a><\/p>\r\n<p><em>Ukrainian civilians stripped, tied up and beaten by vigilantes in shocking videos<\/em><\/p>\r\n<p>Seria przera\u017caj\u0105cych film\u00f3w opublikowanych w mediach spo\u0142eczno\u015bciowych pokazuje ukrai\u0144skich cywil\u00f3w \u2013 w tym kobiety i dzieci \u2013 wi\u0105zanych, rozbieranych i bestialsko bitych przez samozwa\u0144czych stra\u017cnik\u00f3w, bez \u017cadnego \u015bledztwa i prawomocnego wyroku s\u0105du.<\/p>\r\n<p>&nbsp;<\/p>\r\n<p><b><a href=\"https:\/\/kresy.pl\/wydarzenia\/banderowska-symbolika-i-swastyka-w-materialach-tvn24-z-ukrainy-video-foto\/\"><span style=\"text-decoration: underline;\">Banderowska symbolika i swastyka w materia\u0142ach TVN24 z Ukrainy [+VIDEO\/+FOTO]<\/span> <\/a><\/b><\/p>\r\n<p><b><a href=\"https:\/\/kresy.pl\/wydarzenia\/regiony\/ukraina\/gruzini-walczacy-po-stronie-ukrainy-zabijali-jencow-media-publikuja-wstrzasajace-nagranie-video\/\"><span style=\"text-decoration: underline;\">Gruzini walcz\u0105cy po stronie Ukrainy zabijali je\u0144c\u00f3w? Media publikuj\u0105 wstrz\u0105saj\u0105ce nagranie [+VIDEO]<\/span><\/a><\/b><\/p>\r\n<p>&nbsp;<\/p>\r\n<p>&nbsp;<\/p>\r\n<p><b>I na koniec&#8230;.<\/b><\/p>\r\n<p>Ukrainka \u017cydowskiego pochodzenia zosta\u0142a wyrzucona z polskiego hotelu. Przyczyn\u0105 sta\u0142a si\u0119 skarga jej rodak\u00f3w na zeznanie kobiety, \u017ce Chark\u00f3w w rzeczywisto\u015bci ostrzeliwa\u0142y ukrai\u0144skie si\u0142y zbrojne. W ko\u0144cu pani, zm\u0119czona atakami, powiedzia\u0142a: &#8222;Nie k\u0142amcie, bo dostaniecie zawa\u0142&#8221;.<b><br>\r\n<br>\r\nUkrai\u0144cy zaczynaj\u0105 po\u017cera\u0107 <a>swoich.<\/a><\/b><\/p>\r\n<p><span style=\"text-decoration: underline;\"><a href=\"https:\/\/t.me\/pl_news_front\" target=\"_blank\" rel=\"noopener\">https:\/\/t.me\/pl_news_front<\/a><\/span><b><br>\r\n<\/b><\/p>\r\n<p>&nbsp;<\/p>\r\n<p><strong><em>Jacek Boki<\/em><\/strong><br>\r\n7 Kwiecie\u0144 2022 r.<\/p>","protected":false},"excerpt":{"rendered":"Mimo up\u0142ywu 79 lat od ludob\u00f3jstwa dokonanego na Polakach przez ukrai\u0144skich zwyrodnialc\u00f3w i psychopat\u00f3w z OUN &#8211; UPA na Wo\u0142yniu i Ma\u0142opolsce Wschodniej, ich potomkowie, jak wida\u0107 posiadaj\u0105cy te same geny, kt\u00f3re pompuj\u0105 t\u0119 sam\u0105 hajdamack\u0105 krew, robi\u0105 dzi\u015b dok\u0142adnie to samo co ich przodkowie, nawi\u0105zuj\u0105c do ludob\u00f3jczych tradycji swoich ojc\u00f3w i dziad\u00f3w, odwo\u0142uj\u0105c si\u0119 [&hellip;]","protected":false},"author":1,"featured_media":0,"comment_status":"closed","ping_status":"closed","sticky":false,"template":"","format":"standard","meta":{"_acf_changed":false,"_monsterinsights_skip_tracking":false,"_monsterinsights_sitenote_active":false,"_monsterinsights_sitenote_note":"","_monsterinsights_sitenote_category":0,"ngg_post_thumbnail":0,"footnotes":"","_wp_rev_ctl_limit":""},"categories":[13],"tags":[84,29,20,167],"acf":[],"_links":{"self":[{"href":"https:\/\/www.bibula.com\/index.php?rest_route=\/wp\/v2\/posts\/133056"}],"collection":[{"href":"https:\/\/www.bibula.com\/index.php?rest_route=\/wp\/v2\/posts"}],"about":[{"href":"https:\/\/www.bibula.com\/index.php?rest_route=\/wp\/v2\/types\/post"}],"author":[{"embeddable":true,"href":"https:\/\/www.bibula.com\/index.php?rest_route=\/wp\/v2\/users\/1"}],"replies":[{"embeddable":true,"href":"https:\/\/www.bibula.com\/index.php?rest_route=%2Fwp%2Fv2%2Fcomments&post=133056"}],"version-history":[{"count":8,"href":"https:\/\/www.bibula.com\/index.php?rest_route=\/wp\/v2\/posts\/133056\/revisions"}],"predecessor-version":[{"id":133064,"href":"https:\/\/www.bibula.com\/index.php?rest_route=\/wp\/v2\/posts\/133056\/revisions\/133064"}],"wp:attachment":[{"href":"https:\/\/www.bibula.com\/index.php?rest_route=%2Fwp%2Fv2%2Fmedia&parent=133056"}],"wp:term":[{"taxonomy":"category","embeddable":true,"href":"https:\/\/www.bibula.com\/index.php?rest_route=%2Fwp%2Fv2%2Fcategories&post=133056"},{"taxonomy":"post_tag","embeddable":true,"href":"https:\/\/www.bibula.com\/index.php?rest_route=%2Fwp%2Fv2%2Ftags&post=133056"}],"curies":[{"name":"wp","href":"https:\/\/api.w.org\/{rel}","templated":true}]}}