{"id":133004,"date":"2022-04-06T13:37:51","date_gmt":"2022-04-06T17:37:51","guid":{"rendered":"https:\/\/www.bibula.com\/?p=133004"},"modified":"2022-04-06T13:37:51","modified_gmt":"2022-04-06T17:37:51","slug":"wloski-abp-twierdzi-ze-zydzi-nie-musza-wierzyc-w-chrystusa-by-osiagnac-zbawienie","status":"publish","type":"post","link":"https:\/\/www.bibula.com\/?p=133004","title":{"rendered":"W\u0142oski abp twierdzi, \u017ce \u017cydzi nie musz\u0105 wierzy\u0107 w Chrystusa, by osi\u0105gn\u0105\u0107 zbawienie"},"content":{"rendered":"<p class=\"has-drop-cap\">Bruno Forte, arcybiskup archidiecezji Chieti-Vasto twierdzi, \u017ce \u017cydzi nie musz\u0105 uwierzy\u0107 w Chrystusa, aby osi\u0105gn\u0105\u0107 zbawienie. Hierarcha nie tylko g\u0142osi herezje, ale te\u017c wzywa do zaprzestania pr\u00f3b nawracania wyznawc\u00f3w judaizmu na \u015bwi\u0119t\u0105 wiar\u0119 katolick\u0105.<\/p>\r\n<p>Abp Forte wyg\u0142osi\u0142 sw\u00f3j postulat podczas poniedzia\u0142kowej konferencji na Papieskim Uniwersytecie \u015aw. Tomasza z Akwinu w Rzymie. Jak przekonywa\u0142 hierarcha, nale\u017cy \u201eoczy\u015bci\u0107 z wszelkiej formy antysemityzmu\u201d \u015brodowiska zaanga\u017cowane w \u201e\u017cydowsko-katolicki 'dialog mi\u0119dzyreligijny&#8217;\u201d. W zwi\u0105zku z tym nale\u017cy \u2013 wed\u0142ug abpa Forte \u2013 przesta\u0107 twierdzi\u0107, \u017ce \u017cydzi musz\u0105 przyj\u0105\u0107 wiar\u0119 w Chrystusa \u201ejako norm\u0119 zbawienia\u201d.<\/p>\r\n<p>Jest to sprzeczne z nauk\u0105 Ko\u015bcio\u0142a. Nie istniej\u0105 bowiem \u2013 jak to okre\u015bli\u0142 portal dorzeczy.pl \u2013 \u201edwa r\u00f3wnoleg\u0142e przymierza\u201d, by by\u0107 zbawionym bez przyj\u0119cia wiary nauczanej przez Chrystusa.<\/p>\r\n<p>\u2013 Izrael i Ko\u015bci\u00f3\u0142 s\u0105 wezwani, by chodzi\u0107 nie zmieszani, nawet je\u015bli s\u0105 nieroz\u0142\u0105czni. (\u2026) Idea pojednania na drodze definitywnie przezwyci\u0119\u017ca zatem wszelk\u0105 teori\u0119 substytucji, zgodnie z kt\u00f3r\u0105 Ko\u015bci\u00f3\u0142 zaj\u0105\u0142 miejsce Izraela w boskim planie zbawienia \u2013 przekonywa\u0142 w\u0142oski arcybiskup.<\/p>\r\n<p>Nast\u0119pnie, cytuj\u0105c dokument \u201ePomi\u0119dzy Rzymem a&nbsp;Jerozolim\u0105\u201d z 2016 roku, wezwa\u0142 do \u201ezako\u0144czenia aktywnej misji wobec \u017cyd\u00f3w\u201d.<\/p>\r\n<p>P\u00f3\u017aniej, podczas zadawania pyta\u0144, osoba z publiczno\u015bci zakwestionowa\u0142a b\u0142\u0119dy arcybiskupa. Chodzi o nazwanie \u201eform\u0105 antysemityzmu\u201d kwesti\u0119 nawracania \u017cyd\u00f3w. Stoi to w sprzeczno\u015bci z wezwaniem wprost do tej misji w Ewangelii. Hierarcha odpowiedzia\u0142 infantylnie, \u017ce je\u015bli chrze\u015bcijanie kochaj\u0105 Jezusa, kt\u00f3ry by\u0142 \u017bydem, to musz\u0105 te\u017c kocha\u0107 \u201eswoich \u017cydowskich braci\u201d.<\/p>\r\n<p><em>dorzeczy.pl \/ kontrrewolucja.net<\/em><\/p>","protected":false},"excerpt":{"rendered":"Bruno Forte, arcybiskup archidiecezji Chieti-Vasto twierdzi, \u017ce \u017cydzi nie musz\u0105 uwierzy\u0107 w Chrystusa, aby osi\u0105gn\u0105\u0107 zbawienie. Hierarcha nie tylko g\u0142osi herezje, ale te\u017c wzywa do zaprzestania pr\u00f3b nawracania wyznawc\u00f3w judaizmu na \u015bwi\u0119t\u0105 wiar\u0119 katolick\u0105. Abp Forte wyg\u0142osi\u0142 sw\u00f3j postulat podczas poniedzia\u0142kowej konferencji na Papieskim Uniwersytecie \u015aw. Tomasza z Akwinu w Rzymie. Jak przekonywa\u0142 hierarcha, nale\u017cy [&hellip;]","protected":false},"author":1,"featured_media":0,"comment_status":"closed","ping_status":"closed","sticky":false,"template":"","format":"standard","meta":{"_acf_changed":false,"_monsterinsights_skip_tracking":false,"_monsterinsights_sitenote_active":false,"_monsterinsights_sitenote_note":"","_monsterinsights_sitenote_category":0,"ngg_post_thumbnail":0,"footnotes":"","_wp_rev_ctl_limit":""},"categories":[13],"tags":[207,101,33],"acf":[],"_links":{"self":[{"href":"https:\/\/www.bibula.com\/index.php?rest_route=\/wp\/v2\/posts\/133004"}],"collection":[{"href":"https:\/\/www.bibula.com\/index.php?rest_route=\/wp\/v2\/posts"}],"about":[{"href":"https:\/\/www.bibula.com\/index.php?rest_route=\/wp\/v2\/types\/post"}],"author":[{"embeddable":true,"href":"https:\/\/www.bibula.com\/index.php?rest_route=\/wp\/v2\/users\/1"}],"replies":[{"embeddable":true,"href":"https:\/\/www.bibula.com\/index.php?rest_route=%2Fwp%2Fv2%2Fcomments&post=133004"}],"version-history":[{"count":1,"href":"https:\/\/www.bibula.com\/index.php?rest_route=\/wp\/v2\/posts\/133004\/revisions"}],"predecessor-version":[{"id":133005,"href":"https:\/\/www.bibula.com\/index.php?rest_route=\/wp\/v2\/posts\/133004\/revisions\/133005"}],"wp:attachment":[{"href":"https:\/\/www.bibula.com\/index.php?rest_route=%2Fwp%2Fv2%2Fmedia&parent=133004"}],"wp:term":[{"taxonomy":"category","embeddable":true,"href":"https:\/\/www.bibula.com\/index.php?rest_route=%2Fwp%2Fv2%2Fcategories&post=133004"},{"taxonomy":"post_tag","embeddable":true,"href":"https:\/\/www.bibula.com\/index.php?rest_route=%2Fwp%2Fv2%2Ftags&post=133004"}],"curies":[{"name":"wp","href":"https:\/\/api.w.org\/{rel}","templated":true}]}}