{"id":13290,"date":"2009-08-25T13:16:38","date_gmt":"2009-08-25T18:16:38","guid":{"rendered":"http:\/\/www.bibula.com\/?p=13290"},"modified":"2009-08-25T13:19:35","modified_gmt":"2009-08-25T18:19:35","slug":"rzad-izraela-przyznaje-ponad-tysiac-procesow-w-europie-przeciwko-wladzom-izraela-i-armii","status":"publish","type":"post","link":"https:\/\/www.bibula.com\/?p=13290","title":{"rendered":"Rz\u0105d Izraela przyznaje: ponad tysi\u0105c proces\u00f3w w Europie przeciwko w\u0142adzom Izraela i armii"},"content":{"rendered":"<p>Rz\u0105d Izraela wyrazi\u0142  poczucie zagro\u017cenia przyznaj\u0105c, \u017ce w chwili obecnej w r\u00f3\u017cnych krajach Europy rozpocz\u0119tych zosta\u0142o oko\u0142o tysi\u0105ca proces\u00f3w przeciwko w\u0142adzom Izraela i izraelskim si\u0142om zbrojnym IDF.<\/p>\r\n\r\n<p>Minister Spraw Zagranicznych Izraela, Avigdor Lieberman podkre\u015bli\u0142, \u017ce &#8222;tylko dw\u00f3ch prawnik\u00f3w&#8221; zosta\u0142o skierowanych do pracy nad tym zagadnieniem.<\/p>\r\n\r\n<p>W wielu krajach Europy pojawienie si\u0119 wy\u017cszych dow\u00f3dc\u00f3w wojskowych armii izraelskiej IDF oraz obecnych i by\u0142ych przyw\u00f3dc\u00f3w pa\u0144stwowych, mo\u017ce zaowocowa\u0107 natychmiastowym ich aresztowaniem i postawieniem przed s\u0105dem.<\/p>\r\n\r\n<p>W\u0142adze Izraela i dow\u00f3dcy armii izraelskiej, zwanej eufemistycznie &#8222;Izraelskimi Si\u0142ami Obronnymi&#8221;, oskar\u017cone s\u0105 o dokonanie wielu zbrodni wojennych i akt\u00f3w ludob\u00f3jstwa. Przy zostosowaniu obiektywnych procedur, wielu przedstawicieli w\u0142adz i armii izraelskiej zostaliby na podstawie znanych i doskonale udokumentowanych fakt\u00f3w, uznani przez niezawis\u0142y trybuna\u0142 mi\u0119dzynarodowy winnymi i skazani na najwy\u017csze wyroki, a przy zostosowaniu sprawiedliwo\u015bci spo\u0142ecznej, na kary \u015bmierci.<\/p>","protected":false},"excerpt":{"rendered":"Rz\u0105d Izraela wyrazi\u0142 poczucie zagro\u017cenia przyznaj\u0105c, \u017ce w chwili obecnej w r\u00f3\u017cnych krajach Europy rozpocz\u0119tych zosta\u0142o oko\u0142o tysi\u0105ca proces\u00f3w przeciwko w\u0142adzom Izraela i izraelskim si\u0142om zbrojnym IDF. Minister Spraw Zagranicznych Izraela, Avigdor Lieberman podkre\u015bli\u0142, \u017ce &#8222;tylko dw\u00f3ch prawnik\u00f3w&#8221; zosta\u0142o skierowanych do pracy nad tym zagadnieniem. W wielu krajach Europy pojawienie si\u0119 wy\u017cszych dow\u00f3dc\u00f3w wojskowych armii [&hellip;]","protected":false},"author":1,"featured_media":0,"comment_status":"closed","ping_status":"closed","sticky":false,"template":"","format":"standard","meta":{"_acf_changed":false,"_monsterinsights_skip_tracking":false,"_monsterinsights_sitenote_active":false,"_monsterinsights_sitenote_note":"","_monsterinsights_sitenote_category":0,"ngg_post_thumbnail":0,"footnotes":"","_wp_rev_ctl_limit":""},"categories":[6],"tags":[114,23,61],"acf":[],"_links":{"self":[{"href":"https:\/\/www.bibula.com\/index.php?rest_route=\/wp\/v2\/posts\/13290"}],"collection":[{"href":"https:\/\/www.bibula.com\/index.php?rest_route=\/wp\/v2\/posts"}],"about":[{"href":"https:\/\/www.bibula.com\/index.php?rest_route=\/wp\/v2\/types\/post"}],"author":[{"embeddable":true,"href":"https:\/\/www.bibula.com\/index.php?rest_route=\/wp\/v2\/users\/1"}],"replies":[{"embeddable":true,"href":"https:\/\/www.bibula.com\/index.php?rest_route=%2Fwp%2Fv2%2Fcomments&post=13290"}],"version-history":[{"count":0,"href":"https:\/\/www.bibula.com\/index.php?rest_route=\/wp\/v2\/posts\/13290\/revisions"}],"wp:attachment":[{"href":"https:\/\/www.bibula.com\/index.php?rest_route=%2Fwp%2Fv2%2Fmedia&parent=13290"}],"wp:term":[{"taxonomy":"category","embeddable":true,"href":"https:\/\/www.bibula.com\/index.php?rest_route=%2Fwp%2Fv2%2Fcategories&post=13290"},{"taxonomy":"post_tag","embeddable":true,"href":"https:\/\/www.bibula.com\/index.php?rest_route=%2Fwp%2Fv2%2Ftags&post=13290"}],"curies":[{"name":"wp","href":"https:\/\/api.w.org\/{rel}","templated":true}]}}