{"id":132834,"date":"2022-04-03T16:52:53","date_gmt":"2022-04-03T20:52:53","guid":{"rendered":"https:\/\/www.bibula.com\/?p=132834"},"modified":"2022-04-03T16:52:53","modified_gmt":"2022-04-03T20:52:53","slug":"w-zyciu-nie-wszystko-jest-czarne-albo-biale","status":"publish","type":"post","link":"https:\/\/www.bibula.com\/?p=132834","title":{"rendered":"W \u017cyciu nie wszystko jest czarne, albo bia\u0142e"},"content":{"rendered":"<p class=\"has-drop-cap\">Kilkana\u015bcie dni temu w przestrzeni publicznej Poznania pojawi\u0142y si\u0119 \u201espontaniczne\u201d wyrazy poparcia dla Ukrainy. Cz\u0119\u015b\u0107 z nich faktycznie mia\u0142a charakter oddolny, inne za\u015b za spontaniczno\u015bci\u0105 mia\u0142y tyle wsp\u00f3lnego co spontaniczne wiece w zak\u0142adach pracy w zesz\u0142ym, s\u0142usznie minionym ustroju. Jednym, z przejaw\u00f3w \u201espontaniczno\u015bci\u201d tego drugiego rodzaju by\u0142 mural, kt\u00f3ry w\u0142odarze grodu Przemys\u0142a ufundowali ku uciesze swych wyborc\u00f3w. Do\u015b\u0107 prza\u015bny w formie, jednak dono\u015bny w przekazie. Wiadomo \u2013 Pozna\u0144 murem za Ukrain\u0105.<\/p>\r\n<p>&nbsp;<\/p>\r\n<p><img fetchpriority=\"high\" decoding=\"async\" class=\" wp-image-9063 aligncenter\" src=\"https:\/\/myslpolska.info\/wp-content\/uploads\/2022\/04\/nie-wszyko-jest-czrne.jpg\" sizes=\"(max-width: 595px) 100vw, 595px\" srcset=\"https:\/\/myslpolska.info\/wp-content\/uploads\/2022\/04\/nie-wszyko-jest-czrne.jpg 595w, https:\/\/myslpolska.info\/wp-content\/uploads\/2022\/04\/nie-wszyko-jest-czrne-320x221.jpg 320w\" alt=\"\" width=\"760\" height=\"525\"><\/p>\r\n<p style=\"text-align: center;\"><em>Mural w Poznaniu zosta\u0142 spontanicznie ulepszony<\/em><\/p>\r\n<p>&nbsp;<\/p>\r\n<p>Tymczasem min\u0119\u0142o kilka dni a nieznani sprawcy postanowili ulepszy\u0107 inkryminowane dzie\u0142o. Dopisali wi\u0119c napis \u201eW \u017cyciu nie wszystko jest czarne, albo bia\u0142e\u201d i dodali kilka nieobyczajnych s\u0142\u00f3w na temat \u201ebatalionu Azow\u201d. To ostatnie zreszt\u0105 w\u0142adzom Poznania powinno si\u0119 raczej spodoba\u0107. Nie do\u015b\u0107, \u017ce same u\u017cywaj\u0105 wulgaryzm\u00f3w jako \u015brodka zwi\u0119kszaj\u0105cego ekspresj\u0119 wypowiedzi, to na okr\u0105g\u0142o walcz\u0105 z urojonym faszyzmem. Tymczasem faszyzmu ca\u0142kiem realnego, a nawet nazizmu, w \u201eAzowie\u201d jest pod dostatkiem.<\/p>\r\n<p>Pomimo tego napisy zosta\u0142y zamalowane. Wida\u0107 spontaniczne ulepszenie spontanicznej formy poparcia dla Ukrainy przekroczy\u0142o dopuszczalny przez pozna\u0144ski magistrat poziom spontaniczno\u015bci.<\/p>\r\n<p>&nbsp;<\/p>\r\n<p><img decoding=\"async\" class=\" wp-image-9064 aligncenter\" src=\"https:\/\/myslpolska.info\/wp-content\/uploads\/2022\/04\/Azov_Battalion_Nazis.jpeg\" sizes=\"(max-width: 640px) 100vw, 640px\" srcset=\"https:\/\/myslpolska.info\/wp-content\/uploads\/2022\/04\/Azov_Battalion_Nazis.jpeg 640w, https:\/\/myslpolska.info\/wp-content\/uploads\/2022\/04\/Azov_Battalion_Nazis-320x182.jpeg 320w, https:\/\/myslpolska.info\/wp-content\/uploads\/2022\/04\/Azov_Battalion_Nazis-600x340.jpeg 600w\" alt=\"\" width=\"758\" height=\"430\"><\/p>\r\n<p style=\"text-align: center;\"><em>W batalionie Azow kult solarny jest silnie zakorzeniony<\/em><\/p>\r\n<p>&nbsp;<\/p>\r\n<p>Pomimo oczywistego komizmu ca\u0142a sytuacja jest jednak symptomatyczna. Jak twierdz\u0105 uczeni adepci socjometrii i m\u0105drzy spece od PR, fala spo\u0142ecznego entuzjazmu trwa zazwyczaj 4 do 6 tygodni, osi\u0105gaj\u0105c apogeum w tygodniu drugim lub trzecim. Zatem wszystko wskazuje na to, \u017ce czas masowego amoku powoli mija. To dobra wiadomo\u015b\u0107. Mo\u017ce za klika tygodni b\u0119dziemy jako spo\u0142ecze\u0144stwo zdolni do nieco bardziej racjonalnego postrzegania rzeczywisto\u015bci. Nieco. W ko\u0144cu rozum, nigdy nie by\u0142 nasz\u0105 przesadnie mocn\u0105 stron\u0105.<\/p>\r\n<p><em><strong>Przemys\u0142aw Piasta<\/strong><\/em><\/p>","protected":false},"excerpt":{"rendered":"Kilkana\u015bcie dni temu w przestrzeni publicznej Poznania pojawi\u0142y si\u0119 \u201espontaniczne\u201d wyrazy poparcia dla Ukrainy. Cz\u0119\u015b\u0107 z nich faktycznie mia\u0142a charakter oddolny, inne za\u015b za spontaniczno\u015bci\u0105 mia\u0142y tyle wsp\u00f3lnego co spontaniczne wiece w zak\u0142adach pracy w zesz\u0142ym, s\u0142usznie minionym ustroju. Jednym, z przejaw\u00f3w \u201espontaniczno\u015bci\u201d tego drugiego rodzaju by\u0142 mural, kt\u00f3ry w\u0142odarze grodu Przemys\u0142a ufundowali ku uciesze [&hellip;]","protected":false},"author":1,"featured_media":0,"comment_status":"closed","ping_status":"closed","sticky":false,"template":"","format":"standard","meta":{"_acf_changed":false,"_monsterinsights_skip_tracking":false,"ngg_post_thumbnail":0,"footnotes":"","_wp_rev_ctl_limit":""},"categories":[13],"tags":[16,98,29,20,167],"acf":[],"_links":{"self":[{"href":"https:\/\/www.bibula.com\/index.php?rest_route=\/wp\/v2\/posts\/132834"}],"collection":[{"href":"https:\/\/www.bibula.com\/index.php?rest_route=\/wp\/v2\/posts"}],"about":[{"href":"https:\/\/www.bibula.com\/index.php?rest_route=\/wp\/v2\/types\/post"}],"author":[{"embeddable":true,"href":"https:\/\/www.bibula.com\/index.php?rest_route=\/wp\/v2\/users\/1"}],"replies":[{"embeddable":true,"href":"https:\/\/www.bibula.com\/index.php?rest_route=%2Fwp%2Fv2%2Fcomments&post=132834"}],"version-history":[{"count":1,"href":"https:\/\/www.bibula.com\/index.php?rest_route=\/wp\/v2\/posts\/132834\/revisions"}],"predecessor-version":[{"id":132835,"href":"https:\/\/www.bibula.com\/index.php?rest_route=\/wp\/v2\/posts\/132834\/revisions\/132835"}],"wp:attachment":[{"href":"https:\/\/www.bibula.com\/index.php?rest_route=%2Fwp%2Fv2%2Fmedia&parent=132834"}],"wp:term":[{"taxonomy":"category","embeddable":true,"href":"https:\/\/www.bibula.com\/index.php?rest_route=%2Fwp%2Fv2%2Fcategories&post=132834"},{"taxonomy":"post_tag","embeddable":true,"href":"https:\/\/www.bibula.com\/index.php?rest_route=%2Fwp%2Fv2%2Ftags&post=132834"}],"curies":[{"name":"wp","href":"https:\/\/api.w.org\/{rel}","templated":true}]}}