{"id":131255,"date":"2022-02-08T14:05:34","date_gmt":"2022-02-08T19:05:34","guid":{"rendered":"https:\/\/www.bibula.com\/?p=131255"},"modified":"2022-02-08T14:05:34","modified_gmt":"2022-02-08T19:05:34","slug":"szwecja-odbiorcow-dezinformacji-otocza-opieka-psychologiczna","status":"publish","type":"post","link":"https:\/\/www.bibula.com\/?p=131255","title":{"rendered":"Szwecja: odbiorc\u00f3w \u201edezinformacji\u201d otocz\u0105 \u201eopiek\u0105 psychologiczn\u0105\u201d"},"content":{"rendered":"<p class=\"has-drop-cap\">Szwedzki rz\u0105d uruchomi\u0142 <a href=\"https:\/\/www.msb.se\/psykologisktforsvar\"><span style=\"text-decoration: underline;\">Agencj\u0119 Obrony Psychologicznej<\/span><\/a> (szw. <em>Myndigheten f\u00f6r psykologiskt f\u00f6rsvar<\/em>), dzia\u0142aj\u0105c\u0105 w ramach podporz\u0105dkowanej premierowi Agencji Sytuacji Nadzwyczajnych (MSB). We wrze\u015bniu tego roku w kraju odb\u0119d\u0105 si\u0119 wybory parlamentarne. Ju\u017c teraz pojawiaj\u0105 si\u0119 g\u0142osy, \u017ce nowa instytucja zaw\u0119\u017ca\u0107 b\u0119dzie pole debaty publicznej.<\/p>\r\n<h4>Powr\u00f3t zimnej wojny<\/h4>\r\n<p>Oczywi\u015bcie, uruchomienie agencji zwi\u0105zane jest z militaryzacj\u0105 dyskursu publicznego w\u0142adz szwedzkich, przypominaj\u0105cego t\u0105 z okresu zimnej wojny. Dodatkowo, coraz cz\u0119\u015bciej pojawiaj\u0105 si\u0119 g\u0142osy atlantyst\u00f3w postuluj\u0105cych cz\u0142onkostwo neutralnego skandynawskiego kr\u00f3lestwa w NATO.<\/p>\r\n<p>Formalnie Agencja Obrony Psychologicznej ma zajmowa\u0107 si\u0119 zwalczaniem \u201edezinformacji\u201d, a co najmniej odnotowywaniem jej przypadk\u00f3w. Wiceszef tej nowej struktury, <strong>Magnus Hjort<\/strong> <a href=\"https:\/\/www.theguardian.com\/world\/2022\/feb\/06\/sweden-returns-to-cold-war-tactics-to-battle-fake-news\"><span style=\"text-decoration: underline;\">stwierdzi\u0142<\/span><\/a>, \u017ce <em>\u201ePa\u0144stwa autorytarne od kilku lat pr\u00f3buj\u0105 wp\u0142ywa\u0107 na wybory. R\u00f3\u017cnica polega na tym, \u017ce obecnie za po\u015brednictwem medi\u00f3w spo\u0142eczno\u015bciowych mo\u017cliwo\u015bci wp\u0142ywania na ludzi s\u0105 wi\u0119ksze. Dlatego musimy mie\u0107 mo\u017cliwo\u015b\u0107 monitorowania ingerencji w nasz\u0105 demokracj\u0119\u201d<\/em>.<\/p>\r\n<h4>Nowa cenzura?<\/h4>\r\n<p>Agencja ma nie tylko monitorowa\u0107, ale i przeciwdzia\u0142a\u0107 \u201edezinformacjom\u201d mog\u0105cym wp\u0142yn\u0105\u0107 na zachowania polityczne. Ma jednak r\u00f3wnie\u017c otacza\u0107 niesprecyzowan\u0105 \u201eopiek\u0105 psychologiczn\u0105\u201d ofiary \u201edezinformacji\u201d. \u201e<em>Musimy mie\u0107 instytucj\u0119 zdoln\u0105 to identyfikowania i przeciwdzia\u0142ania tym zagro\u017ceniom i dlatego zak\u0142adamy agencj\u0119 obrony psychologicznej w Szwecji\u201d <\/em>\u2013 zapewnia Hjort.<\/p>\r\n<p>Powstanie tej struktury budzi jednak powa\u017cne w\u0105tpliwo\u015bci r\u00f3wnie\u017c w\u015br\u00f3d politolog\u00f3w i ekspert\u00f3w g\u0142\u00f3wnego nurtu, bliskich opcji euroatlantyckiej. Wsp\u00f3\u0142pracownik Europejskiej Rady Stosunk\u00f3w Mi\u0119dzynarodowych <strong>Mats Engstr\u00f6m<\/strong> zauwa\u017ca, \u017ce agencja b\u0119dzie musia\u0142a <em>\u201epost\u0119powa\u0107 bardzo ostro\u017cnie w kontrowersyjnych kwestiach, by nie powsta\u0142o wra\u017cenie, \u017ce stara si\u0119 zag\u0142usza\u0107 g\u0142osy krytyki. Nawet je\u015bli w swoich wytycznych pisze, \u017ce promowa\u0107 b\u0119dzie wolno\u015b\u0107 s\u0142owa, okre\u015blenie granic jest to nie\u0142atwe\u201d<\/em>.<\/p>\r\n<h4>Przygotowania do NATO<\/h4>\r\n<p>W rzeczywisto\u015bci, w kontek\u015bcie retoryki szwedzkiego <em>establishmentu<\/em>, mo\u017cna za\u0142o\u017cy\u0107, \u017ce nowo powo\u0142ana agencja zajmowa\u0107 b\u0119dzie si\u0119 w pierwszej kolejno\u015bci dzia\u0142aniami na rzecz ograniczenia wolno\u015bci s\u0142owa, przede wszystkim w sferze dyskusji nad kierunkami polityki zagranicznej i obronnej. Mo\u017ce to stanowi\u0107 element przygotowa\u0144 do porzucenia przez ten skandynawski kraj wieloletniej tradycji neutralno\u015bci ma rzecz instytucjonalnego zbli\u017cenia z NATO. Aby krok ten zyska\u0142 legitymizacj\u0119, niezb\u0119dne jest usuni\u0119cie g\u0142os\u00f3w potencjalnej krytyki.<\/p>\r\n<p><em>MP<\/em><\/p>\r\n<p class=\"zrodlo\">Za: <a href=\"https:\/\/myslpolska.info\/2022\/02\/08\/szwecja-odbiorcow-dezinformacji-otocza-opieka-psychologiczna\/\">My\u015bl Polska (08-02-2022)<\/a><\/p>","protected":false},"excerpt":{"rendered":"Szwedzki rz\u0105d uruchomi\u0142 Agencj\u0119 Obrony Psychologicznej (szw. Myndigheten f\u00f6r psykologiskt f\u00f6rsvar), dzia\u0142aj\u0105c\u0105 w ramach podporz\u0105dkowanej premierowi Agencji Sytuacji Nadzwyczajnych (MSB). We wrze\u015bniu tego roku w kraju odb\u0119d\u0105 si\u0119 wybory parlamentarne. Ju\u017c teraz pojawiaj\u0105 si\u0119 g\u0142osy, \u017ce nowa instytucja zaw\u0119\u017ca\u0107 b\u0119dzie pole debaty publicznej. Powr\u00f3t zimnej wojny Oczywi\u015bcie, uruchomienie agencji zwi\u0105zane jest z militaryzacj\u0105 dyskursu publicznego [&hellip;]","protected":false},"author":1,"featured_media":0,"comment_status":"closed","ping_status":"closed","sticky":false,"template":"","format":"standard","meta":{"_acf_changed":false,"_monsterinsights_skip_tracking":false,"_monsterinsights_sitenote_active":false,"_monsterinsights_sitenote_note":"","_monsterinsights_sitenote_category":0,"ngg_post_thumbnail":0,"footnotes":"","_wp_rev_ctl_limit":""},"categories":[13,6],"tags":[16,136,20,205],"acf":[],"_links":{"self":[{"href":"https:\/\/www.bibula.com\/index.php?rest_route=\/wp\/v2\/posts\/131255"}],"collection":[{"href":"https:\/\/www.bibula.com\/index.php?rest_route=\/wp\/v2\/posts"}],"about":[{"href":"https:\/\/www.bibula.com\/index.php?rest_route=\/wp\/v2\/types\/post"}],"author":[{"embeddable":true,"href":"https:\/\/www.bibula.com\/index.php?rest_route=\/wp\/v2\/users\/1"}],"replies":[{"embeddable":true,"href":"https:\/\/www.bibula.com\/index.php?rest_route=%2Fwp%2Fv2%2Fcomments&post=131255"}],"version-history":[{"count":2,"href":"https:\/\/www.bibula.com\/index.php?rest_route=\/wp\/v2\/posts\/131255\/revisions"}],"predecessor-version":[{"id":131257,"href":"https:\/\/www.bibula.com\/index.php?rest_route=\/wp\/v2\/posts\/131255\/revisions\/131257"}],"wp:attachment":[{"href":"https:\/\/www.bibula.com\/index.php?rest_route=%2Fwp%2Fv2%2Fmedia&parent=131255"}],"wp:term":[{"taxonomy":"category","embeddable":true,"href":"https:\/\/www.bibula.com\/index.php?rest_route=%2Fwp%2Fv2%2Fcategories&post=131255"},{"taxonomy":"post_tag","embeddable":true,"href":"https:\/\/www.bibula.com\/index.php?rest_route=%2Fwp%2Fv2%2Ftags&post=131255"}],"curies":[{"name":"wp","href":"https:\/\/api.w.org\/{rel}","templated":true}]}}