{"id":13099,"date":"2009-08-21T10:56:42","date_gmt":"2009-08-21T15:56:42","guid":{"rendered":"http:\/\/www.bibula.com\/?p=13099"},"modified":"2009-08-21T10:56:42","modified_gmt":"2009-08-21T15:56:42","slug":"inwazja-islamu-to-zagrozenie-dla-europy","status":"publish","type":"post","link":"https:\/\/www.bibula.com\/?p=13099","title":{"rendered":"Inwazja islamu to zagro\u017cenie dla Europy"},"content":{"rendered":"<p><em><strong>Z prof. Brunonem Gollnischem, wiceprzewodnicz\u0105cym Frontu Narodowego, rozmawia Franciszek L. \u00c4\u2020wik<\/strong><\/em><br \/>\r\n<br \/>\r\n<strong>Wydaje si\u0119, \u017ce po raz kolejny w\u0142adze francuskie bagatelizuj\u0105 widoczny wzrost fanatycznego islamu. Czy rzeczywi\u015bcie problem burki dotyczy zaledwie kilkuset kobiet we Francji?<\/strong><br \/>\r\n&#8211; Jest to ewidentne k\u0142amstwo. Wystarczy przej\u015b\u0107 si\u0119 ulicami podparyskich miast, by zobaczy\u0107, \u017ce jest to nieprawda. Coraz cz\u0119\u015bciej wida\u0107 kobiety nosz\u0105ce tradycyjne islamskie stroje, co \u015bwiadczy o inwazji islamu we Francji.<br \/>\r\n<br \/>\r\n<strong>Jakie s\u0105 tego przyczyny?<\/strong><br \/>\r\n&#8211; Przede wszystkim, niekontrolowana, masowa imigracja, kt\u00f3ra w przypadku Francji dotyczy g\u0142\u00f3wnie ludno\u015bci muzu\u0142ma\u0144skiej. Pomaga temu prowadzona od dziesi\u0119cioleci polityka ruguj\u0105ca religi\u0119 katolick\u0105 z \u017cycia spo\u0142ecznego. Doprowadzono do zepchni\u0119cia Ko\u015bcio\u0142a katolickiego do zakrystii i do ze\u015bwiecczenia spo\u0142ecze\u0144stwa. Okazuje si\u0119 jednak, \u017ce ludzie wci\u0105\u017c stawiaj\u0105 sobie pytanie o sens \u017cycia, na kt\u00f3re nie mog\u0105 im udzieli\u0107 odpowiedzi \u015bwiecka szko\u0142a i zlaicyzowane \u015brodki masowego przekazu. W t\u0119 pr\u00f3\u017cni\u0119 trafia islam, najcz\u0119\u015bciej ten skrajny. Dlatego mamy przypadki &#8222;nawr\u00f3ce\u0144&#8221;, dotycz\u0105ce os\u00f3b, kt\u00f3re albo nie maj\u0105 w og\u00f3le kontaktu z religi\u0105 katolick\u0105, albo ten kontakt jest bardzo znikomy. Trzeba jasno powiedzie\u0107, \u017ce twierdzenie, jakoby tylko ten skrajny islam by\u0142 gro\u017any, a ten &#8222;umiarkowany&#8221; by\u0142 r\u00f3wnie dobry, jak ka\u017cda inna religia (czytaj katolicka), jest b\u0142\u0119dne. <br \/>\r\n<br \/>\r\n<strong>Na czym polega niebezpiecze\u0144stwo islamu dla Francji i Europy?<\/strong><br \/>\r\n&#8211; Francja i Europa maj\u0105 chrze\u015bcija\u0144skie korzenie. Wszystko, co stworzono w Europie, to, na czym ona si\u0119 opiera, jej dorobek intelektualny i materialny, wyp\u0142ywa z chrze\u015bcija\u0144stwa. Bez niego nie by\u0142oby Europy takiej, jak\u0105 znamy. Islam jest wrogi chrze\u015bcija\u0144stwu, wrogi naszym poj\u0119ciom praw cz\u0142owieka, wrogi koncepcji naszej demokracji. Dlatego jest niebezpieczny.<br \/>\r\n<br \/>\r\n<strong>Czy rz\u0105dz\u0105cy Francj\u0105 wci\u0105\u017c nie zdaj\u0105 sobie z tego sprawy? <\/strong><br \/>\r\n&#8211; Nadal obowi\u0105zuje zasada laicko\u015bci pa\u0144stwa i b\u0142\u0119dne my\u015blenie, \u017ce laicka Republika wyeliminuje religi\u0119 z \u017cycia obywateli. Okazuje si\u0119, \u017ce to, co w du\u017cym stopniu uda\u0142o si\u0119 zrobi\u0107 w stosunku do chrze\u015bcija\u0144stwa, nie udaje si\u0119 w stosunku do islamu, kt\u00f3ry staje si\u0119 coraz bardziej agresywny wobec pa\u0144stwa i kt\u00f3ry narzuca swoje prawa i obyczaje.<br \/>\r\n<br \/>\r\n<strong>Jakie s\u0105 mechanizmy takiej postawy?<\/strong><br \/>\r\n&#8211; Jest czym\u015b naturalnym, \u017ce muzu\u0142ma\u0144scy imigranci skupiaj\u0105 si\u0119 w swoich \u015brodowiskach. Islam jest ich dowodem to\u017csamo\u015bci, ich dum\u0105. Tak jest z ka\u017cd\u0105 imigracj\u0105. Problem w tym, \u017ce imigracje europejskie: w\u0142oska, polska czy hiszpa\u0144ska, asymiluj\u0105 si\u0119 we francuskim spo\u0142ecze\u0144stwie, bo kulturowo s\u0105 z nim bardzo blisko, czego nie mo\u017cna powiedzie\u0107 o imigracji afryka\u0144skiej. Dlatego pa\u0144stwowe programy integracji nie przynosz\u0105 efekt\u00f3w.<br \/>\r\n<br \/>\r\nCzy istnieje lobby walcz\u0105ce o to, by tego typu imigracja dociera\u0142a do Europy, by j\u0105 traktowa\u0107 bardzo \u0142agodnie, akceptuj\u0105c jej zachowania i zwyczaje, cz\u0119sto <strong>sprzeczne z obowi\u0105zuj\u0105cym prawem?<\/strong><br \/>\r\n&#8211; Oczywi\u015bcie. Wida\u0107 to bardzo dobrze w Parlamencie Europejskim. \u015awiadczy o tym popieranie przez wiele unijnych kraj\u00f3w planu wej\u015bcia Turcji do Unii Europejskiej. Dlatego we Francji bagatelizuje si\u0119 problem islamskiej burki, a mo\u017cna go przecie\u017c za\u0142atwi\u0107 w bardzo prosty spos\u00f3b ok\u00f3lnikiem ministra spraw wewn\u0119trznych zakazuj\u0105cym poruszania si\u0119 na ulicach z ca\u0142kowicie zakryt\u0105 g\u0142ow\u0105. Utrudnia\u0142oby to r\u00f3wnie\u017c organizowanie napad\u00f3w boj\u00f3wkarzom skrajnej lewicy ubranym w kominiarki. Obecnie bardzo trudno jest ich zidentyfikowa\u0107. We Francji obowi\u0105zuje nakaz noszenia przy sobie dowodu to\u017csamo\u015bci. Policja ma prawo wylegitymowa\u0107 obywatela i sprawdzi\u0107 jego to\u017csamo\u015b\u0107. Tymczasem nie mo\u017ce ona tego zrobi\u0107 w stosunku do kobiet nosz\u0105cych islamskie nakrycia g\u0142owy.<br \/>\r\n<br \/>\r\nDzi\u0119kuj\u0119 za rozmow\u0119.<\/p>","protected":false},"excerpt":{"rendered":"Z prof. Brunonem Gollnischem, wiceprzewodnicz\u0105cym Frontu Narodowego, rozmawia Franciszek L. \u00c4\u2020wik Wydaje si\u0119, \u017ce po raz kolejny w\u0142adze francuskie bagatelizuj\u0105 widoczny wzrost fanatycznego islamu. Czy rzeczywi\u015bcie problem burki dotyczy zaledwie kilkuset kobiet we Francji? &#8211; Jest to ewidentne k\u0142amstwo. Wystarczy przej\u015b\u0107 si\u0119 ulicami podparyskich miast, by zobaczy\u0107, \u017ce jest to nieprawda. Coraz cz\u0119\u015bciej wida\u0107 kobiety [&hellip;]","protected":false},"author":1,"featured_media":0,"comment_status":"closed","ping_status":"closed","sticky":false,"template":"","format":"standard","meta":{"_acf_changed":false,"_monsterinsights_skip_tracking":false,"_monsterinsights_sitenote_active":false,"_monsterinsights_sitenote_note":"","_monsterinsights_sitenote_category":0,"ngg_post_thumbnail":0,"footnotes":"","_wp_rev_ctl_limit":""},"categories":[9],"tags":[23,70],"acf":[],"_links":{"self":[{"href":"https:\/\/www.bibula.com\/index.php?rest_route=\/wp\/v2\/posts\/13099"}],"collection":[{"href":"https:\/\/www.bibula.com\/index.php?rest_route=\/wp\/v2\/posts"}],"about":[{"href":"https:\/\/www.bibula.com\/index.php?rest_route=\/wp\/v2\/types\/post"}],"author":[{"embeddable":true,"href":"https:\/\/www.bibula.com\/index.php?rest_route=\/wp\/v2\/users\/1"}],"replies":[{"embeddable":true,"href":"https:\/\/www.bibula.com\/index.php?rest_route=%2Fwp%2Fv2%2Fcomments&post=13099"}],"version-history":[{"count":0,"href":"https:\/\/www.bibula.com\/index.php?rest_route=\/wp\/v2\/posts\/13099\/revisions"}],"wp:attachment":[{"href":"https:\/\/www.bibula.com\/index.php?rest_route=%2Fwp%2Fv2%2Fmedia&parent=13099"}],"wp:term":[{"taxonomy":"category","embeddable":true,"href":"https:\/\/www.bibula.com\/index.php?rest_route=%2Fwp%2Fv2%2Fcategories&post=13099"},{"taxonomy":"post_tag","embeddable":true,"href":"https:\/\/www.bibula.com\/index.php?rest_route=%2Fwp%2Fv2%2Ftags&post=13099"}],"curies":[{"name":"wp","href":"https:\/\/api.w.org\/{rel}","templated":true}]}}