{"id":130642,"date":"2022-01-11T12:41:29","date_gmt":"2022-01-11T17:41:29","guid":{"rendered":"https:\/\/www.bibula.com\/?p=130642"},"modified":"2022-01-11T12:44:47","modified_gmt":"2022-01-11T17:44:47","slug":"potrojnie-zaszczepiony-brazylijski-komentator-traci-przytomnosc-przed-kamerami","status":"publish","type":"post","link":"https:\/\/www.bibula.com\/?p=130642","title":{"rendered":"Potr\u00f3jnie zaszczepiony brazylijski komentator traci przytomno\u015b\u0107 przed kamerami"},"content":{"rendered":"<p class=\"has-drop-cap\">Dziel\u0105cy si\u0119 z widzami wspania\u0142\u0105 wiadomo\u015bci\u0105 o przyj\u0119ciu trzeciej dawki &#8222;szczepionki&#8221;, brazylijski dziennikarz nagle upada przed kamerami, prowdz\u0105c program <em>Jornal das 7<\/em>.<\/p>\r\n<p>Rafael Silva, 36-latek, bez znanej historii chorobowej, przewieziony zostaje do szpitala, a w ambulansie mia\u0142 dozna\u0107 pi\u0119ciu (!) zawa\u0142\u00f3w.<\/p>\r\n<p>Wed\u0142ug wyja\u015bnienia <span style=\"text-decoration: underline;\"><a href=\"https:\/\/br.linkedin.com\/in\/kadu-lopes-18834a35\">Kadu Lopes<\/a><\/span>, producenta programu <em>TV Alterosa<\/em>, dziennikarz &#8222;<em>reaguje na udzielanie pierwszej pomocy i ju\u017c rusza r\u0119kami i nogami. Wed\u0142ug lekarzy to dobry znak. Ca\u0142y czas nie wiemy co si\u0119 z Rafaelem sta\u0142o<\/em>\u201d.<\/p>\r\n<p>\u017byczymy szybkiego powrotu do zdrowia.<\/p>\r\n<p>Kilka dni przed tym zdarzeniem, 28 grudnia 2021 r. celebryta chwali\u0142 si\u0119 na <span style=\"text-decoration: underline;\"><a href=\"https:\/\/twitter.com\/RafaJornalista\/status\/1475933394580217859\">Twitterze<\/a><\/span> przyj\u0119ciem <em>boostera<\/em>. Pisa\u0142: &#8222;<em>Niech \u017cyje trzecia dawka! \u017bal mi ludzi, kt\u00f3rzy nie maj\u0105 tej mo\u017cliwo\u015bci. Szczepionki ratuj\u0105 \u017cycie!<\/em>\u201d<\/p>\r\n<p>&nbsp;<\/p>\r\n<p><img fetchpriority=\"high\" decoding=\"async\" class=\"aligncenter\" src=\"https:\/\/thecovidworld.com\/wp-content\/uploads\/2022\/01\/xRafael-silva.jpg.pagespeed.ic.tuqIXqUXH9.webp\" width=\"619\" height=\"775\"><\/p>\r\n<p class=\"podpis_sz\" style=\"text-align: center;\"><em>Pic source: https:\/\/thecovidworld.com<\/em><\/p>\r\n<p>&nbsp;<\/p>\r\n<blockquote class=\"twitter-tweet\">\r\n<p dir=\"ltr\" lang=\"en\">Brazilian reporter Rafael Silva collapses on live TV after bragging about getting his third CCP booster shot, then suffers five heart attacks on the way to the hospital. Silva is 36 years old, healthy, with no known prior medical conditions. ?? <a href=\"https:\/\/t.co\/njuUUJnJOh\">pic.twitter.com\/njuUUJnJOh<\/a><\/p>\r\n\r\n\u2014 Pearson Sharp (@PearsonSharp) <a href=\"https:\/\/twitter.com\/PearsonSharp\/status\/1480619579139244033?ref_src=twsrc%5Etfw\">January 10, 2022<\/a><\/blockquote>\r\n<p><script async=\"\" src=\"https:\/\/platform.twitter.com\/widgets.js\" charset=\"utf-8\"><\/script><\/p>\r\n<p>&nbsp;<\/p>\r\n<p>Lekarze i media pr\u00f3buj\u0105 teraz zwali\u0107 win\u0119 na jakie\u015b wcze\u015bniejsze wady serca, kt\u00f3re &#8211; do momentu zawa\u0142u &#8211; nie zosta\u0142y wykryte, o kt\u00f3rych nikt nie wiedzia\u0142 i nikt nie bada\u0142. W ten spos\u00f3b mo\u017cna wyt\u0142umaczy\u0107 ka\u017cd\u0105 kondycj\u0119 chorobow\u0105 wynik\u0142\u0105 np. z niebezpiecznych preparat\u00f3w rozprowadzanych jako &#8222;szczepionki przeciwko Covid-19&#8221;. Przyczyna? Wcze\u015bniejsze wady: serca, m\u00f3zgu, p\u0142uc, oka, ucha, nogi &#8211; wszystkiego. To Tw\u00f3j organizm jest winny temu co si\u0119 dzieje! Po\u0142kn\u0105\u0142e\u015b arszenik, cyjanek? Nie, to nie trucizna spowodowa\u0142a \u015bmier\u0107, lecz winny jest tw\u00f3j organizm, kt\u00f3ry zareagowa\u0142 na &#8222;bezpieczne preparaty&#8221;.<\/p>\r\n<p>Oczywi\u015bcie \u017cadne g\u0142\u00f3wne media nie s\u0105 zainteresowane wyja\u015bnianiem zdarzenia, a nawet ich relacjonowaniem. &#8222;Dziennikarzy&#8221; nie obchodzi los ich kolegi-dziennikarza, gdy\u017c w przypadku natr\u0119tnej i niemoralnej propagandy gro\u017anego preparatu genetycznego, nie liczy si\u0119 nic, ani zdrowie, ani \u017cycie kogokolwiek. Liczy si\u0119 tylko agitacja.<\/p>\r\n<p>W przypadku zlikwidowania przez dbaj\u0105ce o wolno\u015b\u0107 s\u0142owa media spo\u0142eczno\u015bciowe, kopia filmu jest dost\u0119pna pod adresem: https:\/\/getvideobot.com\/video\/1480619579139244033<\/p>\r\n<p class=\"zrodlo\">Oprac. www.bibula.com<br>\r\n2022-01-11<\/p>","protected":false},"excerpt":{"rendered":"Dziel\u0105cy si\u0119 z widzami wspania\u0142\u0105 wiadomo\u015bci\u0105 o przyj\u0119ciu trzeciej dawki &#8222;szczepionki&#8221;, brazylijski dziennikarz nagle upada przed kamerami, prowdz\u0105c program Jornal das 7. Rafael Silva, 36-latek, bez znanej historii chorobowej, przewieziony zostaje do szpitala, a w ambulansie mia\u0142 dozna\u0107 pi\u0119ciu (!) zawa\u0142\u00f3w. Wed\u0142ug wyja\u015bnienia Kadu Lopes, producenta programu TV Alterosa, dziennikarz &#8222;reaguje na udzielanie pierwszej pomocy [&hellip;]","protected":false},"author":1,"featured_media":0,"comment_status":"closed","ping_status":"closed","sticky":false,"template":"","format":"standard","meta":{"_acf_changed":false,"_monsterinsights_skip_tracking":false,"_monsterinsights_sitenote_active":false,"_monsterinsights_sitenote_note":"","_monsterinsights_sitenote_category":0,"ngg_post_thumbnail":0,"footnotes":"","_wp_rev_ctl_limit":""},"categories":[13],"tags":[248,20,452],"acf":[],"_links":{"self":[{"href":"https:\/\/www.bibula.com\/index.php?rest_route=\/wp\/v2\/posts\/130642"}],"collection":[{"href":"https:\/\/www.bibula.com\/index.php?rest_route=\/wp\/v2\/posts"}],"about":[{"href":"https:\/\/www.bibula.com\/index.php?rest_route=\/wp\/v2\/types\/post"}],"author":[{"embeddable":true,"href":"https:\/\/www.bibula.com\/index.php?rest_route=\/wp\/v2\/users\/1"}],"replies":[{"embeddable":true,"href":"https:\/\/www.bibula.com\/index.php?rest_route=%2Fwp%2Fv2%2Fcomments&post=130642"}],"version-history":[{"count":10,"href":"https:\/\/www.bibula.com\/index.php?rest_route=\/wp\/v2\/posts\/130642\/revisions"}],"predecessor-version":[{"id":130667,"href":"https:\/\/www.bibula.com\/index.php?rest_route=\/wp\/v2\/posts\/130642\/revisions\/130667"}],"wp:attachment":[{"href":"https:\/\/www.bibula.com\/index.php?rest_route=%2Fwp%2Fv2%2Fmedia&parent=130642"}],"wp:term":[{"taxonomy":"category","embeddable":true,"href":"https:\/\/www.bibula.com\/index.php?rest_route=%2Fwp%2Fv2%2Fcategories&post=130642"},{"taxonomy":"post_tag","embeddable":true,"href":"https:\/\/www.bibula.com\/index.php?rest_route=%2Fwp%2Fv2%2Ftags&post=130642"}],"curies":[{"name":"wp","href":"https:\/\/api.w.org\/{rel}","templated":true}]}}