{"id":13048,"date":"2009-08-20T13:31:27","date_gmt":"2009-08-20T18:31:27","guid":{"rendered":"http:\/\/www.bibula.com\/?p=13048"},"modified":"2009-08-20T13:31:27","modified_gmt":"2009-08-20T18:31:27","slug":"ukrainscy-szowinisci-groza-ks-isakowiczowi","status":"publish","type":"post","link":"https:\/\/www.bibula.com\/?p=13048","title":{"rendered":"Ukrai\u0144scy szowini\u015bci gro\u017c\u0105 ks. Isakowiczowi"},"content":{"rendered":"<p><strong>\u201eOsika dla Judasza ju\u017c wyros\u0142a. I czeka\u201d &#8211; pisze o ks. Tadeuszu Isakowiczu-Zaleskim portal internetowy Organizacji Ukrai\u0144skich Nacjonalist\u00f3w. Banderowcy twierdz\u0105 te\u017c, \u017ce Ksi\u0105dz jest \u017bydem i agentem s\u0142u\u017cb specjalnych.<\/strong><br style=\"clear: left;\" \/><\/p>\r\n\r\n\r\n<div>Tekst autorstwa Serhija Rudenki pt. &#8222;<em>W swoich antyukrai\u0144skich prowokacjach moskiewska \u0141ubianka pos\u0142uguje si\u0119 polskimi debilami<\/em>&#8222;, opublikowany na portalu ukrnationalism.org.ua zako\u0144czono s\u0142owami: &#8222;<em>Ksi\u0119dzu T. Isakowiczowi-Zaleskiem bardzo podoba si\u0119, jak lizusi z bliskiego otoczenia nazywaj\u0105 go &#8222;polskim Savonarol\u0105&#8221; (w\u0142oski kaznodzieja z XV w.). Oni naprawd\u0119 s\u0105 troch\u0119 podobni, szczeg\u00f3lnie garbatymi nosami. Do pe\u0142nego podobie\u0144stwa brakuje niedu\u017co: Savonarol\u0119 powiesili, a Isakowicz p\u00f3ki co \u017cyje. Jednak osika dla Judasza ju\u017c wyros\u0142a. I czeka<\/em>&#8222;.\r\n\r\n\r\n<p>G\u0142\u00f3wna teza artyku\u0142u g\u0142osi, \u017ce za ostatnimi akcjami protestacyjnymi \u015brodowisk kresowych przeciwko nadaniu tytu\u0142u doktora honoris causa Katolickiego Uniwersytetu Lubelskiego Wiktorowi Juszczence oraz rajdowi &#8222;Europejskimi \u015bladami Stepana Bandery&#8221; stoj\u0105 si\u0142y powi\u0105zane z Rosj\u0105.<\/p>\r\n\r\n<p>Rudenko pisze: &#8222;<em>Prawda, trze\u017awo my\u015bl\u0105cy polscy politycy rozumiej\u0105, \u017ce poddawa\u0107 si\u0119 antyukrai\u0144skim prowokacjom &#8222;isakowicz\u00f3w&#8221; niebezpiecznie. W przypadku utraty przez Ukrain\u0119 niepodleg\u0142o\u015bci Polska zn\u00f3w znajdzie si\u0119 mi\u0119dzy m\u0142otem i kowad\u0142em &#8211; Rosj\u0105 i Niemcami. Podobne sytuacje zdarza\u0142y si\u0119 ju\u017c w przesz\u0142o\u015bci i mia\u0142y dla Polak\u00f3w jak najgorsze skutki<\/em>&#8222;.<\/p>\r\n\r\n<p>Dodaje jednak, \u017ce chodzi mu o &#8222;<em>Polak\u00f3w-patriot\u00f3w<\/em>&#8222;, nie za\u015b o &#8222;<em>obc\u0105 agentur\u0119, w tym polskich obywateli &#8222;ormia\u0144skiego&#8221; pochodzenia<\/em>&#8222;. Swoje zarzuty Rudenko precyzuje dalej, komentuj\u0105c, \u017ce fundacja prowadzona przez ks. Isakowicza-Zaleskiego to &#8222;<em>\u015bwietna &#8222;przykrywka&#8221;, dla otrzymywania \u015brodk\u00f3w od zagranicznych s\u0142u\u017cb specjalnych<\/em>&#8222;.<\/p>\r\n\r\n<p>W artykule opublikowanym na portalu Organizacji Ukrai\u0144skich Nacjonalist\u00f3w szczeg\u00f3\u0142owo omawia si\u0119 tak\u017ce pochodzenia ks. Isakowicza-Zaleskiego, sugeruj\u0105c, \u017ce jest on \u017bydem. Rudenko pisze: &#8222;(\u2026) <em>Azerowie nazywaj\u0105 wielu Ormian &#8222;kaukaskimi \u017bydami&#8221;, a historycy dowodz\u0105 \u017cydowskiego pochodzenia znacznej cz\u0119\u015bci \u015bwieckiej i duchownej arystokracji ormia\u0144skiej, w tym cesarskiej dynastii Bagratyd\u00f3w. Oczywi\u015bcie nie na darmo Isakowicza-Zaleskiego zauwa\u017cyli w Izraelu. Jak podaje \u017cydowski portal www.isramir.com, Tadeusz Isakowicz-Zaleski lubi chwali\u0107 si\u0119, \u017ce, jak gdyby, jego dalekim (mitycznym?) pradziadkiem by\u0142 Izaak Miko\u0142aj Isakowicz &#8211; ostatni ormia\u0144sko-katolicki arcybiskup Lwowa<\/em>&#8222;.<\/p>\r\n\r\n<p>Autor odnosi si\u0119 tak\u017ce do opublikowanego przez polsk\u0105 pras\u0119 listu Polaka ze Lwowa, kt\u00f3ry informowa\u0142, \u017ce w czasie wizyty we Lwowie ministr\u00f3w Grzegorza Schetyny, Rados\u0142awa Sikorskiego i Miros\u0142awa Drzewieckiego zostali oni poinformowani o rajdzie &#8222;Europejskimi \u015bladami Stepana Bandery&#8221;. Wed\u0142ug Rudenki, \u00f3w Polak ze Lwowa, to &#8222;<em>\u0142ajdak, kt\u00f3ry \u017cyje na ukrai\u0144skiej ziemi, je ukrai\u0144ski chleb, ale, jak w\u015bciek\u0142y pies, k\u0105sa r\u0119ce ukrai\u0144skiego gospodarza<\/em>&#8222;.<\/p>\r\n\r\n<p>Portal ukrnationalism.org.ua jest redagowany pod szyldem Organizacji Ukrai\u0144skich Nacjonalist\u00f3w (banderowskiej), kt\u00f3ra od pocz\u0105tku lat 90 XX wieku dzia\u0142a na Ukrainie. Partia nie zosta\u0142a jednak tam oficjalnie zarejestrowana, a jej legalnym reprezentantem na Ukrainie jest Centrum Odrodzenia Narodowego im. Stepana Bandery, dzia\u0142aj\u0105ce na podstawie ustawy &#8222;O dobroczynno\u015bci i organizacjach dobroczynnych&#8221;.<\/p>\r\n\r\n<p>Portal OUN (b) cz\u0119sto interesuje si\u0119 wydarzeniami w Polsce. Kilka dni temu przet\u0142umaczy\u0142 i <a href=\"http:\/\/www.ukrnationalism.org.ua\/news\/?n=3759\">przedrukowa\u0142<\/a> tekst Jana Rokity &#8222;<em>Dekret Schetyny i ukrai\u0144ska pami\u0119\u0107<\/em>&#8222;, opublikowany 11 sierpnia br. w &#8222;Dzienniku&#8221;.<\/p>\r\n\r\n\r\ntr\/Kresy.pl<\/div>","protected":false},"excerpt":{"rendered":"\u201eOsika dla Judasza ju\u017c wyros\u0142a. I czeka\u201d &#8211; pisze o ks. Tadeuszu Isakowiczu-Zaleskim portal internetowy Organizacji Ukrai\u0144skich Nacjonalist\u00f3w. Banderowcy twierdz\u0105 te\u017c, \u017ce Ksi\u0105dz jest \u017bydem i agentem s\u0142u\u017cb specjalnych. Tekst autorstwa Serhija Rudenki pt. &#8222;W swoich antyukrai\u0144skich prowokacjach moskiewska \u0141ubianka pos\u0142uguje si\u0119 polskimi debilami&#8222;, opublikowany na portalu ukrnationalism.org.ua zako\u0144czono s\u0142owami: &#8222;Ksi\u0119dzu T. Isakowiczowi-Zaleskiem bardzo podoba [&hellip;]","protected":false},"author":1,"featured_media":0,"comment_status":"closed","ping_status":"closed","sticky":false,"template":"","format":"standard","meta":{"_acf_changed":false,"_monsterinsights_skip_tracking":false,"_monsterinsights_sitenote_active":false,"_monsterinsights_sitenote_note":"","_monsterinsights_sitenote_category":0,"ngg_post_thumbnail":0,"footnotes":"","_wp_rev_ctl_limit":""},"categories":[6],"tags":[17],"acf":[],"_links":{"self":[{"href":"https:\/\/www.bibula.com\/index.php?rest_route=\/wp\/v2\/posts\/13048"}],"collection":[{"href":"https:\/\/www.bibula.com\/index.php?rest_route=\/wp\/v2\/posts"}],"about":[{"href":"https:\/\/www.bibula.com\/index.php?rest_route=\/wp\/v2\/types\/post"}],"author":[{"embeddable":true,"href":"https:\/\/www.bibula.com\/index.php?rest_route=\/wp\/v2\/users\/1"}],"replies":[{"embeddable":true,"href":"https:\/\/www.bibula.com\/index.php?rest_route=%2Fwp%2Fv2%2Fcomments&post=13048"}],"version-history":[{"count":0,"href":"https:\/\/www.bibula.com\/index.php?rest_route=\/wp\/v2\/posts\/13048\/revisions"}],"wp:attachment":[{"href":"https:\/\/www.bibula.com\/index.php?rest_route=%2Fwp%2Fv2%2Fmedia&parent=13048"}],"wp:term":[{"taxonomy":"category","embeddable":true,"href":"https:\/\/www.bibula.com\/index.php?rest_route=%2Fwp%2Fv2%2Fcategories&post=13048"},{"taxonomy":"post_tag","embeddable":true,"href":"https:\/\/www.bibula.com\/index.php?rest_route=%2Fwp%2Fv2%2Ftags&post=13048"}],"curies":[{"name":"wp","href":"https:\/\/api.w.org\/{rel}","templated":true}]}}