{"id":130475,"date":"2022-01-06T15:37:51","date_gmt":"2022-01-06T20:37:51","guid":{"rendered":"https:\/\/www.bibula.com\/?p=130475"},"modified":"2022-01-06T15:38:57","modified_gmt":"2022-01-06T20:38:57","slug":"burza-wsrod-politykow-pis-po-slowach-ambasadora-rp-nt-turowa","status":"publish","type":"post","link":"https:\/\/www.bibula.com\/?p=130475","title":{"rendered":"Burza w\u015br\u00f3d polityk\u00f3w PiS po s\u0142owach ambasadora RP nt. Turowa"},"content":{"rendered":"<p>Ambasador RP w Pradze wywo\u0142a\u0142 fal\u0119 komentarzy m\u00f3wi\u0105c Deutsche Welle, \u017ce za impas z Czechami w sprawie kopalni Tur\u00f3w odpowiada w g\u0142\u00f3wnej mierze strona polska. Pojawi\u0142y si\u0119 nawet oskar\u017cenia o zdrad\u0119 dyplomatyczn\u0105 i wezwania do dymisji.<\/p>\r\n<p>W opublikowanym w czwartek wywiadzie dla Deutsche Welle ambasador RP w Pradze Miros\u0142aw Jasi\u0144ski zosta\u0142 zapytany o to, czy sp\u00f3r z Czechami dotycz\u0105cy kopalni Tur\u00f3w da si\u0119 rozwi\u0105za\u0107 z nowym czeskim rz\u0105dem polubownie. Dyplomata odpowiedzia\u0142, \u017ce nie wyobra\u017ca sobie innej mo\u017cliwo\u015bci.<\/p>\r\n<p>\u201eTak naprawd\u0119 chyba jednak pozosta\u0142o bardzo niewiele szczeg\u00f3\u0142\u00f3w niedopracowanych technicznie. S\u0105dz\u0119, \u017ce uda si\u0119 to zako\u0144czy\u0107 podczas jednego spotkania na poziomie ministerstw \u015brodowiska. Licz\u0119 na to, \u017ce potem stosunkowo szybko spotkaj\u0105 si\u0119 premierzy\u201d \u2013 m\u00f3wi\u0142 Jasi\u0144ski.<\/p>\r\n<p>Ambasador wyrazi\u0142 opini\u0119, \u017ce do konfliktu z Czechami w sprawie Turowa nie dosz\u0142oby, gdyby kierownictwo kopalni \u201edobrze\u201d wykonywa\u0142o swoje obowi\u0105zki. Jego zdaniem by\u0142 to problem, kt\u00f3ry powinien by\u0142 by\u0107 rozwi\u0105zany na poziomie dyrektor\u00f3w technicznych kopalni odpowiedzialnych za naprawianie szk\u00f3d.<\/p>\r\n<p>\u201eTo by\u0142 brak empatii, brak zrozumienia i brak ch\u0119ci podj\u0119cia dialogu \u2013 i to w pierwszym rz\u0119dzie z polskiej strony. W ko\u0144cu podobne rzeczy zdarza\u0142y si\u0119 i w Be\u0142chatowie czy Koninie i nikt tam z tego nie robi\u0142 afery\u201d \u2013 czytamy w wywiadzie.<\/p>\r\n<p>Jasi\u0144ski powiedzia\u0142 tak\u017ce, \u017ce sprawa bariery zbudowanej przez kopalni\u0119, kt\u00f3ra ma zabezpiecza\u0107 Czech\u00f3w przed odp\u0142ywem w\u00f3d gruntowych, jest prezentowana \u201epropagandowo\u201d, poniewa\u017c jej celem jest ochrona kopalni przed zalaniem przez wody g\u0142\u0119bsze, co ma by\u0107 bez znaczenia dla poziomu wody w studniach.<\/p>\r\n<p>\u201eB\u0105d\u017amy wi\u0119c uczciwi i przyznajmy, \u017ce powodem sporu by\u0142a jednak arogancja pewnych ludzi\u201d \u2013 powiedzia\u0142 dyplomata. Dopytywany wskaza\u0142, \u017ce chodzi mu przede wszystkim o dyrekcj\u0119 kopalni.<\/p>\r\n<p>Jego zdaniem szkody po stronie czeskiej trzeba natychmiast naprawi\u0107. \u201eNie wierz\u0119 w to, \u017ceby wielkiej kopalni nie by\u0142o sta\u0107 na zrobienie wodoci\u0105gu dla kilkudziesi\u0119ciu gospodarstw\u201d \u2013 m\u00f3wi\u0142.<\/p>\r\n<p>Wypowied\u017a ambasadora Jasi\u0144skiego wywo\u0142a\u0142a burz\u0119 w\u015br\u00f3d polityk\u00f3w partii rz\u0105dz\u0105cej. \u201eOd osoby, kt\u00f3ra reprezentuje Polsk\u0119 za granic\u0105 nale\u017cy oczekiwa\u0107, \u017ce wypowiadaj\u0105c si\u0119, w tak kluczowych sprawach jak Tur\u00f3w, najpierw pozyska wiedz\u0119 i pozna fakty. Bezrefleksyjne powielanie obcej narracji szkodzi interesom Polski\u201d \u2013 napisa\u0142 na Twitterze wicepremier, minister aktyw\u00f3w pa\u0144stwowych Jacek Sasin.<\/p>\r\n<blockquote class=\"twitter-tweet\">\r\n<p dir=\"ltr\" lang=\"pl\">Od osoby, kt\u00f3ra reprezentuje Polsk\u0119 zagranic\u0105 nale\u017cy oczekiwa\u0107, \u017ce wypowiadaj\u0105c si\u0119, w tak kluczowych sprawach jak Tur\u00f3w, najpierw pozyska wiedz\u0119 i pozna fakty. Bezrefleksyjne powielanie obcej narracji szkodzi interesom Polski.<\/p>\r\n\r\n\u2014 Jacek Sasin (@SasinJacek) <a href=\"https:\/\/twitter.com\/SasinJacek\/status\/1479113250528628738?ref_src=twsrc%5Etfw\">January 6, 2022<\/a><\/blockquote>\r\n<p><script async=\"\" src=\"https:\/\/platform.twitter.com\/widgets.js\" charset=\"utf-8\"><\/script><\/p>\r\n<p>Europos\u0142anka PiS Anna Zalewska zarzuci\u0142a Jasi\u0144skiemu \u201ezdrad\u0119 dyplomatyczn\u0105\u201d i za\u017c\u0105da\u0142a jego natychmiastowej dymisji. W rozmowie z portalem wPolityce.pl wskaza\u0142a, \u017ce wywiad, kt\u00f3ry nazwa\u0142a \u201eantypolskim\u201d, ukaza\u0142 si\u0119 w niemieckim medium.<\/p>\r\n<blockquote class=\"twitter-tweet\">\r\n<p dir=\"ltr\" lang=\"pl\">To zdrada dyplomatyczna! Natychmiastowa dymisja! <a href=\"https:\/\/t.co\/ycSus7jI4P\">https:\/\/t.co\/ycSus7jI4P<\/a><\/p>\r\n\r\n\u2014 Anna Zalewska (@AnnaZalewskaMEP) <a href=\"https:\/\/twitter.com\/AnnaZalewskaMEP\/status\/1479088637761495049?ref_src=twsrc%5Etfw\">January 6, 2022<\/a><\/blockquote>\r\n<p><script async=\"\" src=\"https:\/\/platform.twitter.com\/widgets.js\" charset=\"utf-8\"><\/script><\/p>\r\n<p>\u201eAmbasador RP w Republice Czeskiej w Deutsche Welle jawnie dzia\u0142a na szkod\u0119 Rzeczypospolitej Polskiej\u201d \u2013 uwa\u017ca pose\u0142 klubu PiS Janusz Kowalski.<\/p>\r\n<blockquote class=\"twitter-tweet\">\r\n<p dir=\"ltr\" lang=\"pl\">??Ambasador RP w Republice Czeskiej w ??Deutsche Welle jawnie dzia\u0142a na szkod\u0119 Rzeczypospolitej Polskiej w sprawie <a href=\"https:\/\/twitter.com\/hashtag\/Tur%C3%B3w?src=hash&amp;ref_src=twsrc%5Etfw\">#Tur\u00f3w<\/a>. <br>\r\n<br>\r\nDymisja jeszcze dzi\u015b! <a href=\"https:\/\/twitter.com\/RauZbigniew?ref_src=twsrc%5Etfw\">@RauZbigniew<\/a> <a href=\"https:\/\/twitter.com\/MSZ_RP?ref_src=twsrc%5Etfw\">@MSZ_RP<\/a> <a href=\"https:\/\/t.co\/xOcCJh81NG\">pic.twitter.com\/xOcCJh81NG<\/a><\/p>\r\n\r\n\u2014 Janusz Kowalski ?? (@JKowalski_posel) <a href=\"https:\/\/twitter.com\/JKowalski_posel\/status\/1479096252197441545?ref_src=twsrc%5Etfw\">January 6, 2022<\/a><\/blockquote>\r\n<p><script async=\"\" src=\"https:\/\/platform.twitter.com\/widgets.js\" charset=\"utf-8\"><\/script><\/p>\r\n<p><a href=\"https:\/\/kresy.pl\/wydarzenia\/polskiej-delegacji-nie-udalo-sie-osiagnac-porozumienia-ws-turowa-strona-czeska-zaczela-zachowywac-sie-w-sposob-irracjonalny\/\">Konflikt mi\u0119dzy Polsk\u0105 i Czechami<\/a>&nbsp;dotyczy dzia\u0142alno\u015bci odkrywkowej kopalni w\u0119gla brunatnego \u201eTur\u00f3w\u201d znajduj\u0105cej si\u0119 w tak zwanym \u201eworku bogaty\u0144skim\u201d przy czeskiej granicy. Czesi oskar\u017caj\u0105 kopalni\u0119 o wywo\u0142ywanie szk\u00f3d ekologicznych, w tym obni\u017cenia poziomu w\u00f3d gruntowych po ich stronie granicy. Dwustronne rozmowy nie przynios\u0142y skutku i Praga wnios\u0142a skarg\u0119 do Trybuna\u0142u Sprawiedliwo\u015bci UE. Ten&nbsp;<a href=\"https:\/\/kresy.pl\/wydarzenia\/kopalnia-turow-tsue-polska-ma-placic-ke-500-tys-euro-kary-dziennie\/?utm_source=webpush&amp;utm_medium=push&amp;utm_campaign=763541&amp;fbclid=IwAR2D8sBKGP9HTYZrFLY01RZc3pKJ-lZtAYJ5qbRf6vJUjXv4KPtR9yPfOWA\">nakaza\u0142 Polsce we wrze\u015bniu<\/a> zamkn\u0105\u0107 kopalni\u0119 Tur\u00f3w oraz okre\u015bli\u0142 kar\u0119 pieni\u0119\u017cn\u0105 w wysoko\u015bci 0,5 mln euro dziennie w okresie, w kt\u00f3rym Polska nie zaprzestanie eksploatacji z\u0142o\u017ca. Rz\u0105d RP <a href=\"https:\/\/kresy.pl\/wydarzenia\/czy-polska-zaplaci-kary-za-turow-premier-unika-odpowiedzi\/\">o\u015bwiadczy\u0142, \u017ce nie zamknie kopalni<\/a> i kontynuowa\u0142 rozmowy z Czechami, kt\u00f3re jednak nie przynios\u0142y rozwi\u0105zania sporu.<\/p>\r\n<p>Kresy.pl \/ <a href=\"https:\/\/www.dw.com\/pl\/sp%C3%B3r-o-tur%C3%B3w-to-skutek-braku-empatii-i-arogancji\/a-60343816\" target=\"_blank\" rel=\"noopener\">dw.com<\/a> \/ <a href=\"https:\/\/wydarzenia.interia.pl\/kraj\/news-komentarze-po-slowach-polskiego-ambasadora-dymisja-jeszcze-d,nId,5753336\" target=\"_blank\" rel=\"noopener\">interia.pl<\/a><\/p>\r\n<p class=\"zrodlo\">Za: <a href=\"https:\/\/kresy.pl\/wydarzenia\/regiony\/europa-srodkowa\/burza-wsrod-politykow-pis-po-slowach-ambasadora-rp-nt-turowa\/\">Kresy.pl (6 stycznia 2022)<\/a><\/p>\r\n<h4>&nbsp;<\/h4>\r\n<hr style=\"background-color: #000000; border-width: 0; color: #000000; height: 2px; line-height: 0; text-align: center; width: 100%;\">\r\n<h4>&nbsp;<\/h4>\r\n<h1>Premier odwo\u0142uje polskiego ambasadora z Pragi. \u201eNie ma zgody na skrajnie nieodpowiedzialne wypowiedzi\u201d<\/h1>\r\n<p>&nbsp;<\/p>\r\n<p>Premier Mateusz Morawiecki zdecydowa\u0142 o rozpocz\u0119ciu procedury odwo\u0142ania ambasadora Polski w Republice Czeskiej; nie ma zgody na skrajnie nieodpowiedzialne wypowiedzi ws. kopalni w Turowie \u2013 przekaza\u0142 w czwartek rzecznik rz\u0105du Piotr M\u00fcller.<\/p>\r\n<p>\u201ePremier Morawiecki zdecydowa\u0142 o rozpocz\u0119ciu procedury odwo\u0142ania ambasadora Polski w Republice Czeskiej. Nie ma zgody na skrajnie nieodpowiedzialne wypowiedzi ws. kopalni w Turowie. Ka\u017cdy polski dyplomata ma obowi\u0105zek dba\u0107 o polskie interesy\u201d \u2013 napisa\u0142 rzecznik rz\u0105du na Twitterze. [&#8230;]<\/p>\r\n<p class=\"zrodlo\">Ca\u0142o\u015b\u0107: <a href=\"https:\/\/nczas.com\/2022\/01\/06\/premier-odwoluje-polskiego-ambasadora-z-pragi-nie-ma-zgody-na-skrajnie-nieodpowiedzialne-wypowiedzi\/\">Najwy\u017cszy Czas! (6 stycznia 2022)<\/a><\/p>\r\n<h4>&nbsp;<\/h4>\r\n<hr style=\"background-color: #000000; border-width: 0; color: #000000; height: 2px; line-height: 0; text-align: center; width: 100%;\">\r\n<h4>&nbsp;<\/h4>\r\n<blockquote>\r\n<p><strong>KOMENTARZ <em>BIBU\u0141Y<\/em><\/strong>: Wygl\u0105da na to, \u017ce Ambasador <strong>powiedzia\u0142 kilka s\u0142\u00f3w prawdy<\/strong>. Czy powinien, jako Ambasador? Trudno stwierdzi\u0107 nie znaj\u0105c kulis ca\u0142ej sprawy, ale przynajmniej wiemy z pewno\u015bci\u0105, \u017ce winna jest strona polska, czyli rz\u0105d &#8222;dobrej zmiany&#8221; (oraz poprzednie, r\u00f3wnie &#8222;dobre&#8221; rz\u0105dy.) S\u0105 \u015bwietni w marnej propagandzie, lecz nieudolni, niekompetentni, a w ci\u0105gu ostatnich lat po prostu szkodz\u0105 Polsce i Polakom.<\/p>\r\n<\/blockquote>\r\n<h4>&nbsp;<\/h4>\r\n<hr style=\"background-color: #000000; border-width: 0; color: #000000; height: 2px; line-height: 0; text-align: center; width: 100%;\">\r\n<h4>&nbsp;<\/h4>","protected":false},"excerpt":{"rendered":"Ambasador RP w Pradze wywo\u0142a\u0142 fal\u0119 komentarzy m\u00f3wi\u0105c Deutsche Welle, \u017ce za impas z Czechami w sprawie kopalni Tur\u00f3w odpowiada w g\u0142\u00f3wnej mierze strona polska. Pojawi\u0142y si\u0119 nawet oskar\u017cenia o zdrad\u0119 dyplomatyczn\u0105 i wezwania do dymisji. W opublikowanym w czwartek wywiadzie dla Deutsche Welle ambasador RP w Pradze Miros\u0142aw Jasi\u0144ski zosta\u0142 zapytany o to, czy [&hellip;]","protected":false},"author":1,"featured_media":0,"comment_status":"closed","ping_status":"closed","sticky":false,"template":"","format":"standard","meta":{"_acf_changed":false,"_monsterinsights_skip_tracking":false,"ngg_post_thumbnail":0,"footnotes":"","_wp_rev_ctl_limit":""},"categories":[13,8],"tags":[227,89,98],"acf":[],"_links":{"self":[{"href":"https:\/\/www.bibula.com\/index.php?rest_route=\/wp\/v2\/posts\/130475"}],"collection":[{"href":"https:\/\/www.bibula.com\/index.php?rest_route=\/wp\/v2\/posts"}],"about":[{"href":"https:\/\/www.bibula.com\/index.php?rest_route=\/wp\/v2\/types\/post"}],"author":[{"embeddable":true,"href":"https:\/\/www.bibula.com\/index.php?rest_route=\/wp\/v2\/users\/1"}],"replies":[{"embeddable":true,"href":"https:\/\/www.bibula.com\/index.php?rest_route=%2Fwp%2Fv2%2Fcomments&post=130475"}],"version-history":[{"count":4,"href":"https:\/\/www.bibula.com\/index.php?rest_route=\/wp\/v2\/posts\/130475\/revisions"}],"predecessor-version":[{"id":130488,"href":"https:\/\/www.bibula.com\/index.php?rest_route=\/wp\/v2\/posts\/130475\/revisions\/130488"}],"wp:attachment":[{"href":"https:\/\/www.bibula.com\/index.php?rest_route=%2Fwp%2Fv2%2Fmedia&parent=130475"}],"wp:term":[{"taxonomy":"category","embeddable":true,"href":"https:\/\/www.bibula.com\/index.php?rest_route=%2Fwp%2Fv2%2Fcategories&post=130475"},{"taxonomy":"post_tag","embeddable":true,"href":"https:\/\/www.bibula.com\/index.php?rest_route=%2Fwp%2Fv2%2Ftags&post=130475"}],"curies":[{"name":"wp","href":"https:\/\/api.w.org\/{rel}","templated":true}]}}